{"id":117935,"date":"2019-07-24T20:04:43","date_gmt":"2019-07-24T18:04:43","guid":{"rendered":"http:\/\/gazdasagportal.hu\/?p=117935"},"modified":"2019-07-24T20:04:43","modified_gmt":"2019-07-24T18:04:43","slug":"opten-mar-a-cegek-fele-sem-eli-meg-a-tiz-evet","status":"publish","type":"post","link":"https:\/\/gazdasagportal.hu\/index.php\/opten-mar-a-cegek-fele-sem-eli-meg-a-tiz-evet\/","title":{"rendered":"Opten: m\u00e1r a c\u00e9gek fele sem \u00e9li meg a t\u00edz \u00e9vet"},"content":{"rendered":"<p><strong>Tov\u00e1bb romlott a magyarorsz\u00e1gi c\u00e9gek t\u00fal\u00e9l\u00e9si r\u00e1t\u00e1ja, az \u00f6t \u00e9vet a c\u00e9gek 72 sz\u00e1zal\u00e9ka, a t\u00edz \u00e9vet pedig csak 48 sz\u00e1zal\u00e9ka \u00e9ri el &#8211; k\u00f6z\u00f6lte az Opten c\u00e9ginform\u00e1ci\u00f3s szolg\u00e1ltat\u00f3 szerd\u00e1n az MTI-vel. <\/strong><!--more--><\/p>\n<div class=\"ads-in-post1\"><div id=\"gazdasagportal.hu_fullbanner_wideboard\"><\/div>\r\n<\/div>\n<p>    Hi\u00e1ba a sok \u00faj c\u00e9g \u00e9s a nagy c\u00e9galap\u00edt\u00e1si kedv, \u00fagy t\u0171nik, a c\u00e9gek hossz\u00fa t\u00e1v\u00fa \u00e9letk\u00e9pess\u00e9ge tov\u00e1bbra is probl\u00e9m\u00e1s &#8211; fejti ki a k\u00f6zlem\u00e9nyben Pertics Rich\u00e1rd, az Opten c\u00e9ginform\u00e1ci\u00f3s igazgat\u00f3ja.<br \/>\n    Az Opten adatai szerint az elm\u00falt \u00e9vekben \u00e9vi 25-30 ezer c\u00e9g indult Magyarorsz\u00e1gon. A c\u00e9galap\u00edt\u00e1sok sz\u00e1ma jelent\u0151sen alacsonyabb, mint a 2000-es \u00e9vek elej\u00e9n volt, de az elm\u00falt egy-k\u00e9t \u00e9vben a cs\u00f6kken\u00e9s meg\u00e1llni l\u00e1tszott, egyes id\u0151szakokban m\u00e1r pozit\u00edvba is fordult. A c\u00e9gek \u00f6t- \u00e9s t\u00edz\u00e9ves t\u00fal\u00e9l\u00e9si k\u00e9pess\u00e9ge alapj\u00e1n azonban m\u00e9g nem lehet stabil c\u00e9gszerkezetr\u0151l besz\u00e9lni &#8211; mutatott r\u00e1 a szak\u00e9rt\u0151.<br \/>\n    A t\u00fal\u00e9l\u00e9si ar\u00e1ny cs\u00f6kken\u00e9s\u00e9hez nemcsak a term\u00e9szetes lemorzsol\u00f3d\u00e1s, hanem tervezett folyamatok is hozz\u00e1j\u00e1rulhatnak. A felv\u00e1s\u00e1rl\u00e1sok, \u00f6sszeolvad\u00e1sok szint\u00e9n egyes c\u00e9gek megsz\u0171n\u00e9s\u00e9hez vezethetnek, ugyanakkor a megsz\u00fcntet\u00e9shez vezet\u0151 elj\u00e1r\u00e1sokat vizsg\u00e1lva az der\u00fcl ki, hogy nem ez a d\u00f6nt\u0151 t\u00e9nyez\u0151. A megsz\u0171n\u0151 c\u00e9gek d\u00f6nt\u0151 t\u00f6bbs\u00e9ge vagy mag\u00e1ra hagyott v\u00e1llalkoz\u00e1s, vagy valamely hitelez\u0151 kezdem\u00e9nyezett felsz\u00e1mol\u00e1st ellene.<br \/>\n<div class=\"ads-in-post2\"><script async src=\"https:\/\/pagead2.googlesyndication.com\/pagead\/js\/adsbygoogle.js\"><\/script>\r\n<ins class=\"adsbygoogle\"\r\n     style=\"display:block\"\r\n     data-ad-format=\"fluid\"\r\n     data-ad-layout-key=\"-6t+ed+2i-1n-4w\"\r\n     data-ad-client=\"ca-pub-1959107119989764\"\r\n     data-ad-slot=\"4008251320\"><\/ins>\r\n<script>\r\n     (adsbygoogle = window.adsbygoogle || []).push({});\r\n<\/script><\/div>\n    A szak\u00e9rt\u0151 r\u00e1mutat ugyanakkor arra, hogy a friss v\u00e1llalkoz\u00e1sok egy sz\u0171k r\u00e9tege igen hamar komoly t\u00e9nyez\u0151v\u00e9 v\u00e1lik. A 2013-ban alap\u00edtott c\u00e9gek egy sz\u00e1zal\u00e9ka \u00f6t \u00e9v m\u0171k\u00f6d\u00e9s ut\u00e1n m\u00e1r egymilli\u00e1rd forint feletti \u00e9ves \u00e1rbev\u00e9tellel b\u00fcszk\u00e9lkedhet. R\u00e1ad\u00e1sul a tendencia azt mutatja, hogy e c\u00e9gek ar\u00e1nya n\u00f6veked\u0151ben van, teh\u00e1t a cs\u00f6kken\u0151 t\u00fal\u00e9l\u00e9si r\u00e1ta mellett egyre sz\u00e9lesebb k\u00f6r lesz viszonylag gyorsan sikeres v\u00e1llalkoz\u00e1s, azaz a friss c\u00e9gek v\u00e1rhat\u00f3 \u00e9let\u00fatja er\u0151sen differenci\u00e1l\u00f3dik.<br \/>\n    A v\u00e1llalkoz\u00e1sok viszonylag r\u00f6vid \u00e1tlagos \u00e9lettartam\u00e1nak k\u00f6sz\u00f6nhet\u0151en a hazai c\u00e9gek jelent\u0151s r\u00e9sze fiatalkor\u00fa, 46 sz\u00e1zal\u00e9kuk t\u00edz \u00e9vn\u00e9l fiatalabb. A v\u00e1llalkoz\u00e1sok 23 sz\u00e1zal\u00e9ka h\u00fasz \u00e9v feletti, nagym\u00falt\u00fa c\u00e9gnek sz\u00e1m\u00edt, 2018-ban ez az ar\u00e1ny m\u00e9g csak 20 sz\u00e1zal\u00e9k volt.(MTI)<\/p>\n","protected":false},"excerpt":{"rendered":"<p>Tov\u00e1bb romlott a magyarorsz\u00e1gi c\u00e9gek t\u00fal\u00e9l\u00e9si r\u00e1t\u00e1ja, az \u00f6t \u00e9vet a c\u00e9gek 72 sz\u00e1zal\u00e9ka, a t\u00edz \u00e9vet pedig csak 48 sz\u00e1zal\u00e9ka \u00e9ri el &#8211; k\u00f6z\u00f6lte az Opten c\u00e9ginform\u00e1ci\u00f3s szolg\u00e1ltat\u00f3 szerd\u00e1n az MTI-vel.<\/p>\n","protected":false},"author":1001003,"featured_media":0,"comment_status":"closed","ping_status":"open","sticky":false,"template":"","format":"standard","meta":[],"categories":[19],"tags":[],"_links":{"self":[{"href":"https:\/\/gazdasagportal.hu\/index.php\/wp-json\/wp\/v2\/posts\/117935"}],"collection":[{"href":"https:\/\/gazdasagportal.hu\/index.php\/wp-json\/wp\/v2\/posts"}],"about":[{"href":"https:\/\/gazdasagportal.hu\/index.php\/wp-json\/wp\/v2\/types\/post"}],"author":[{"embeddable":true,"href":"https:\/\/gazdasagportal.hu\/index.php\/wp-json\/wp\/v2\/users\/1001003"}],"replies":[{"embeddable":true,"href":"https:\/\/gazdasagportal.hu\/index.php\/wp-json\/wp\/v2\/comments?post=117935"}],"version-history":[{"count":1,"href":"https:\/\/gazdasagportal.hu\/index.php\/wp-json\/wp\/v2\/posts\/117935\/revisions"}],"predecessor-version":[{"id":117936,"href":"https:\/\/gazdasagportal.hu\/index.php\/wp-json\/wp\/v2\/posts\/117935\/revisions\/117936"}],"wp:attachment":[{"href":"https:\/\/gazdasagportal.hu\/index.php\/wp-json\/wp\/v2\/media?parent=117935"}],"wp:term":[{"taxonomy":"category","embeddable":true,"href":"https:\/\/gazdasagportal.hu\/index.php\/wp-json\/wp\/v2\/categories?post=117935"},{"taxonomy":"post_tag","embeddable":true,"href":"https:\/\/gazdasagportal.hu\/index.php\/wp-json\/wp\/v2\/tags?post=117935"}],"curies":[{"name":"wp","href":"https:\/\/api.w.org\/{rel}","templated":true}]}}