{"id":117933,"date":"2019-07-24T17:25:10","date_gmt":"2019-07-24T15:25:10","guid":{"rendered":"http:\/\/gazdasagportal.hu\/?p=117933"},"modified":"2019-07-24T15:05:57","modified_gmt":"2019-07-24T13:05:57","slug":"csokkent-a-szemelyautok-gyartasa-csehorszagban","status":"publish","type":"post","link":"https:\/\/gazdasagportal.hu\/index.php\/csokkent-a-szemelyautok-gyartasa-csehorszagban\/","title":{"rendered":"Cs\u00f6kkent a szem\u00e9lyaut\u00f3k gy\u00e1rt\u00e1sa Csehorsz\u00e1gban"},"content":{"rendered":"<p><strong>M\u00e1sf\u00e9l sz\u00e1zal\u00e9kkal 747 ezerre esett vissza az els\u0151 f\u00e9l \u00e9vben \u00e9ves \u00f6sszehasonl\u00edt\u00e1sban a szem\u00e9lyg\u00e9pkocsi-gy\u00e1rt\u00e1s Csehorsz\u00e1gban &#8211; k\u00f6z\u00f6lte szerd\u00e1n a cseh aut\u00f3ipari sz\u00f6vets\u00e9g.<\/strong><!--more--><\/p>\n<div class=\"ads-in-post1\"><div id=\"gazdasagportal.hu_fullbanner_wideboard\"><\/div>\r\n<\/div>\n<p>    A h\u00e1rom nagy csehorsz\u00e1gi aut\u00f3gy\u00e1r k\u00f6z\u00fcl a Skoda \u00e9s a Hyundai kevesebb aut\u00f3t gy\u00e1rtottak, m\u00edg a Peugeut, Citroen \u00e9s Toyota kiskocsikat gy\u00e1rt\u00f3 TPCA t\u00f6bbet.<br \/>\n    A Skoda Auto gy\u00e1r, amely a csehorsz\u00e1gi szem\u00e9lyg\u00e9pkocsi-gy\u00e1rt\u00e1s majdnem k\u00e9tharmad\u00e1t adja, az els\u0151 hat h\u00f3napban 470 ezer aut\u00f3t gy\u00e1rtott, 1,5 sz\u00e1zal\u00e9kkal kevesebbet, mint 2018 azonos id\u0151szak\u00e1ban. A d\u00e9l-koreai Hyundai 160 ezer aut\u00f3 gy\u00e1rtott, ami 6,3 sz\u00e1zal\u00e9kos visszaes\u00e9s. A Pr\u00e1g\u00e1t\u00f3l keletre l\u00e9v\u0151 Kol\u00ednban m\u0171k\u00f6d\u0151 francia-jap\u00e1n TPCA 117 ezer aut\u00f3ja viszont 5,9 sz\u00e1zal\u00e9kos n\u00f6veked\u00e9s.<br \/>\n<div class=\"ads-in-post2\"><script async src=\"https:\/\/pagead2.googlesyndication.com\/pagead\/js\/adsbygoogle.js\"><\/script>\r\n<ins class=\"adsbygoogle\"\r\n     style=\"display:block\"\r\n     data-ad-format=\"fluid\"\r\n     data-ad-layout-key=\"-6t+ed+2i-1n-4w\"\r\n     data-ad-client=\"ca-pub-1959107119989764\"\r\n     data-ad-slot=\"4008251320\"><\/ins>\r\n<script>\r\n     (adsbygoogle = window.adsbygoogle || []).push({});\r\n<\/script><\/div>\n    Az \u00e9v els\u0151 negyed\u00e9ben a termel\u00e9s cs\u00f6kken\u00e9se 3,8 sz\u00e1zal\u00e9kos volt, ami azt jelenti, hogy a m\u00e1sodik negyed\u00e9vben kiss\u00e9 meg\u00e9l\u00e9nk\u00fclt a termel\u00e9s &#8211; mutatott r\u00e1 az aut\u00f3ipari sz\u00f6vets\u00e9g k\u00f6zlem\u00e9nye.<br \/>\n    A Csehorsz\u00e1gban gy\u00e1rtott szem\u00e9lyg\u00e9pkocsik 93 sz\u00e1zal\u00e9ka k\u00fclf\u00f6ldi piacokon kel el, ez\u00e9rt a cseheket nagyon \u00e9rz\u00e9kenyen \u00e9rinti a kereslet \u00e1ltal\u00e1nos cs\u00f6kken\u00e9se az Eur\u00f3pai Uni\u00f3 tag\u00e1llamaiban &#8211; \u00e1ll a k\u00f6zlem\u00e9nyben. A csehorsz\u00e1gi elad\u00e1sok 7,9 sz\u00e1zal\u00e9kkal cs\u00f6kkentek.<br \/>\n    Az aut\u00f3buszgy\u00e1rt\u00e1s 6,6 sz\u00e1zal\u00e9kkal, a motorker\u00e9kp\u00e1rgy\u00e1rt\u00e1s pedig 20 sz\u00e1zal\u00e9kkal emelkedett az els\u0151 f\u00e9l \u00e9vben.(MTI)<\/p>\n","protected":false},"excerpt":{"rendered":"<p>M\u00e1sf\u00e9l sz\u00e1zal\u00e9kkal 747 ezerre esett vissza az els\u0151 f\u00e9l \u00e9vben \u00e9ves \u00f6sszehasonl\u00edt\u00e1sban a szem\u00e9lyg\u00e9pkocsi-gy\u00e1rt\u00e1s Csehorsz\u00e1gban &#8211; k\u00f6z\u00f6lte szerd\u00e1n a cseh aut\u00f3ipari sz\u00f6vets\u00e9g.<\/p>\n","protected":false},"author":1,"featured_media":0,"comment_status":"closed","ping_status":"open","sticky":false,"template":"","format":"standard","meta":[],"categories":[246],"tags":[],"_links":{"self":[{"href":"https:\/\/gazdasagportal.hu\/index.php\/wp-json\/wp\/v2\/posts\/117933"}],"collection":[{"href":"https:\/\/gazdasagportal.hu\/index.php\/wp-json\/wp\/v2\/posts"}],"about":[{"href":"https:\/\/gazdasagportal.hu\/index.php\/wp-json\/wp\/v2\/types\/post"}],"author":[{"embeddable":true,"href":"https:\/\/gazdasagportal.hu\/index.php\/wp-json\/wp\/v2\/users\/1"}],"replies":[{"embeddable":true,"href":"https:\/\/gazdasagportal.hu\/index.php\/wp-json\/wp\/v2\/comments?post=117933"}],"version-history":[{"count":1,"href":"https:\/\/gazdasagportal.hu\/index.php\/wp-json\/wp\/v2\/posts\/117933\/revisions"}],"predecessor-version":[{"id":117934,"href":"https:\/\/gazdasagportal.hu\/index.php\/wp-json\/wp\/v2\/posts\/117933\/revisions\/117934"}],"wp:attachment":[{"href":"https:\/\/gazdasagportal.hu\/index.php\/wp-json\/wp\/v2\/media?parent=117933"}],"wp:term":[{"taxonomy":"category","embeddable":true,"href":"https:\/\/gazdasagportal.hu\/index.php\/wp-json\/wp\/v2\/categories?post=117933"},{"taxonomy":"post_tag","embeddable":true,"href":"https:\/\/gazdasagportal.hu\/index.php\/wp-json\/wp\/v2\/tags?post=117933"}],"curies":[{"name":"wp","href":"https:\/\/api.w.org\/{rel}","templated":true}]}}