{"id":117931,"date":"2019-07-24T16:30:34","date_gmt":"2019-07-24T14:30:34","guid":{"rendered":"http:\/\/gazdasagportal.hu\/?p=117931"},"modified":"2019-07-24T15:04:12","modified_gmt":"2019-07-24T13:04:12","slug":"magyarorszagon-epiti-elso-kulfoldi-gyarat-a-bumchun-precision","status":"publish","type":"post","link":"https:\/\/gazdasagportal.hu\/index.php\/magyarorszagon-epiti-elso-kulfoldi-gyarat-a-bumchun-precision\/","title":{"rendered":"Magyarorsz\u00e1gon \u00e9p\u00edti els\u0151 k\u00fclf\u00f6ldi gy\u00e1r\u00e1t a Bumchun Precision"},"content":{"rendered":"<p><strong>Magyarorsz\u00e1gon \u00e9p\u00edti meg 13,3 milli\u00e1rd forintb\u00f3l az els\u0151 k\u00fclf\u00f6ldi gy\u00e1r\u00e1t a d\u00e9l-koreai Bumchun Precision &#8211; jelentette be a k\u00fclgazdas\u00e1gi \u00e9s k\u00fcl\u00fcgyminiszter szerd\u00e1n Budapesten, a beruh\u00e1z\u00e1st bejelent\u0151 sajt\u00f3t\u00e1j\u00e9koztat\u00f3n.<\/strong><!--more--><\/p>\n<div class=\"ads-in-post1\"><div id=\"gazdasagportal.hu_fullbanner_wideboard\"><\/div>\r\n<\/div>\n<p>    Szijj\u00e1rt\u00f3 P\u00e9ter k\u00f6z\u00f6lte, hogy a korm\u00e1ny 2,65 milli\u00e1rd forinttal t\u00e1mogatja a befektet\u00e9st, mivel az \u00faj \u00fczem els\u0151 k\u00f6r\u00f6s aut\u00f3ipari besz\u00e1ll\u00edt\u00f3k\u00e9nt 200 munkahelyet teremt. A Salg\u00f3tarj\u00e1nban fel\u00e9p\u00fcl\u0151 gy\u00e1r alum\u00ednium akkumul\u00e1torcsatlakoz\u00f3kat k\u00e9sz\u00edt elektromos j\u00e1rm\u0171vek sz\u00e1m\u00e1ra &#8211; tette hozz\u00e1.<br \/>\n    A t\u00e1rcavezet\u0151 szerint a beruh\u00e1z\u00e1s \u00e9rt\u00e9k\u00e9t emeli az is, hogy a k\u00f6vetkez\u0151 \u00e9vtizedek aut\u00f3ipari \u00e1talakul\u00e1s\u00e1t v\u00e1rhat\u00f3an az elektromos meghajt\u00e1sok fejleszt\u00e9se hat\u00e1rozza meg. A korm\u00e1ny ez\u00e9rt &#8211; mint mondta &#8211; e t\u00e9ren is meghat\u00e1roz\u00f3 termel\u00e9si helysz\u00ednn\u00e9 szeretn\u00e9 fejleszteni Magyarorsz\u00e1got, \u00e9s sz\u00f6vets\u00e9gesk\u00e9nt tekint D\u00e9l-Kore\u00e1ra, hiszen nagyr\u00e9szt az ottani v\u00e1llalatok beruh\u00e1z\u00e1sai jel\u00f6lik ki az \u00faj ipari korszak nyerteseit.<br \/>\n    A t\u00e1vol-keleti orsz\u00e1g a vil\u00e1g m\u00e1sodik legjelent\u0151sebb export\u0151re az e-mobilit\u00e1sban, annak minden ter\u00fclet\u00e9n koreai v\u00e1llalatok a piacvezet\u0151k, ez\u00e9rt Magyarorsz\u00e1g siker\u00e9t vet\u00edti el\u0151re a k\u00e9t orsz\u00e1g gazdas\u00e1gi kapcsolatainak ugr\u00e1sszer\u0171 fejl\u0151d\u00e9se &#8211; hangs\u00falyozta a miniszter.<br \/>\n<div class=\"ads-in-post2\"><script async src=\"https:\/\/pagead2.googlesyndication.com\/pagead\/js\/adsbygoogle.js\"><\/script>\r\n<ins class=\"adsbygoogle\"\r\n     style=\"display:block\"\r\n     data-ad-format=\"fluid\"\r\n     data-ad-layout-key=\"-6t+ed+2i-1n-4w\"\r\n     data-ad-client=\"ca-pub-1959107119989764\"\r\n     data-ad-slot=\"4008251320\"><\/ins>\r\n<script>\r\n     (adsbygoogle = window.adsbygoogle || []).push({});\r\n<\/script><\/div>\n    Szijj\u00e1rt\u00f3 P\u00e9ter \u00fcdv\u00f6z\u00f6lte, hogy diplom\u00e1ciai kapcsolatfelv\u00e9tel\u00fck 30. \u00e9vfordul\u00f3j\u00e1n, az idei els\u0151 4 h\u00f3napban 41 sz\u00e1zal\u00e9kkal b\u0151v\u00fclt a k\u00e9t orsz\u00e1g kereskedelmi forgalma, \u00e9s m\u00e1r 350 milli\u00e1rd forintnyi koreai befektet\u00e9s \u00e9rkezett az \u00e9v eleje \u00f3ta. Az \u00faj beruh\u00e1z\u00e1s\u00f6szt\u00f6nz\u00e9si rendszer t\u00f6rt\u00e9net\u00e9ben az idei az els\u0151 \u00e9v, amikor nem N\u00e9metorsz\u00e1gb\u00f3l, hanem D\u00e9l-Kore\u00e1b\u00f3l \u00e9rkezett a legt\u00f6bb befektet\u00e9s &#8211; emelte ki.     A miniszter arra sz\u00e1m\u00edt, hogy a beruh\u00e1z\u00e1si \u00fctem b\u0151v\u00fcl\u00e9s\u00e9nek k\u00f6sz\u00f6nhet\u0151en a magyar aut\u00f3ipar m\u00e1r j\u00f6v\u0151re \u00e1tl\u00e9pheti a 10 ezer milli\u00e1rd forint \u00e9ves termel\u00e9si \u00e9rt\u00e9ket.     Becs\u00f3 K\u00e1roly, Salg\u00f3tarj\u00e1n t\u00e9rs\u00e9g\u00e9nek orsz\u00e1ggy\u0171l\u00e9si k\u00e9pvisel\u0151je (Fidesz) \u00fcdv\u00f6z\u00f6lte, hogy a v\u00e1ros f\u00f6lker\u00fclt az orsz\u00e1g fejleszt\u00e9si t\u00e9rk\u00e9p\u00e9re, turisztikai \u00e9s infrastruktur\u00e1lis beruh\u00e1z\u00e1sok indultak, \u00e9s jelent\u0151s t\u00e1mogat\u00e1sokhoz jutottak a helyi v\u00e1llalatok. A n\u00f6veked\u00e9si lend\u00fclet erej\u00e9t jelzi a Bumchun Precision beruh\u00e1z\u00e1sa, amely \u00faj termel\u00e9si kult\u00far\u00e1t hoz Salg\u00f3tarj\u00e1nba. A k\u00e9pvisel\u0151 kisz\u00e1m\u00edthat\u00f3s\u00e1got \u00e9s egy\u00fcttm\u0171k\u00f6d\u00e9st \u00edg\u00e9rt a beruh\u00e1z\u00f3 k\u00e9pvisel\u0151inek.     A Bumchun Precision Co. Ltd. eln\u00f6ke a sajt\u00f3t\u00e1j\u00e9koztat\u00f3n kijelentette, hogy a v\u00e1llalat kult\u00far\u00e1ja a folyamatos fejleszt\u00e9sen alapul, \u00e9s Magyarorsz\u00e1gra is az\u00e9rt j\u00f6n, hogy cs\u00facstechnik\u00e1t jelent\u0151 alkatr\u00e9szeket gy\u00e1rtson. Ri Ki Jeon a helysz\u00edn megv\u00e1laszt\u00e1s\u00e1t azzal indokolta, hogy a helyi munkaer\u0151 j\u00f3l k\u00e9pzett, az ipari infrastrukt\u00fara fejlett, a f\u00f6ldrajzi adotts\u00e1gok pedig kedvez\u0151 logisztikai felt\u00e9teleket biztos\u00edtanak. A v\u00e1llalat vezet\u0151je az eur\u00f3pai aut\u00f3gy\u00e1rt\u00e1s Mekk\u00e1j\u00e1nak nevezte Magyarorsz\u00e1got, \u00e9s hozz\u00e1tette, hogy szeretn\u00e9nek hasznos \u00e9s sz\u00edvesen l\u00e1tott \u00fczemk\u00e9nt m\u0171k\u00f6dni a n\u00f3gr\u00e1di megyesz\u00e9khelyen.     A Bumchun Precision salg\u00f3tarj\u00e1ni k\u00f6zpont\u00fa le\u00e1nyv\u00e1llalat\u00e1t tavaly decemberben jegyezt\u00e9k be. Az 1982-ben l\u00e9trej\u00f6tt koreai anyav\u00e1llalat az elektronikai \u00e9s mobiltelefon-alkatr\u00e9szek gy\u00e1rt\u00e1sa \u00e9s fejleszt\u00e9se mellett n\u00e9h\u00e1ny \u00e9ve bekapcsol\u00f3dott az akkumul\u00e1torgy\u00e1rt\u00e1sba is elektromos j\u00e1rm\u0171vek sz\u00e1m\u00e1ra.(MTI)<\/p>\n","protected":false},"excerpt":{"rendered":"<p>Magyarorsz\u00e1gon \u00e9p\u00edti meg 13,3 milli\u00e1rd forintb\u00f3l az els\u0151 k\u00fclf\u00f6ldi gy\u00e1r\u00e1t a d\u00e9l-koreai Bumchun Precision &#8211; jelentette be a k\u00fclgazdas\u00e1gi \u00e9s k\u00fcl\u00fcgyminiszter szerd\u00e1n Budapesten, a beruh\u00e1z\u00e1st bejelent\u0151 sajt\u00f3t\u00e1j\u00e9koztat\u00f3n.<\/p>\n","protected":false},"author":1,"featured_media":0,"comment_status":"closed","ping_status":"open","sticky":false,"template":"","format":"standard","meta":[],"categories":[19],"tags":[],"_links":{"self":[{"href":"https:\/\/gazdasagportal.hu\/index.php\/wp-json\/wp\/v2\/posts\/117931"}],"collection":[{"href":"https:\/\/gazdasagportal.hu\/index.php\/wp-json\/wp\/v2\/posts"}],"about":[{"href":"https:\/\/gazdasagportal.hu\/index.php\/wp-json\/wp\/v2\/types\/post"}],"author":[{"embeddable":true,"href":"https:\/\/gazdasagportal.hu\/index.php\/wp-json\/wp\/v2\/users\/1"}],"replies":[{"embeddable":true,"href":"https:\/\/gazdasagportal.hu\/index.php\/wp-json\/wp\/v2\/comments?post=117931"}],"version-history":[{"count":1,"href":"https:\/\/gazdasagportal.hu\/index.php\/wp-json\/wp\/v2\/posts\/117931\/revisions"}],"predecessor-version":[{"id":117932,"href":"https:\/\/gazdasagportal.hu\/index.php\/wp-json\/wp\/v2\/posts\/117931\/revisions\/117932"}],"wp:attachment":[{"href":"https:\/\/gazdasagportal.hu\/index.php\/wp-json\/wp\/v2\/media?parent=117931"}],"wp:term":[{"taxonomy":"category","embeddable":true,"href":"https:\/\/gazdasagportal.hu\/index.php\/wp-json\/wp\/v2\/categories?post=117931"},{"taxonomy":"post_tag","embeddable":true,"href":"https:\/\/gazdasagportal.hu\/index.php\/wp-json\/wp\/v2\/tags?post=117931"}],"curies":[{"name":"wp","href":"https:\/\/api.w.org\/{rel}","templated":true}]}}