{"id":117929,"date":"2019-07-24T15:41:18","date_gmt":"2019-07-24T13:41:18","guid":{"rendered":"http:\/\/gazdasagportal.hu\/?p=117929"},"modified":"2019-07-24T15:02:18","modified_gmt":"2019-07-24T13:02:18","slug":"szoul-oroszorszag-arrol-tajekoztatta-del-koreat-hogy-gepe-nem-szandekosan-sertette-meg-a-legteret","status":"publish","type":"post","link":"https:\/\/gazdasagportal.hu\/index.php\/szoul-oroszorszag-arrol-tajekoztatta-del-koreat-hogy-gepe-nem-szandekosan-sertette-meg-a-legteret\/","title":{"rendered":"Sz\u00f6ul: Oroszorsz\u00e1g arr\u00f3l t\u00e1j\u00e9koztatta D\u00e9l-Kore\u00e1t, hogy g\u00e9pe nem sz\u00e1nd\u00e9kosan s\u00e9rtette meg a l\u00e9gter\u00e9t"},"content":{"rendered":"<p><strong>Oroszorsz\u00e1g arr\u00f3l t\u00e1j\u00e9koztatta D\u00e9l-Kore\u00e1t, hogy harci g\u00e9pei nem sz\u00e1nd\u00e9kosan s\u00e9rtett\u00e9k meg kedden D\u00e9l-Korea l\u00e9gter\u00e9t, hanem feltehet\u0151en m\u0171szaki hiba miatt t\u00e9vedtek oda &#8211; k\u00f6z\u00f6lte a sz\u00f6uli eln\u00f6ki hivatal szerd\u00e1n.<\/strong><!--more--><\/p>\n<div class=\"ads-in-post1\"><div id=\"gazdasagportal.hu_fullbanner_wideboard\"><\/div>\r\n<\/div>\n<p>    Oroszorsz\u00e1g &#8222;m\u00e9lys\u00e9ges sajn\u00e1lat\u00e1nak&#8221; adott hangot az incidens miatt, \u00e9s jelezte: a moszkvai v\u00e9delmi miniszt\u00e9rium azonnal vizsg\u00e1latot ind\u00edt az \u00fcgyben, \u00e9s megteszi a sz\u00fcks\u00e9ges l\u00e9p\u00e9seket &#8211; k\u00f6z\u00f6lte sajt\u00f3t\u00e1j\u00e9koztat\u00f3j\u00e1n Jun Do Han, az eln\u00f6ki hivatal sz\u00f3viv\u0151je.<br \/>\n        Hozz\u00e1tette, hogy Moszkva \u00fczenet\u00e9t egy orosz katonai attas\u00e9 adta \u00e1t egy magas rang\u00fa d\u00e9l-koreai v\u00e9delmi miniszt\u00e9riumi tiszts\u00e9gvisel\u0151nek el\u0151z\u0151 napon.<br \/>\n    Az Interfax orosz h\u00edr\u00fcgyn\u00f6ks\u00e9g szerint a sz\u00f6uli orosz nagyk\u00f6vets\u00e9g c\u00e1folta, hogy sajn\u00e1lkoz\u00e1s\u00e1t fejezte ki az \u00e1ll\u00edt\u00f3lagos l\u00e9gt\u00e9rs\u00e9rt\u00e9s miatt.<br \/>\n    &#8222;L\u00e1ttuk a azokat a nyilatkozatokat a d\u00e9l-koreai sajt\u00f3ban, amelyek \u00e1ll\u00edt\u00f3lag az \u00fcgyvezet\u0151 katonai attas\u00e9nkat id\u00e9zik&#8221; &#8211; mondta a k\u00e9pviselet sz\u00f3viv\u0151je az Interfaxnak.<br \/>\n    &#8222;Felfigyelt\u00fcnk ezekre a nyilatkozatokra. Ezekkel kapcsolatban a magunk nev\u00e9ben azt tudjuk mondani, hogy sok minden nem felel meg a val\u00f3s\u00e1gnak benn\u00fck&#8221; &#8211; tette hozz\u00e1.<br \/>\n        Kedden k\u00e9t orosz \u00e9s k\u00e9t k\u00ednai had\u00e1szati bomb\u00e1z\u00f3 els\u0151 \u00edzben k\u00f6z\u00f6sen j\u00e1r\u0151r\u00f6z\u00f6tt az \u00e1zsiai \u00e9s csendes-\u00f3ce\u00e1ni t\u00e9rs\u00e9gben, mindk\u00e9t f\u00e9l r\u00e9sz\u00e9r\u0151l egy-egy l\u00e9gt\u00e9rellen\u0151rz\u0151 rep\u00fcl\u0151 k\u00eds\u00e9ret\u00e9ben. Sz\u00f6ul szerint az egyik orosz g\u00e9p k\u00e9tszer is megs\u00e9rtette D\u00e9l-Korea l\u00e9gter\u00e9t. D\u00e9l-koreai vad\u00e1szg\u00e9pek figyelmeztet\u0151 l\u00f6v\u00e9seket adtak le r\u00e1, \u00e9s a r\u00e1di\u00f3n is figyelmeztett\u00e9k az orosz g\u00e9pet, amely ezut\u00e1n elhagyta a d\u00e9l-koreai l\u00e9gteret. Moszkva eddig hat\u00e1rozottan tagadta, hogy az orosz g\u00e9p l\u00e9gt\u00e9rs\u00e9rt\u00e9st k\u00f6vetett el.<br \/>\n<div class=\"ads-in-post2\"><script async src=\"https:\/\/pagead2.googlesyndication.com\/pagead\/js\/adsbygoogle.js\"><\/script>\r\n<ins class=\"adsbygoogle\"\r\n     style=\"display:block\"\r\n     data-ad-format=\"fluid\"\r\n     data-ad-layout-key=\"-6t+ed+2i-1n-4w\"\r\n     data-ad-client=\"ca-pub-1959107119989764\"\r\n     data-ad-slot=\"4008251320\"><\/ins>\r\n<script>\r\n     (adsbygoogle = window.adsbygoogle || []).push({});\r\n<\/script><\/div>\n        &#8222;Moszkva azt \u00e1ll\u00edtotta, hogy az incidens nem t\u00f6rt\u00e9nt volna meg, ha a rep\u00fcl\u0151g\u00e9p az eredeti terveknek megfelel\u0151 \u00fatvonalon haladt volna&#8221; &#8211; mondta szerd\u00e1n Jun Do Han.<br \/>\n        A sz\u00f3viv\u0151 szerint Oroszorsz\u00e1g arra k\u00e9rte D\u00e9l-Kore\u00e1t, hogy seg\u00edtse a nyomoz\u00e1st a l\u00e9gt\u00e9r megs\u00e9rt\u00e9s\u00e9vel kapcsolatos inform\u00e1ci\u00f3k \u00e1tad\u00e1s\u00e1val. Moszkva egy\u00fattal kezdem\u00e9nyezte, hogy dolgozzanak ki egy rendk\u00edv\u00fcli esetekre sz\u00f3l\u00f3 egy\u00fcttm\u0171k\u00f6d\u00e9si rendszert a k\u00e9t orsz\u00e1g l\u00e9giereje k\u00f6z\u00f6tt a hasonl\u00f3 incidensek elker\u00fcl\u00e9se \u00e9rdek\u00e9ben. Az eln\u00f6ki hivatal illet\u00e9kese hozz\u00e1tette: Moszkva kifejezte rem\u00e9ny\u00e9t, hogy az eset nem lesz kedvez\u0151tlen hat\u00e1ssal az orosz-d\u00e9l-koreai kapcsolatokra.<br \/>\n        A sz\u00f6uli eln\u00f6ki hivatal egy\u00fattal elutas\u00edtotta azt, hogy Jap\u00e1n mag\u00e1nak k\u00f6veteli a Dokdo-szigeteket, \u00e9s Takesim\u00e1nak h\u00edvja a ter\u00fcletet, ahol a l\u00e9gi incidens t\u00f6rt\u00e9nt. Toki\u00f3 szerint az orosz g\u00e9p nem a d\u00e9l-koreai, hanem a jap\u00e1n l\u00e9gteret s\u00e9rtette meg. Jap\u00e1n is vad\u00e1szg\u00e9peket k\u00fcld\u00f6tt a t\u00e9rs\u00e9gbe, a toki\u00f3i korm\u00e1ny pedig D\u00e9l-Kore\u00e1n\u00e1l is tiltakozott a l\u00e9gi incidens miatt, \u00e9s elfogadhatatlannak nevezte, hogy a d\u00e9l-koreai l\u00e9gier\u0151 figyelmeztet\u0151 l\u00f6v\u00e9seket adott le a sziget k\u00f6zel\u00e9ben.(MTI)<\/p>\n","protected":false},"excerpt":{"rendered":"<p>Oroszorsz\u00e1g arr\u00f3l t\u00e1j\u00e9koztatta D\u00e9l-Kore\u00e1t, hogy harci g\u00e9pei nem sz\u00e1nd\u00e9kosan s\u00e9rtett\u00e9k meg kedden D\u00e9l-Korea l\u00e9gter\u00e9t, hanem feltehet\u0151en m\u0171szaki hiba miatt t\u00e9vedtek oda &#8211; k\u00f6z\u00f6lte a sz\u00f6uli eln\u00f6ki hivatal szerd\u00e1n.<\/p>\n","protected":false},"author":1,"featured_media":0,"comment_status":"closed","ping_status":"open","sticky":false,"template":"","format":"standard","meta":[],"categories":[14],"tags":[],"_links":{"self":[{"href":"https:\/\/gazdasagportal.hu\/index.php\/wp-json\/wp\/v2\/posts\/117929"}],"collection":[{"href":"https:\/\/gazdasagportal.hu\/index.php\/wp-json\/wp\/v2\/posts"}],"about":[{"href":"https:\/\/gazdasagportal.hu\/index.php\/wp-json\/wp\/v2\/types\/post"}],"author":[{"embeddable":true,"href":"https:\/\/gazdasagportal.hu\/index.php\/wp-json\/wp\/v2\/users\/1"}],"replies":[{"embeddable":true,"href":"https:\/\/gazdasagportal.hu\/index.php\/wp-json\/wp\/v2\/comments?post=117929"}],"version-history":[{"count":1,"href":"https:\/\/gazdasagportal.hu\/index.php\/wp-json\/wp\/v2\/posts\/117929\/revisions"}],"predecessor-version":[{"id":117930,"href":"https:\/\/gazdasagportal.hu\/index.php\/wp-json\/wp\/v2\/posts\/117929\/revisions\/117930"}],"wp:attachment":[{"href":"https:\/\/gazdasagportal.hu\/index.php\/wp-json\/wp\/v2\/media?parent=117929"}],"wp:term":[{"taxonomy":"category","embeddable":true,"href":"https:\/\/gazdasagportal.hu\/index.php\/wp-json\/wp\/v2\/categories?post=117929"},{"taxonomy":"post_tag","embeddable":true,"href":"https:\/\/gazdasagportal.hu\/index.php\/wp-json\/wp\/v2\/tags?post=117929"}],"curies":[{"name":"wp","href":"https:\/\/api.w.org\/{rel}","templated":true}]}}