{"id":117925,"date":"2019-07-24T14:14:13","date_gmt":"2019-07-24T12:14:13","guid":{"rendered":"http:\/\/gazdasagportal.hu\/?p=117925"},"modified":"2019-07-24T14:14:13","modified_gmt":"2019-07-24T12:14:13","slug":"hoseg-eloszor-adtak-ki-a-legmagasabb-fokozatu-riasztast-belgiumban","status":"publish","type":"post","link":"https:\/\/gazdasagportal.hu\/index.php\/hoseg-eloszor-adtak-ki-a-legmagasabb-fokozatu-riasztast-belgiumban\/","title":{"rendered":"H\u0151s\u00e9g &#8211; El\u0151sz\u00f6r adt\u00e1k ki a legmagasabb fokozat\u00fa riaszt\u00e1st Belgiumban"},"content":{"rendered":"<p><strong>T\u00f6rt\u00e9nete sor\u00e1n el\u0151sz\u00f6r adta ki a legmagasabb fokozat\u00fa, v\u00f6r\u00f6s riaszt\u00e1st a belga meteorol\u00f3giai szolg\u00e1lat (IRM) szerd\u00e1n az orsz\u00e1got s\u00fajt\u00f3 h\u0151hull\u00e1m miatt.<\/strong><!--more--><\/p>\n<div class=\"ads-in-post1\"><div id=\"gazdasagportal.hu_fullbanner_wideboard\"><\/div>\r\n<\/div>\n<p>    Belgium egyes r\u00e9szein szerd\u00e1n \u00e9s cs\u00fct\u00f6rt\u00f6k\u00f6n 38-40 Celsius-fokos h\u0151m\u00e9rs\u00e9klet is v\u00e1rhat\u00f3.<br \/>\n    A rendszer h\u00fasz \u00e9vvel ezel\u0151tti bevezet\u00e9se \u00f3ta most el\u0151sz\u00f6r v\u00e1ltott\u00e1k narancsr\u00f3l v\u00f6r\u00f6sre a k\u00e9sz\u00fclts\u00e9get.<br \/>\n    Az IRM sok folyad\u00e9k fogyaszt\u00e1s\u00e1ra, a k\u00f6zvetlen naps\u00fct\u00e9s ker\u00fcl\u00e9s\u00e9re, illetve a szabadban v\u00e9gzett tev\u00e9kenys\u00e9gek korl\u00e1toz\u00e1s\u00e1ra sz\u00f3l\u00edtotta fel a helyi lakoss\u00e1got, a munk\u00e1ltat\u00f3kat pedig speci\u00e1lis szab\u00e1lyok \u00e9letbe l\u00e9ptet\u00e9s\u00e9re.<br \/>\n    Az illet\u00e9kes miniszt\u00e9rium ek\u00f6zben rendk\u00edv\u00fcl int\u00e9zked\u00e9sk\u00e9nt 120 ezer eur\u00f3val emelte a tengerparti v\u00edziment\u0151 szolg\u00e1lat k\u00f6lts\u00e9gvet\u00e9s\u00e9t.(MTI)<br \/>\n<div class=\"ads-in-post2\"><script async src=\"https:\/\/pagead2.googlesyndication.com\/pagead\/js\/adsbygoogle.js\"><\/script>\r\n<ins class=\"adsbygoogle\"\r\n     style=\"display:block\"\r\n     data-ad-format=\"fluid\"\r\n     data-ad-layout-key=\"-6t+ed+2i-1n-4w\"\r\n     data-ad-client=\"ca-pub-1959107119989764\"\r\n     data-ad-slot=\"4008251320\"><\/ins>\r\n<script>\r\n     (adsbygoogle = window.adsbygoogle || []).push({});\r\n<\/script><\/div>\n","protected":false},"excerpt":{"rendered":"<p>T\u00f6rt\u00e9nete sor\u00e1n el\u0151sz\u00f6r adta ki a legmagasabb fokozat\u00fa, v\u00f6r\u00f6s riaszt\u00e1st a belga meteorol\u00f3giai szolg\u00e1lat (IRM) szerd\u00e1n az orsz\u00e1got s\u00fajt\u00f3 h\u0151hull\u00e1m miatt.<\/p>\n","protected":false},"author":1,"featured_media":0,"comment_status":"closed","ping_status":"open","sticky":false,"template":"","format":"standard","meta":[],"categories":[12],"tags":[],"_links":{"self":[{"href":"https:\/\/gazdasagportal.hu\/index.php\/wp-json\/wp\/v2\/posts\/117925"}],"collection":[{"href":"https:\/\/gazdasagportal.hu\/index.php\/wp-json\/wp\/v2\/posts"}],"about":[{"href":"https:\/\/gazdasagportal.hu\/index.php\/wp-json\/wp\/v2\/types\/post"}],"author":[{"embeddable":true,"href":"https:\/\/gazdasagportal.hu\/index.php\/wp-json\/wp\/v2\/users\/1"}],"replies":[{"embeddable":true,"href":"https:\/\/gazdasagportal.hu\/index.php\/wp-json\/wp\/v2\/comments?post=117925"}],"version-history":[{"count":1,"href":"https:\/\/gazdasagportal.hu\/index.php\/wp-json\/wp\/v2\/posts\/117925\/revisions"}],"predecessor-version":[{"id":117926,"href":"https:\/\/gazdasagportal.hu\/index.php\/wp-json\/wp\/v2\/posts\/117925\/revisions\/117926"}],"wp:attachment":[{"href":"https:\/\/gazdasagportal.hu\/index.php\/wp-json\/wp\/v2\/media?parent=117925"}],"wp:term":[{"taxonomy":"category","embeddable":true,"href":"https:\/\/gazdasagportal.hu\/index.php\/wp-json\/wp\/v2\/categories?post=117925"},{"taxonomy":"post_tag","embeddable":true,"href":"https:\/\/gazdasagportal.hu\/index.php\/wp-json\/wp\/v2\/tags?post=117925"}],"curies":[{"name":"wp","href":"https:\/\/api.w.org\/{rel}","templated":true}]}}