{"id":11791,"date":"2013-07-18T08:28:37","date_gmt":"2013-07-18T06:28:37","guid":{"rendered":"http:\/\/stockportal.hu\/?p=11791"},"modified":"2013-07-18T08:28:37","modified_gmt":"2013-07-18T06:28:37","slug":"londoni-elemzok-javul-a-magyar-novekedesre-adott-konszenzusos-elorejelzes","status":"publish","type":"post","link":"https:\/\/gazdasagportal.hu\/index.php\/londoni-elemzok-javul-a-magyar-novekedesre-adott-konszenzusos-elorejelzes\/","title":{"rendered":"Londoni elemz\u0151k: javul a magyar n\u00f6veked\u00e9sre adott konszenzusos el\u0151rejelz\u00e9s"},"content":{"rendered":"<p><strong>Javul a magyar gazdas\u00e1g n\u00f6veked\u00e9sre adott elemz\u0151i konszenzusos el\u0151rejelz\u00e9s, ugyanakkor k\u00e9rd\u00e9ses, hogy az idei els\u0151 negyed\u00e9vi lend\u00fclet tarthat\u00f3-e &#8211; k\u00f6z\u00f6lt\u00e9k szerdai helyzet\u00e9rt\u00e9kel\u00e9s\u00fckben londoni p\u00e9nz\u00fcgyi elemz\u0151k.<!--more--><\/strong>\u00a0A JP Morgan glob\u00e1lis p\u00e9nz\u00fcgyi szolg\u00e1ltat\u00f3 csoport londoni befektet\u00e9si r\u00e9szleg\u00e9nek felz\u00e1rk\u00f3z\u00f3 piacokra szakosodott k\u00f6zgazd\u00e1szai a minap t\u00e1j\u00e9koz\u00f3d\u00f3 l\u00e1togat\u00e1st tettek Budapesten, ahol az MNB elemz\u0151st\u00e1bj\u00e1val, a nemzetgazdas\u00e1gi miniszt\u00e9rium illet\u00e9keseivel, az \u00c1llamad\u00f3ss\u00e1g Kezel\u0151 K\u00f6zpont (\u00c1KK) szak\u00e9rt\u0151ivel, az Eur\u00f3pai Bizotts\u00e1g \u00e9s az IMF helyi k\u00e9pvisel\u0151ivel, egy politikai elemz\u0151vel \u00e9s helyi k\u00f6zgazd\u00e1szokkal t\u00e1rgyaltak.<br \/>\nA l\u00e1togat\u00e1suk tapasztalatair\u00f3l \u00f6ssze\u00e1ll\u00edtott, szerda este Londonban ismertetett besz\u00e1mol\u00f3jukban k\u00f6z\u00f6lt\u00e9k: a magyar gazdas\u00e1g idei teljes\u00edtm\u00e9ny\u00e9re adott konszenzusos el\u0151rejelz\u00e9si \u00e1tlag jelenleg 0,3 sz\u00e1zal\u00e9kos eg\u00e9sz \u00e9vi n\u00f6veked\u00e9st val\u00f3sz\u00edn\u0171s\u00edt. A m\u00e1rciusi konszenzusos \u00e1tlag m\u00e9g 0,1 sz\u00e1zal\u00e9kos visszaes\u00e9st prognosztiz\u00e1lt. A konszenzus javul\u00e1s\u00e1nak el\u0151zm\u00e9nye a h\u00e1z szerint a v\u00e1rtn\u00e1l gyorsabb idei els\u0151 negyed\u00e9vi n\u00f6veked\u00e9s.<br \/>\nA JP Morgan szak\u00e9rt\u0151i szerdai besz\u00e1mol\u00f3jukban meger\u0151s\u00edtett\u00e9k, hogy a maguk r\u00e9sz\u00e9r\u0151l 0,5 sz\u00e1zal\u00e9kos idei GDP-n\u00f6veked\u00e9st v\u00e1rnak a magyar gazdas\u00e1gban.<br \/>\nA h\u00e1z londoni elemz\u0151i szerint ugyanakkor az \u00e1ltaluk k\u00e9rdezett elemz\u0151k k\u00e9tlik, hogy az idei els\u0151 negyed\u00e9vi er\u0151s n\u00f6veked\u00e9si lend\u00fclet tarthat\u00f3 lesz, r\u00e9szben az\u00e9rt, mert az \u00e9v eleji teljes\u00edtm\u00e9nyb\u0151v\u00fcl\u00e9s f\u0151 t\u00e9nyez\u0151je a rakt\u00e1rk\u00e9szlet-dinamika volt, ugyanakkor a hazai kiskereskedelmi \u00e9rt\u00e9kes\u00edt\u00e9s tov\u00e1bbra is gyenge.<br \/>\nA j\u00f6v\u0151 \u00e9vi magyar gazdas\u00e1gi n\u00f6veked\u00e9s konszenzusos el\u0151rejelz\u00e9si \u00e1tlaga v\u00e1ltozatlanul 1,4 sz\u00e1zal\u00e9k &#8211; k\u00f6z\u00f6lt\u00e9k besz\u00e1mol\u00f3jukban a JP Morgan londoni elemz\u0151i.<br \/>\nA City elemz\u0151i k\u00f6z\u00f6ss\u00e9g\u00e9ben van enn\u00e9l j\u00f3val bor\u00fal\u00e1t\u00f3bb el\u0151rejelz\u00e9s is.<br \/>\nAz egyik legnagyobb londoni p\u00e9nz\u00fcgyi-gazdas\u00e1gi elemz\u0151h\u00e1z, a Capital Economics az eur\u00f3pai felz\u00e1rk\u00f3z\u00f3 t\u00e9rs\u00e9g n\u00f6veked\u00e9si kil\u00e1t\u00e1sair\u00f3l minap \u00f6ssze\u00e1ll\u00edtott \u00e1tfog\u00f3 helyzet\u00e9rt\u00e9kel\u00e9s\u00e9ben Magyarorsz\u00e1gon, Csehorsz\u00e1gban, Horv\u00e1torsz\u00e1gban \u00e9s Ukrajn\u00e1ban az idei \u00e9v eg\u00e9sz\u00e9re recesszi\u00f3t j\u00f3solt. A magyar gazdas\u00e1g eset\u00e9ben 0,5 sz\u00e1zal\u00e9kos idei GDP-visszaes\u00e9s szerepel az el\u0151rejelz\u00e9sben, j\u00f6v\u0151re ugyanakkor a Capital Economics 1,0, 2015-ben pedig 2,0 sz\u00e1zal\u00e9kos magyar n\u00f6veked\u00e9st val\u00f3sz\u00edn\u0171s\u00edt.<br \/>\nAz idei magyar recesszi\u00f3s el\u0151rejelz\u00e9ssel a c\u00e9g m\u00e9lyen a londoni konszenzus alatt j\u00e1r.<br \/>\nA JP Morgan londoni elemz\u0151i a magyarorsz\u00e1gi t\u00e1rgyal\u00e1saikr\u00f3l sz\u00f3l\u00f3 szerdai besz\u00e1mol\u00f3jukban k\u00f6z\u00f6lt\u00e9k: az MNB v\u00e1rakoz\u00e1sa szerint az \u00e1ltala elind\u00edtott n\u00f6veked\u00e9s\u00f6szt\u00f6nz\u0151 c\u00e9l\u00fa hitelfinansz\u00edroz\u00e1si program 0,2-0,5 sz\u00e1zal\u00e9kpontot adhat hozz\u00e1 a GDP-n\u00f6veked\u00e9s \u00fctem\u00e9hez, els\u0151sorban 2014-ben.<br \/>\nA c\u00e9g elemz\u0151i k\u00f6z\u00f6lt\u00e9k azt is: v\u00e1ltozatlanul megfelel\u0151nek l\u00e1tj\u00e1k alapeseti el\u0151rejelz\u00e9s\u00fcket, amely szerint az MNB m\u00e9g tov\u00e1bbi 1,00 sz\u00e1zal\u00e9kpontos kamatcs\u00f6kkent\u00e9st hajt v\u00e9gre.<br \/>\nA magyar jegybanknak nincs kijel\u00f6lt optim\u00e1lis re\u00e1lkamat-c\u00e9lja, de att\u00f3l \u00f3vakodik, hogy a nomin\u00e1lis kamatszint \u00e9s a v\u00e1rt infl\u00e1ci\u00f3s \u00fctem k\u00fcl\u00f6nbs\u00e9gek\u00e9nt kisz\u00e1molt &#8211; ex ante &#8211; re\u00e1lkamatot negat\u00edv tartom\u00e1nyba vigye &#8211; \u00edrt\u00e1k budapesti megbesz\u00e9l\u00e9seikr\u0151l a JP Morgan londoni k\u00f6zgazd\u00e1szai.<br \/>\nA h\u00e1z szak\u00e9rt\u0151i szerint a 2014-re sz\u00f3l\u00f3, 3,2 sz\u00e1zal\u00e9kos \u00e1tlagos infl\u00e1ci\u00f3val sz\u00e1mol\u00f3 el\u0151rejelz\u00e9s\u00fck alapj\u00e1n ebb\u0151l 3,25-3,50 sz\u00e1zal\u00e9kos magyar jegybanki alapkamat-m\u00e9lypontra lehet k\u00f6vetkeztetni.<br \/>\nA JP Morgan londoni elemz\u0151i szerint \u00fagy t\u0171nik, hogy az MNB Monet\u00e1ris Tan\u00e1cs\u00e1nak tagjait nem aggasztja a hossz\u00fa lej\u00e1rat\u00fa magyar \u00e1llampap\u00edrok eset\u00e9ben tapasztalhat\u00f3 hozamemelked\u00e9s, felt\u00e9ve, hogy az infl\u00e1ci\u00f3s v\u00e1rakoz\u00e1sok r\u00f6gz\u00edtettek maradnak, \u00e9s a forint is meg\u0151rzi viszonylagos stabilit\u00e1s\u00e1t.<br \/>\nA JP Morgan londoni szak\u00e9rt\u0151i t\u00e1j\u00e9koz\u00f3d\u00f3 megbesz\u00e9l\u00e9st tartottak egy magyar politikai elemz\u0151vel is, aki 55 sz\u00e1zal\u00e9kos es\u00e9lyt adott arra, hogy a j\u00f6v\u0151 \u00e9vi parlamenti v\u00e1laszt\u00e1sokat a Fidesz nyeri.<br \/>\nA c\u00e9g szerdai londoni besz\u00e1mol\u00f3j\u00e1ban n\u00e9v n\u00e9lk\u00fcl id\u00e9zett elemz\u0151 35 sz\u00e1zal\u00e9kosra taks\u00e1lta a baloldali ellenz\u00e9k gy\u0151zelmi es\u00e9ly\u00e9t, \u00e9s 10 sz\u00e1zal\u00e9kosra a politikai patthelyzet kialakul\u00e1s\u00e1nak kock\u00e1zat\u00e1t.<br \/>\nA JP Morgan ismertet\u00e9s\u00e9ben id\u00e9zett elemz\u0151i v\u00e9lem\u00e9ny szerint a baloldal egyel\u0151re nem tudott meg\u00fajulni szem\u00e9lyi, ideol\u00f3giai \u00e9s szervezeti szempontb\u00f3l, ugyanakkor annak is nagyon csek\u00e9ly az es\u00e9lye, hogy a Fidesz megtarthatja alkotm\u00e1nyoz\u00f3 k\u00e9tharmados t\u00f6bbs\u00e9g\u00e9t.<br \/>\nPiaci szempontb\u00f3l a legrosszabb fejlem\u00e9ny egy &#8222;nem meggy\u0151z\u0151&#8221;, sz\u0171k parlamenti t\u00f6bbs\u00e9get eredm\u00e9nyez\u0151 ellenz\u00e9ki gy\u0151zelem lenne, amelynek nyom\u00e1n val\u00f3sz\u00edn\u0171s\u00edthet\u0151en cselekv\u00e9si mozg\u00e1st\u00e9r n\u00e9lk\u00fcli korm\u00e1ny alakulna, kev\u00e9s lehet\u0151s\u00e9ggel arra, hogy lecser\u00e9lje a Fidesz \u00e1ltal a kulcsint\u00e9zm\u00e9nyek kulcspoz\u00edci\u00f3ira kinevezett vezet\u0151ket &#8211; \u00e1ll a JP Morgan szerda esti londoni elemz\u00e9s\u00e9ben.(MTI)<\/p>\n<p>&nbsp;<\/p>\n","protected":false},"excerpt":{"rendered":"<p>Javul a magyar gazdas\u00e1g n\u00f6veked\u00e9sre adott elemz\u0151i konszenzusos el\u0151rejelz\u00e9s, ugyanakkor k\u00e9rd\u00e9ses, hogy az idei els\u0151 negyed\u00e9vi lend\u00fclet tarthat\u00f3-e &#8211; k\u00f6z\u00f6lt\u00e9k szerdai helyzet\u00e9rt\u00e9kel\u00e9s\u00fckben londoni p\u00e9nz\u00fcgyi elemz\u0151k.<\/p>\n","protected":false},"author":1,"featured_media":0,"comment_status":"open","ping_status":"closed","sticky":false,"template":"","format":"standard","meta":[],"categories":[19],"tags":[],"_links":{"self":[{"href":"https:\/\/gazdasagportal.hu\/index.php\/wp-json\/wp\/v2\/posts\/11791"}],"collection":[{"href":"https:\/\/gazdasagportal.hu\/index.php\/wp-json\/wp\/v2\/posts"}],"about":[{"href":"https:\/\/gazdasagportal.hu\/index.php\/wp-json\/wp\/v2\/types\/post"}],"author":[{"embeddable":true,"href":"https:\/\/gazdasagportal.hu\/index.php\/wp-json\/wp\/v2\/users\/1"}],"replies":[{"embeddable":true,"href":"https:\/\/gazdasagportal.hu\/index.php\/wp-json\/wp\/v2\/comments?post=11791"}],"version-history":[{"count":2,"href":"https:\/\/gazdasagportal.hu\/index.php\/wp-json\/wp\/v2\/posts\/11791\/revisions"}],"predecessor-version":[{"id":11793,"href":"https:\/\/gazdasagportal.hu\/index.php\/wp-json\/wp\/v2\/posts\/11791\/revisions\/11793"}],"wp:attachment":[{"href":"https:\/\/gazdasagportal.hu\/index.php\/wp-json\/wp\/v2\/media?parent=11791"}],"wp:term":[{"taxonomy":"category","embeddable":true,"href":"https:\/\/gazdasagportal.hu\/index.php\/wp-json\/wp\/v2\/categories?post=11791"},{"taxonomy":"post_tag","embeddable":true,"href":"https:\/\/gazdasagportal.hu\/index.php\/wp-json\/wp\/v2\/tags?post=11791"}],"curies":[{"name":"wp","href":"https:\/\/api.w.org\/{rel}","templated":true}]}}