{"id":117871,"date":"2019-07-23T12:09:40","date_gmt":"2019-07-23T10:09:40","guid":{"rendered":"http:\/\/gazdasagportal.hu\/?p=117871"},"modified":"2019-07-23T12:09:40","modified_gmt":"2019-07-23T10:09:40","slug":"liget-budapest-projekt-2019-mar-az-atadasok-eve","status":"publish","type":"post","link":"https:\/\/gazdasagportal.hu\/index.php\/liget-budapest-projekt-2019-mar-az-atadasok-eve\/","title":{"rendered":"Liget Budapest Projekt \u2013 2019 m\u00e1r az \u00e1tad\u00e1sok \u00e9ve!"},"content":{"rendered":"<p><strong>J\u00f6v\u0151 \u00e9v k\u00f6zep\u00e9ig az \u00f6sszes nagy beruh\u00e1z\u00e1s elkezd\u0151dik a V\u00e1rosligetben, a fejleszt\u00e9sek k\u00e9tharmada pedig m\u00e1r most \u00e9p\u00fcl, vagy elk\u00e9sz\u00fclt, a Liget Budapest Projekt munk\u00e1latai j\u00f3l haladnak, v\u00e1rhat\u00f3an 2022-re valamennyi \u00faj \u00e9p\u00fclet \u00e1llni fog \u2013 jelentette be Ba\u00e1n L\u00e1szl\u00f3, a Liget Budapest Projekt miniszteri biztosa. Kiemelte: 2019 m\u00e1r az \u00e1tad\u00e1sok \u00e9ve, hiszen m\u00e1jusban Orb\u00e1n Viktor minisztereln\u00f6k \u00e1tadta az Orsz\u00e1gos M\u00fazeumi Restaur\u00e1l\u00e1si \u00e9s Rakt\u00e1roz\u00e1si K\u00f6zpont \u00e9p\u00fclet\u00e9t a m\u00fazeumi szakma k\u00e9pvisel\u0151inek, ezt k\u00f6vet\u0151en pedig \u0151sszel Millennium H\u00e1zak\u00e9nt ny\u00edlik meg a fel\u00faj\u00edtott egykori Olof Palme H\u00e1z, bej\u00e1rata el\u0151tt egy, a V\u00e1rosligetben \u00fajdons\u00e1gnak sz\u00e1m\u00edt\u00f3 R\u00f3zsakerttel. Szint\u00e9n m\u00e9g az \u0151sszel a V\u00e1rosligetben a csal\u00e1dok birtokba vehetik Budapest egyik legnagyobb \u00e9s legkomplexebb j\u00e1tsz\u00f3ter\u00e9t, \u00e9s elk\u00e9sz\u00fcl a Kom\u00e1romi Csillager\u0151d \u00e9p\u00fclete is. <\/strong><!--more--><\/p>\n<div class=\"ads-in-post1\"><div id=\"gazdasagportal.hu_fullbanner_wideboard\"><\/div>\r\n<\/div>\n<p><em>\u00a0<\/em><\/p>\n<p><em>\u00a0\u201eM\u00e1r a m\u00falt \u00e9vben elkezd\u0151dtek a V\u00e1rosligetben az \u00e9p\u00edtkez\u00e9si munk\u00e1latok s egyben a park fel\u00faj\u00edt\u00e1sa is. \u00a0A tervezett fejleszt\u00e9sek k\u00e9tharmada m\u00e1r zajlik, \u00e9s ha ilyen \u00fctemben haladunk, akkor 2022-re valamennyi \u00faj \u00e9p\u00fclet \u00e1llni fog. 2023-ig pedig az \u00f6sszes \u00faj int\u00e9zm\u00e9ny megny\u00edlik, \u00e9s teljes sz\u00e9ps\u00e9g\u00e9ben k\u00e9sz lesz a megn\u00f6vekedett \u00e9s meg\u00faj\u00edtott z\u00f6ldfel\u00fclet\u0171 park is. A Liget Budapest Projekt keret\u00e9ben a V\u00e1rosliget saj\u00e1t, t\u00f6bb mint sz\u00e1z\u00e9ves t\u00f6rt\u00e9nelmi hagyom\u00e1nya folytat\u00f3dik: a Liget egyszerre ny\u00fajtja a kult\u00fara, a sz\u00f3rakoz\u00e1s \u00e9s a z\u00f6ldfel\u00fcleti kikapcsol\u00f3d\u00e1s p\u00e1ratlanul gazdag k\u00edn\u00e1lat\u00e1t. \u00a0\u00c1tfog\u00f3 meg\u00faj\u00edt\u00e1sa ut\u00e1n a V\u00e1rosliget egy eg\u00e9szen k\u00fcl\u00f6nleges n\u00e9vjegye lesz Magyarorsz\u00e1gnak, hiszen Eur\u00f3p\u00e1ban sehol nincs m\u00e9g egy olyan v\u00e1rosi park, ahol ilyen mennyis\u00e9g\u0171 \u00e9s sz\u00ednvonal\u00fa kultur\u00e1lis int\u00e9zm\u00e9ny \u00e9s rekre\u00e1ci\u00f3s lehet\u0151s\u00e9g v\u00e1rja majd a l\u00e1togat\u00f3kat\u201d<\/em> \u2013 mondta <strong>Ba\u00e1n L\u00e1szl\u00f3<\/strong>, a Liget Budapest Projekt miniszteri biztosa.<\/p>\n<p><strong>\u00a0<\/strong><\/p>\n<p><strong>Az idei \u00e9v \u00e1tad\u00e1sair\u00f3l, terveir\u0151l<\/strong><\/p><div id=\"gazda-2599757712\" class=\"gazda-tartalomban gazda-entity-placement\"><script async src=\"https:\/\/pagead2.googlesyndication.com\/pagead\/js\/adsbygoogle.js\"><\/script>\r\n<ins class=\"adsbygoogle\"\r\n     style=\"display:block\"\r\n     data-ad-format=\"fluid\"\r\n     data-ad-layout-key=\"-6t+ed+2i-1n-4w\"\r\n     data-ad-client=\"ca-pub-1959107119989764\"\r\n     data-ad-slot=\"4008251320\"><\/ins>\r\n<script>\r\n     (adsbygoogle = window.adsbygoogle || []).push({});\r\n<\/script><\/div>\n<p>&nbsp;<\/p>\n<p>Id\u00e9n m\u00e1jusban Orb\u00e1n Viktor minisztereln\u00f6k adta \u00e1t Eur\u00f3pa egyik legnagyobb \u00e9s legkorszer\u0171bb m\u00fazeumi h\u00e1tt\u00e9rint\u00e9zm\u00e9ny\u00e9nek, az <strong>Orsz\u00e1gos M\u00fazeumi Restaur\u00e1l\u00e1si \u00e9s Rakt\u00e1roz\u00e1si K\u00f6zpontnak az<\/strong> \u00e9p\u00fclet\u00e9t a V\u00e1rosliget melletti Szabolcs utc\u00e1ban, az egykori k\u00f3rh\u00e1z ter\u00fclet\u00e9n a m\u00fazeumi szakma k\u00e9pvisel\u0151inek. Az \u00e9p\u00fclet \u00e1tad\u00e1s\u00e1t k\u00f6vet\u0151en elindult a m\u00fazeumi technol\u00f3gia be\u00e9p\u00edt\u00e9se: a komplexumban jelenleg a m\u0171t\u00e1rgyrakt\u00e1rak felszerel\u00e9se zajlik, melynek keret\u00e9ben s\u00ednen g\u00f6rd\u00fcl\u0151 polcos, fi\u00f3kos \u00e9s karos \u00e1llv\u00e1nyokat, illetve kih\u00fazhat\u00f3 k\u00e9pr\u00e1csokat szerelnek. Mindezekkel p\u00e1rhuzamosan a restaur\u00e1tor m\u0171termek speci\u00e1lis technol\u00f3giai berendez\u00e9seit is be\u00e9p\u00edtik \u00e9s be\u00fczemelik. \u201e<em>Az ultramodern \u00e9p\u00fclet kiemelt fontoss\u00e1g\u00fa a Sz\u00e9pm\u0171v\u00e9szeti M\u00fazeum, a Magyar Nemzeti Gal\u00e9ria \u00e9s a N\u00e9prajzi M\u00fazeum sz\u00e1m\u00e1ra, hiszen ezeknek az int\u00e9zm\u00e9nyeknek felbecs\u00fclhetetlen \u00e9rt\u00e9k\u0171, t\u00f6bb mint 300 ezer darabos rakt\u00e1ri anyag\u00e1t fogja \u0151rizni, v\u00e9gre ezekhez a nemzeti kincsekhez m\u00e9lt\u00f3, vil\u00e1gsz\u00ednvonal\u00fa k\u00f6r\u00fclm\u00e9nyek k\u00f6z\u00f6tt. A 20 milli\u00e1rd forintos beruh\u00e1z\u00e1s ezen nemzeti k\u00f6zgy\u0171jtem\u00e9nyek sok \u00e9vtizedes gy\u0171jtem\u00e9nyi \u00e9s rakt\u00e1roz\u00e1si probl\u00e9m\u00e1ira jelent hossz\u00fa t\u00e1v\u00fa, megnyugtat\u00f3 megold\u00e1st\u201d<\/em> \u2013 hangs\u00falyozta Ba\u00e1n L\u00e1szl\u00f3, a Liget Budapest Projekt miniszteri biztosa.<\/p>\n<p>&nbsp;<\/p>\n<p>Befejez\u0151d\u00f6tt a t\u00f6bb mint 130 \u00e9ves, az elm\u00falt \u00e9vtizedekben egyre leromlottabb \u00e1llapotba ker\u00fclt <strong>Olof Palme H\u00e1z<\/strong> m\u0171eml\u00e9ki rekonstrukci\u00f3ja is. \u00a0Id\u00e9n \u0151sszel a V\u00e1rosliget legr\u00e9gibb \u00e9s egyik legszebb \u00e9p\u00fclete \u00faj n\u00e9ven, <strong>Millennium H\u00e1zak\u00e9nt<\/strong> a V\u00e1rosliget aranykor\u00e1t bemutat\u00f3 id\u0151szaki ki\u00e1ll\u00edt\u00e1ssal nyitja meg kapuit, k\u00e9s\u0151bb pedig egy \u00e1lland\u00f3, interakt\u00edv t\u00e1rlattal id\u00e9zi meg az \u00fajkori Magyarorsz\u00e1g t\u00f6rt\u00e9net\u00e9nek legsikeresebb id\u0151szak\u00e1t, a millennium kor\u00e1t, a sz\u00e1zadfordul\u00f3s Budapestre f\u00f3kusz\u00e1lva. A homlokzaton restaur\u00e1lt\u00e1k a gazdag Zsolnay d\u00edsz\u00edt\u00e9seket \u00e9s hamarosan befejez\u0151dik a bels\u0151\u00e9p\u00edt\u00e9szeti kialak\u00edt\u00e1s valamint az ideiglenes ki\u00e1ll\u00edt\u00e1s install\u00e1l\u00e1sa is. A R\u00f3zsakert fel\u00f6li bej\u00e1rat k\u00f6zep\u00e9n egy egyedi sz\u00f6k\u0151kutat helyeznek el, melynek gy\u00e1rt\u00e1sa a napokban kezd\u0151d\u00f6tt meg a Zsolnay gy\u00e1rban, P\u00e9csett. Az \u00e9p\u00fclethez kapcsol\u00f3d\u00f3 R\u00f3zsakert kialak\u00edt\u00e1sa folyamatban van, a r\u00f3zsat\u00f6vek augusztusban fognak a helysz\u00ednre \u00e9rkezni. A Millennium H\u00e1za 3 milli\u00e1rd forintos, 2017 \u00e9v v\u00e9g\u00e9n indult helyre\u00e1ll\u00edt\u00e1sa az eredeti \u00e9p\u00edt\u00e9szeti dokument\u00e1ci\u00f3nak megfelel\u0151en val\u00f3sul meg.<\/p>\n<div class=\"ads-in-post2\"><script async src=\"https:\/\/pagead2.googlesyndication.com\/pagead\/js\/adsbygoogle.js\"><\/script>\r\n<ins class=\"adsbygoogle\"\r\n     style=\"display:block\"\r\n     data-ad-format=\"fluid\"\r\n     data-ad-layout-key=\"-6t+ed+2i-1n-4w\"\r\n     data-ad-client=\"ca-pub-1959107119989764\"\r\n     data-ad-slot=\"4008251320\"><\/ins>\r\n<script>\r\n     (adsbygoogle = window.adsbygoogle || []).push({});\r\n<\/script><\/div>\n<em>\u00a0<\/em><\/p>\n<p><em>\u201eA Millennium H\u00e1za a meg\u00fajul\u00f3 V\u00e1rosliget egyik \u00e9kk\u00f6ve lesz, mely egyben jelk\u00e9pe is a Liget Budapest projekt c\u00e9lkit\u0171z\u00e9seinek. A trad\u00edci\u00f3t \u00f3v\u00f3, a m\u00faltra a jelen legkorszer\u0171bb eszk\u00f6zeivel eml\u00e9kez\u0151, a park \u00e9s a kult\u00fara kapcsolat\u00e1t integr\u00e1l\u00f3 tud\u00e1s- \u00e9s \u00e9lm\u00e9nyk\u00f6zpontnak valamint egy k\u00fcl\u00f6nleges hangulat\u00fa k\u00e1v\u00e9h\u00e1znak biztos\u00edt majd teret a Liget egyik legr\u00e9gibb \u00e9s legszebb \u00e9p\u00fclete\u201d<\/em> \u2013 mondta a fejleszt\u00e9sr\u0151l Ba\u00e1n L\u00e1szl\u00f3.<\/p>\n<p>&nbsp;<\/p>\n<p>A Liget Budapest Projektnek k\u00f6sz\u00f6nhet\u0151en elk\u00e9sz\u00fclt a <strong>kom\u00e1romi Csillager\u0151d <\/strong>rekonstrukci\u00f3ja \u00e9s b\u0151v\u00edt\u00e9se is. Az \u00e9p\u00fcletrendszert \u00e9s k\u00f6rnyezet\u00e9t gy\u00f6ny\u00f6r\u0171en fel\u00faj\u00edtott\u00e1k, mely kieg\u00e9sz\u00fclt egy \u00faj, t\u00f6bb mint 7000 n\u00e9gyzetm\u00e9teres kultur\u00e1lis k\u00f6zponttal, modern ki\u00e1ll\u00edt\u00f3t\u00e9rrel is. Itt a Sz\u00e9pm\u0171v\u00e9szeti M\u00fazeum h\u00e1nyatott sors\u00fa gipszm\u00e1solati gy\u0171jtem\u00e9ny\u00e9nek jeles darabjai tal\u00e1lnak majd otthonra, az antikvit\u00e1s kor\u00e1t\u00f3l a renesz\u00e1nszig megid\u00e9zve a vil\u00e1g szobr\u00e1szat\u00e1nak kiemelked\u0151 alkot\u00e1sait. Jelenleg a nagym\u00e9ret\u0171 szobrok bek\u00f6lt\u00f6ztet\u00e9se, install\u00e1l\u00e1sa \u00e9s az \u00e1lland\u00f3 ki\u00e1ll\u00edt\u00e1s berendez\u00e9se zajlik, az int\u00e9zm\u00e9ny j\u00f6v\u0151 \u00e9v els\u0151 fel\u00e9ben nyitja meg kapuit a l\u00e1togat\u00f3k el\u0151tt.<\/p>\n<p>&nbsp;<\/p>\n<p><strong>Tov\u00e1bbi ikonikus fejleszt\u00e9sek az \u00e9v v\u00e9g\u00e9n, a j\u00f6v\u0151 \u00e9v elej\u00e9n veszik kezdet\u00fcket.<\/strong> A vil\u00e1g egyik legjobb \u00e9p\u00edt\u00e9szirod\u00e1jak\u00e9nt elismert jap\u00e1n SANAA \u00e1ltal tervezett <strong>\u00daj<\/strong> <strong>Nemzeti Gal\u00e9ria<\/strong> \u00e9s a hazai feltal\u00e1l\u00f3i g\u00e9niusz el\u0151tt tisztelg\u0151 <strong>Magyar Innov\u00e1ci\u00f3 H\u00e1za kivitelez\u00e9se, valamint az 1952-ben lebontott<\/strong>, szecesszi\u00f3s st\u00edlus\u00fa <strong>V\u00e1rosligeti Sz\u00ednh\u00e1z<\/strong> \u00fajj\u00e1\u00e9p\u00edt\u00e9se eset\u00e9ben az int\u00e9zm\u00e9nyekkel egyeztetett tervez\u00e9si folyamat a v\u00e9g\u00e9hez k\u00f6zel\u00edt, \u00e9s az eredm\u00e9nyes k\u00f6zbeszerz\u00e9si elj\u00e1r\u00e1st k\u00f6vet\u0151en a kivitelez\u00e9s, ez \u00e9v v\u00e9g\u00e9n, j\u00f6v\u0151 \u00e9v elej\u00e9n kezd\u0151dhet el.<\/p>\n<p><em>\u00a0<\/em><\/p>\n<p><em>\u201eAz eddig megval\u00f3sult \u00e9s \u00e1tadott r\u00e9szprojektek fogadtat\u00e1sa is azt jelzi, hogy az emberek a meg\u00fajult V\u00e1rosliget eg\u00e9sz\u00e9t szeretni fogj\u00e1k \u00e9s b\u00fcszk\u00e9k lesznek r\u00e1\u201d<\/em> \u2013 fogalmazott Ba\u00e1n L\u00e1szl\u00f3. Eml\u00e9keztetett r\u00e1, hogy m\u00e1r a tavalyi esztend\u0151ben sem csak l\u00e1tv\u00e1nyterveket n\u00e9zegethettek a V\u00e1rosligetbe l\u00e1togat\u00f3k, hanem m\u00e1r elk\u00e9sz\u00fclt projektelemeket is birtokba vehett\u00e9k. A <strong>Vakok Kertje<\/strong>, az <strong>Ifj\u00fas\u00e1gi Sportp\u00e1ly\u00e1k<\/strong> vagy a <strong>Kuty\u00e1s \u00c9lm\u00e9nypark<\/strong> mind nagyon n\u00e9pszer\u0171ek, ut\u00f3bbi l\u00e1togatotts\u00e1ga m\u00e1r \u00e1tl\u00e9pte a 300 ezer f\u0151t, \u00e9s l\u00e1togatotts\u00e1gi rekordokat d\u00f6nt a t\u00f6rt\u00e9net\u00e9nek legnagyobb, a Liget Budapest projekt keret\u00e9ben megval\u00f3sult rekonstrukci\u00f3ja ut\u00e1n tavaly okt\u00f3ber v\u00e9g\u00e9n \u00fajra megny\u00edlt a <strong>Sz\u00e9pm\u0171v\u00e9szeti M\u00fazeum<\/strong> is.<\/p>\n<p><strong>\u00a0<\/strong><\/p>\n<p><strong>Gyorgyevics Benedek, a Liget Budapest Projekt megval\u00f3s\u00edt\u00e1s\u00e1\u00e9rt felel\u0151s V\u00e1rosliget Zrt. vez\u00e9rigazgat\u00f3ja kiemelte:<\/strong> <em>\u201eA parkfejleszt\u00e9s els\u0151 \u00fctem\u00e9nek r\u00e9szek\u00e9nt megval\u00f3sult beruh\u00e1z\u00e1sok m\u00e1r mutatj\u00e1k azt az Eur\u00f3p\u00e1ban is egyed\u00fcl\u00e1ll\u00f3 sz\u00ednvonalat \u00e9s \u00e1tgondolts\u00e1got, amely az eg\u00e9sz t\u00e1j\u00e9p\u00edt\u00e9szeti rehabilit\u00e1ci\u00f3t jellemzi majd\u201d<\/em>. Gyorgyevics Benedek elmondta: <strong>2019-ben elindult a parkfejleszt\u00e9s m\u00e1sodik \u00fcteme is<\/strong>, melynek sor\u00e1n a<strong>z orsz\u00e1g egyik legnagyobb \u00e9s legkorszer\u0171bb j\u00e1tsz\u00f3ter\u00e9t<\/strong> val\u00f3s\u00edtj\u00e1k meg a Ligetben, melyet szint\u00e9n 2019 \u0151sz\u00e9n vehetnek birtokba a gyermekek. A kivitelez\u00e9sek el\u0151rehaladott \u00e1llapotban vannak, a legkisebbeknek sz\u00f3l\u00f3 ter\u00fcletre m\u00e1r be\u00e9p\u00edtett\u00e9k a j\u00e1tsz\u00f3elemeket, melyeket biztons\u00e1gos, es\u00e9scsillap\u00edt\u00f3 burkolatokkal vettek k\u00f6rbe. A k\u00f6vetkez\u0151 munkaf\u00e1zisban az id\u0151sebb koroszt\u00e1lyok j\u00e1tsz\u00f3elemeit szerelik fel. A <strong>Nagyj\u00e1tsz\u00f3t\u00e9ren<\/strong> minden koroszt\u00e1ly sz\u00e1m\u00e1ra k\u00fcl\u00f6n cs\u00faszdarendszereket, f\u00e9szek-, k\u00f6r-, m\u00e9rleg \u00e9s f\u00fcgg\u0151hint\u00e1kat, k\u00f6t\u00e9lp\u00e1ly\u00e1kat, forg\u00f3j\u00e1t\u00e9kokat, egy\u00e9ni \u00e9s p\u00e1ros rug\u00f3s j\u00e1t\u00e9kokat, trambulinokat, t\u00f6bbf\u00e9le homokoz\u00f3t \u00e9s vizes j\u00e1t\u00e9kokat is telep\u00edtenek t\u00f6bb mint 13.000 n\u00e9gyzetm\u00e9teren. A csal\u00e1dbar\u00e1t fejleszt\u00e9sek keret\u00e9ben \u00f6sszesen 7 \u00faj illetve meg\u00faj\u00edtott j\u00e1tsz\u00f3t\u00e9r kap majd helyet a V\u00e1rosligetben. A parkfejleszt\u00e9s m\u00e1sodik \u00fctem\u00e9ben kialak\u00edtanak <strong>t\u00f6bb sportp\u00e1ly\u00e1t \u00e9s egy k\u00e9t kilom\u00e9teres, kivil\u00e1g\u00edtott fut\u00f3k\u00f6rt is. <\/strong><\/p>\n<p>&nbsp;<\/p>\n<p>Gyorgyevics Benedek hangs\u00falyozta, hogy a k\u00f6zel sz\u00e1z hekt\u00e1ros v\u00e1rosligeti park t\u00f6bb szakaszban \u00fajul meg, v\u00e9gig szem el\u0151tt tartva, hogy a Liget nagyobb r\u00e9sze folyamatosan l\u00e1togathat\u00f3 maradjon. <em>\u201eA Liget Budapest Projekt megval\u00f3s\u00edt\u00e1s\u00e1val visszat\u00e9r\u00fcnk a park \u00e9vsz\u00e1zados hagyom\u00e1nyaihoz \u00fagy, hogy hossz\u00fa t\u00e1von is biztos\u00edtani tudjuk a fenntart\u00e1s\u00e1t. A park n\u00f6v\u00e9nyzete mennyis\u00e9g\u00e9ben \u00e9s min\u0151s\u00e9g\u00e9ben is meg\u00fajul, a Liget a mostanin\u00e1l j\u00f3val z\u00f6ldebb, korszer\u0171bb lesz. Egykori f\u00e9nykor\u00e1hoz hasonl\u00f3an a meg\u00fajult int\u00e9zm\u00e9nyek \u00e9s a park harmonikus egy\u00fcttese mindenkinek ny\u00fajt majd valami \u00fajat, szerethet\u0151t\u201d <\/em>&#8211; fogalmazott a vez\u00e9rigazgat\u00f3.<\/p>\n<p>&nbsp;<\/p>\n<p><strong>A folyamatban l\u00e9v\u0151 fejleszt\u00e9sek \u00e1llapot\u00e1r\u00f3l<\/strong><\/p>\n<p>&nbsp;<\/p>\n<p>Gyorgyevics Benedek a folyamatban l\u00e9v\u0151 projektelemek kapcs\u00e1n \u00fagy t\u00e1j\u00e9koztatott, hogy 2017 \u00e9v v\u00e9ge \u00f3ta zajlik a <strong>N\u00e9prajzi M\u00fazeum<\/strong> ikonikus \u00e9p\u00fclet\u00e9nek a kivitelez\u00e9se, mely tavaly az International Property Awards nemzetk\u00f6zi ingatlanszakmai versenyen elnyerte az \u201eEur\u00f3pa legjobb k\u00f6z\u00e9p\u00fclete\u201d elismer\u00e9st, illetve a \u201eWorld\u2019s Best Architecture\u201d k\u00fcl\u00f6nd\u00edjat, mely vil\u00e1gszerte az egyik legrangosabb ingatlanszakmai elismer\u00e9s. Jelenleg az \u00e9p\u00fclet kivitelez\u00e9s\u00e9nek m\u00e9ly\u00e9p\u00edt\u00e9si szakasza zajlik, a c\u00f6l\u00f6p\u00f6z\u00e9si munk\u00e1latokat k\u00f6vet\u0151en jelenleg az alaplemez \u00e9s a szigetel\u00e9s kialak\u00edt\u00e1sa zajlik, majd megkezd\u0151dik magas\u00e9p\u00edt\u00e9s. A N\u00e9prajzi M\u00fazeum a j\u00f6v\u0151 \u00e9v v\u00e9g\u00e9re m\u00e1r szerkezetk\u00e9sz \u00e1llapotban lesz.<\/p>\n<p>&nbsp;<\/p>\n<p>A m\u00e9ly\u00e9p\u00edt\u00e9si szakaszt k\u00f6vet\u0151en jav\u00e1ban zajlanak a <strong>Magyar Zene H\u00e1za<\/strong> kivitelez\u00e9s\u00e9nek magas\u00e9p\u00edt\u00e9si munk\u00e1latai, az alaplemez \u00e9s a bels\u0151 oldali szigetel\u00e9s m\u00e1r elk\u00e9sz\u00fclt, jelenleg a b\u00e9l\u00e9sfal \u00e9s az oszlopok vasal\u00e1sa van folyamatban. Egy \u00e9ven bel\u00fcl szerkezetk\u00e9sz lesz a vil\u00e1gh\u00edr\u0171 jap\u00e1n szt\u00e1r\u00e9p\u00edt\u00e9sz, Sou Fujimoto \u00e1ltal tervezett k\u00fcl\u00f6nleges \u00e9p\u00fclet, amely az egykori Hungexpo irodah\u00e1zak hely\u00e9n j\u00f6n l\u00e9tre.<\/p>\n<p>&nbsp;<\/p>\n<p>El\u0151rehaladott \u00e1llapotban van a <strong>D\u00f3zsa Gy\u00f6rgy \u00fati m\u00e9lygar\u00e1zs<\/strong> kivitelez\u00e9se is, a tavaly ny\u00e1ron indult \u00e9p\u00edtkez\u00e9sn\u00e9l az alaplemez kialak\u00edt\u00e1sa mellett jelenleg az \u00e9p\u00fclet vasbeton szerkezet\u00e9nek kialak\u00edt\u00e1sa zajlik. A h\u00e1rom szinten, mintegy 800 aut\u00f3t befogadni k\u00e9pes m\u00e9lygar\u00e1zst v\u00e1rhat\u00f3an m\u00e1r j\u00f6v\u0151 ny\u00e1rt\u00f3l haszn\u00e1lhatj\u00e1k majd a Ligetbe l\u00e1togat\u00f3k, illetve kedvezm\u00e9nyesen vehetik ig\u00e9nybe a k\u00f6rny\u00e9ken lak\u00f3k. Az aut\u00f3mentes V\u00e1rosliget el\u00e9r\u00e9se \u00e9rdek\u00e9ben tov\u00e1bbi f\u00f6ldalatti parkol\u00f3k is \u00e9p\u00fclnek, az \u00c1llatkerti k\u00f6r\u00faton 700, m\u00edg a Hermina \u00faton egy 275 f\u00e9r\u0151helyes l\u00e9tes\u00edtm\u00e9ny \u00e9p\u00fcl. A K\u00f3s K\u00e1roly s\u00e9t\u00e1nyt pedig val\u00f3di, forgalommentes s\u00e9t\u00e1nny\u00e1 alakul \u00e1t, ezzel napi 10-15.000, a parkon kereszt\u00fcl halad\u00f3 aut\u00f3t\u00f3l szabadul meg a Liget.<\/p>\n<p>&nbsp;<\/p>\n<p>A V\u00e1rosliget Zrt. vez\u00e9rigazgat\u00f3ja szerint fontos l\u00e9p\u00e9s a V\u00e1rosliget meg\u00faj\u00edt\u00e1s\u00e1ban, hogy elkezd\u0151d\u00f6tt a parkban l\u00e9v\u0151, az elm\u00falt \u00e9vtizedekben a z\u00f6ldfel\u00fcletet rov\u00e1s\u00e1ra megn\u00f6vekedett beton- \u00e9s aszfaltfel\u00fcletek cs\u00f6kkent\u00e9se is. Els\u0151 l\u00e9p\u00e9sk\u00e9nt az indokolatlanul sz\u00e9les, 14 m\u00e9ter sz\u00e9less\u00e9g\u0171 Olof Palme s\u00e9t\u00e1ny \u00fatburkolat\u00e1t sz\u0171k\u00edtik le 6 m\u00e9terre, csak ezzel k\u00f6zel 1600 n\u00e9gyzetm\u00e9ternyi z\u00f6ldfel\u00fcletet adnak vissza a parknak. A gyalogos \u00e9s ker\u00e9kp\u00e1ros k\u00f6zleked\u00e9s a kivitelez\u00e9s ideje alatt v\u00e9gig biztos\u00edtott marad a 6 m\u00e9ter sz\u00e9less\u00e9gben megmarad\u00f3 burkolt fel\u00fcleten. A teljes park fel\u00faj\u00edt\u00e1sa sor\u00e1n tov\u00e1bbi t\u00f6bbezer n\u00e9gyzetm\u00e9tert fognak visszaz\u00f6ld\u00edteni a ligeti betonutak rov\u00e1s\u00e1ra.<\/p>\n<p><em>\u00a0<\/em><\/p>\n<p><em>\u201eA Liget Budapest Projekt olyan vil\u00e1gsz\u00ednvonal\u00fa m\u00e1gnesberuh\u00e1z\u00e1s, amely kiemelked\u0151 jelent\u0151s\u00e9ggel b\u00edr, mind a turizmus fejl\u0151d\u00e9se, mind pedig a v\u00e1rosi ingatlansz\u00f6vet fel\u00e9rt\u00e9kel\u0151d\u00e9se szempontj\u00e1b\u00f3l. A befektet\u0151k m\u00e1r \u00e9rdekl\u0151dnek, a k\u00f6rny\u00e9kbeli lak\u00e1sok fel\u00e9rt\u00e9kel\u0151dnek, hotelek tervei jelennek meg. A meg\u00fajult V\u00e1rosliget k\u00f6rny\u00e9ke Budapest egyik legdinamikusabban fejl\u0151d\u0151 r\u00e9sze lesz\u201d<\/em> \u2013 \u00f6sszegezte Gyorgyevics Benedek, a Liget Budapest Projekt megval\u00f3s\u00edt\u00e1s\u00e1\u00e9rt felel\u0151s V\u00e1rosliget Zrt. vez\u00e9rigazgat\u00f3ja.<\/p>\n","protected":false},"excerpt":{"rendered":"<p>J\u00f6v\u0151 \u00e9v k\u00f6zep\u00e9ig az \u00f6sszes nagy beruh\u00e1z\u00e1s elkezd\u0151dik a V\u00e1rosligetben, a fejleszt\u00e9sek k\u00e9tharmada pedig m\u00e1r most \u00e9p\u00fcl, vagy elk\u00e9sz\u00fclt, a Liget Budapest Projekt munk\u00e1latai j\u00f3l haladnak, v\u00e1rhat\u00f3an 2022-re valamennyi \u00faj \u00e9p\u00fclet \u00e1llni fog \u2013 jelentette be Ba\u00e1n L\u00e1szl\u00f3, a Liget Budapest Projekt miniszteri biztosa. Kiemelte: 2019 m\u00e1r az \u00e1tad\u00e1sok \u00e9ve, hiszen m\u00e1jusban Orb\u00e1n Viktor minisztereln\u00f6k &#8230;<\/p>\n","protected":false},"author":1,"featured_media":0,"comment_status":"closed","ping_status":"open","sticky":false,"template":"","format":"standard","meta":[],"categories":[4],"tags":[],"_links":{"self":[{"href":"https:\/\/gazdasagportal.hu\/index.php\/wp-json\/wp\/v2\/posts\/117871"}],"collection":[{"href":"https:\/\/gazdasagportal.hu\/index.php\/wp-json\/wp\/v2\/posts"}],"about":[{"href":"https:\/\/gazdasagportal.hu\/index.php\/wp-json\/wp\/v2\/types\/post"}],"author":[{"embeddable":true,"href":"https:\/\/gazdasagportal.hu\/index.php\/wp-json\/wp\/v2\/users\/1"}],"replies":[{"embeddable":true,"href":"https:\/\/gazdasagportal.hu\/index.php\/wp-json\/wp\/v2\/comments?post=117871"}],"version-history":[{"count":1,"href":"https:\/\/gazdasagportal.hu\/index.php\/wp-json\/wp\/v2\/posts\/117871\/revisions"}],"predecessor-version":[{"id":117872,"href":"https:\/\/gazdasagportal.hu\/index.php\/wp-json\/wp\/v2\/posts\/117871\/revisions\/117872"}],"wp:attachment":[{"href":"https:\/\/gazdasagportal.hu\/index.php\/wp-json\/wp\/v2\/media?parent=117871"}],"wp:term":[{"taxonomy":"category","embeddable":true,"href":"https:\/\/gazdasagportal.hu\/index.php\/wp-json\/wp\/v2\/categories?post=117871"},{"taxonomy":"post_tag","embeddable":true,"href":"https:\/\/gazdasagportal.hu\/index.php\/wp-json\/wp\/v2\/tags?post=117871"}],"curies":[{"name":"wp","href":"https:\/\/api.w.org\/{rel}","templated":true}]}}