{"id":117845,"date":"2019-07-22T14:00:10","date_gmt":"2019-07-22T12:00:10","guid":{"rendered":"http:\/\/gazdasagportal.hu\/?p=117845"},"modified":"2019-07-22T14:00:10","modified_gmt":"2019-07-22T12:00:10","slug":"pm-a-tervezett-eves-cel-391-szazalekan-all-az-allamhaztartas-hianya-az-elso-fel-evben","status":"publish","type":"post","link":"https:\/\/gazdasagportal.hu\/index.php\/pm-a-tervezett-eves-cel-391-szazalekan-all-az-allamhaztartas-hianya-az-elso-fel-evben\/","title":{"rendered":"PM: a tervezett \u00e9ves c\u00e9l 39,1 sz\u00e1zal\u00e9k\u00e1n \u00e1ll az \u00e1llamh\u00e1ztart\u00e1s hi\u00e1nya az els\u0151 f\u00e9l \u00e9vben"},"content":{"rendered":"<p><strong>J\u00faniusban 213,6 milli\u00e1rd forint volt az \u00f6nkorm\u00e1nyzatok n\u00e9lk\u00fcl sz\u00e1molt \u00e1llamh\u00e1ztart\u00e1s hi\u00e1nya, ezzel az els\u0151 f\u00e9l \u00e9vet az \u00e1llamh\u00e1ztart\u00e1s \u00fagynevezett k\u00f6zponti alrendszere 390 milli\u00e1rd forintos hi\u00e1nnyal z\u00e1rta, ami a 998,4 milli\u00e1rd forintos \u00e9ves el\u0151ir\u00e1nyzat 39,1 sz\u00e1zal\u00e9ka &#8211; er\u0151s\u00edtette meg h\u00e9tf\u0151n kiadott r\u00e9szletes jelent\u00e9s\u00e9ben a P\u00e9nz\u00fcgyminiszt\u00e9rium (PM).<\/strong><!--more--><\/p>\n<div class=\"ads-in-post1\"><div id=\"gazdasagportal.hu_fullbanner_wideboard\"><\/div>\r\n<\/div>\n<p>    Az els\u0151 f\u00e9l \u00e9vben a k\u00f6zponti k\u00f6lts\u00e9gvet\u00e9s 467,3 milli\u00e1rd forint hi\u00e1nnyal z\u00e1rt, m\u00edg az elk\u00fcl\u00f6n\u00edtett \u00e1llami p\u00e9nzalapok 61 milli\u00e1rd forint, a t\u00e1rsadalombiztos\u00edt\u00e1s p\u00e9nz\u00fcgyi alapjai pedig 16,3 milli\u00e1rd forint t\u00f6bbletet mutattak. Az \u00e1ltal\u00e1nos fogalmi ad\u00f3b\u00f3l sz\u00e1rmaz\u00f3 bev\u00e9telek 397,4 milli\u00e1rd forinttal, a j\u00f6ved\u00e9ki ad\u00f3b\u00f3l sz\u00e1rmaz\u00f3k 45,3 milli\u00e1rd forinttal emelkedtek az els\u0151 f\u00e9l \u00e9vben a tavalyihoz k\u00e9pest. Szem\u00e9lyi j\u00f6vedelemad\u00f3b\u00f3l 105,4 milli\u00e1rd forinttal, m\u00edg a kapcsol\u00f3d\u00f3 szoci\u00e1lis hozz\u00e1j\u00e1rul\u00e1si ad\u00f3b\u00f3l, illetve nyugd\u00edj-, eg\u00e9szs\u00e9gbiztos\u00edt\u00e1si \u00e9s munkaer\u0151piaci j\u00e1rul\u00e9kokb\u00f3l \u00f6sszesen 260,1 milli\u00e1rd forinttal t\u00f6bb folyt be az \u00e1llamkassz\u00e1ba, mint az el\u0151z\u0151 \u00e9v azonos id\u0151szak\u00e1ban.<br \/>\n    A korm\u00e1ny folytatja az uni\u00f3s t\u00e1mogat\u00e1sok megel\u0151legez\u00e9s\u00e9t, az \u00e9v els\u0151 hat h\u00f3napj\u00e1ban 710,6 milli\u00e1rd forintot fizetett ki a k\u00f6lts\u00e9gvet\u00e9s a kedvezm\u00e9nyezettek r\u00e9sz\u00e9re, mik\u00f6zben Br\u00fcsszel j\u00fanius v\u00e9g\u00e9ig \u00f6sszesen 346,6 milli\u00e1rd forintot utalt \u00e1t Magyarorsz\u00e1gnak.<br \/>\n<div class=\"ads-in-post2\"><script async src=\"https:\/\/pagead2.googlesyndication.com\/pagead\/js\/adsbygoogle.js\"><\/script>\r\n<ins class=\"adsbygoogle\"\r\n     style=\"display:block\"\r\n     data-ad-format=\"fluid\"\r\n     data-ad-layout-key=\"-6t+ed+2i-1n-4w\"\r\n     data-ad-client=\"ca-pub-1959107119989764\"\r\n     data-ad-slot=\"4008251320\"><\/ins>\r\n<script>\r\n     (adsbygoogle = window.adsbygoogle || []).push({});\r\n<\/script><\/div>\n    A k\u00f6zponti alrendszer 2019. j\u00fanius v\u00e9gi 10 108,6 milli\u00e1rd forint \u00f6sszeg\u0171 bev\u00e9telei 1044,3 milli\u00e1rd forinttal, 11,5 sz\u00e1zal\u00e9kkal haladt\u00e1k meg az el\u0151z\u0151 \u00e9v azonos id\u0151szak\u00e1\u00e9t. A 10 498,6 milli\u00e1rd forint \u00f6sszeg\u0171 kiad\u00e1sok mind\u00f6ssze 13,8 milli\u00e1rd forinttal, 0,1 sz\u00e1zal\u00e9kkal emelkedtek, \u00edgy az uni\u00f3s programok finansz\u00edroz\u00e1sa is 407,8 milli\u00e1rd forinttal elmaradt a tavaly els\u0151 f\u00e9l\u00e9vit\u0151l.<br \/>\n    A p\u00e9nz\u00fcgyminiszt\u00e9riumi t\u00e1j\u00e9koztat\u00f3 kiemelte: az \u00e9v eg\u00e9sz\u00e9re tov\u00e1bbra is re\u00e1lis \u00e9s el\u00e9rhet\u0151 a GDP ar\u00e1ny\u00e1ban meghat\u00e1rozott 1,8 sz\u00e1zal\u00e9kos hi\u00e1nyc\u00e9l, mik\u00f6zben az \u00e1llamad\u00f3ss\u00e1g-mutat\u00f3 is tov\u00e1bb cs\u00f6kken.<br \/>\n    A t\u00e1rsadalombiztos\u00edt\u00e1s p\u00e9nz\u00fcgyi alapjain bel\u00fcl kiemelked\u0151 t\u00e9tel a nyugd\u00edjbiztos\u00edt\u00e1si nyugell\u00e1t\u00e1sokra ford\u00edtott 1702,3 milli\u00e1rd forint, 2,7 sz\u00e1zal\u00e9kkal, 46 milli\u00e1rd forinttal t\u00f6bb az egy \u00e9vvel kor\u00e1bbin\u00e1l.<br \/>\n    Az eg\u00e9szs\u00e9gbiztos\u00edt\u00e1si alapon bel\u00fcl a legnagyobb kiad\u00e1si el\u0151ir\u00e1nyzatot jelent\u0151 gy\u00f3gy\u00edt\u00f3-megel\u0151z\u0151 ell\u00e1t\u00e1sokra kifizetett \u00f6sszeg 627,7 milli\u00e1rd forint volt az \u00e9v els\u0151 hat h\u00f3napj\u00e1ban, ez 31,7 milli\u00e1rd forinttal t\u00f6bb az egy \u00e9vvel kor\u00e1bbin\u00e1l. Gy\u00f3gyszert\u00e1mogat\u00e1sra az \u00e9v els\u0151 hat h\u00f3napj\u00e1ban 188,2 milli\u00e1rd forintot k\u00f6lt\u00f6tt az eg\u00e9szs\u00e9gbiztos\u00edt\u00e1s, ami 14,3 milli\u00e1rd forinttal magasabb a tavalyi els\u0151 f\u00e9l\u00e9vin\u00e9l.<br \/>\n    A k\u00f6lts\u00e9gvet\u00e9s kamatfizet\u00e9se 4,6 milli\u00e1rd forinttal 478 milli\u00e1rd forintra cs\u00f6kkent, mik\u00f6zben a kamatbev\u00e9telek 36,4 milli\u00e1rd forinttal emelkedtek \u00edgy a kamategyenleg 41 milli\u00e1rd forinttal javult.<br \/>\n    A k\u00f6zponti k\u00f6lts\u00e9gvet\u00e9s ad\u00f3ss\u00e1ga j\u00fanius v\u00e9g\u00e9ig 165,9 milli\u00e1rd forinttal n\u0151tt. A forintad\u00f3ss\u00e1g j\u00fanius v\u00e9g\u00e9ig 553,3 milli\u00e1rd forinttal n\u0151tt, \u00e9s 23 349,2 milli\u00e1rd forintot tett ki, a forintr\u00e9szar\u00e1ny el\u00e9rte a teljes \u00e1llamad\u00f3ss\u00e1g 80,9 sz\u00e1zal\u00e9k\u00e1t. 2018 december\u00e9ben ez az ar\u00e1ny 79,5 sz\u00e1zal\u00e9kos volt. A devizaad\u00f3ss\u00e1g j\u00fanius v\u00e9g\u00e9ig 419,6 milli\u00e1rd forinttal 5305,1 milli\u00e1rd forintra cs\u00f6kkent az elm\u00falt \u00e9v v\u00e9g\u00e9hez k\u00e9pest belesz\u00e1m\u00edtva a forint gyeng\u00fcl\u00e9s\u00e9nek k\u00f6vetkezt\u00e9ben bek\u00f6vetkezett 31,5 milli\u00e1rd forintos emelked\u00e9st. A devizaad\u00f3ss\u00e1g r\u00e9szar\u00e1nya a m\u00falt \u00e9v v\u00e9gi 20,0 sz\u00e1zal\u00e9kos szintr\u0151l 18,4 sz\u00e1zal\u00e9kosra cs\u00f6kkent a teljes ad\u00f3ss\u00e1gon bel\u00fcl.<br \/>\n    J\u00fanius v\u00e9g\u00e9n a lakoss\u00e1gi \u00e1llampap\u00edrok \u00e1llom\u00e1nya 8067,9 milli\u00e1rd forintot tett ki, ami 552,2 milli\u00e1rd forint n\u00f6veked\u00e9st jelent 2018. december v\u00e9ge \u00f3ta, ami gyakorlatilag megegyezik a nett\u00f3 forintkibocs\u00e1t\u00e1ssal. A n\u00f6veked\u00e9st a lakoss\u00e1gi finansz\u00edroz\u00e1s ar\u00e1ny\u00e1nak \u00e9s futamidej\u00e9nek tov\u00e1bbi n\u00f6vel\u00e9se \u00e9rdek\u00e9ben 2019. j\u00fanius 1-j\u00e9t\u0151l bevezetett \u00faj, 5 \u00e9ves futamidej\u0171 lakoss\u00e1gi \u00e1llamk\u00f6tv\u00e9ny, a Magyar \u00c1llampap\u00edr Plusz \u00e9rt\u00e9kes\u00edt\u00e9se egy h\u00f3nap alatt 882,7 milli\u00e1rd forintra r\u00fagott \u00e9s a j\u00falius 1-\u00e9n kibocs\u00e1tott negyedik sorozattal egy\u00fctt 1014,8 milli\u00e1rd forintot tett ki &#8211; k\u00f6z\u00f6lte a PM. (MTI)<\/p>\n","protected":false},"excerpt":{"rendered":"<p>J\u00faniusban 213,6 milli\u00e1rd forint volt az \u00f6nkorm\u00e1nyzatok n\u00e9lk\u00fcl sz\u00e1molt \u00e1llamh\u00e1ztart\u00e1s hi\u00e1nya, ezzel az els\u0151 f\u00e9l \u00e9vet az \u00e1llamh\u00e1ztart\u00e1s \u00fagynevezett k\u00f6zponti alrendszere 390 milli\u00e1rd forintos hi\u00e1nnyal z\u00e1rta, ami a 998,4 milli\u00e1rd forintos \u00e9ves el\u0151ir\u00e1nyzat 39,1 sz\u00e1zal\u00e9ka &#8211; er\u0151s\u00edtette meg h\u00e9tf\u0151n kiadott r\u00e9szletes jelent\u00e9s\u00e9ben a P\u00e9nz\u00fcgyminiszt\u00e9rium (PM).<\/p>\n","protected":false},"author":1,"featured_media":0,"comment_status":"closed","ping_status":"open","sticky":false,"template":"","format":"standard","meta":[],"categories":[19],"tags":[],"_links":{"self":[{"href":"https:\/\/gazdasagportal.hu\/index.php\/wp-json\/wp\/v2\/posts\/117845"}],"collection":[{"href":"https:\/\/gazdasagportal.hu\/index.php\/wp-json\/wp\/v2\/posts"}],"about":[{"href":"https:\/\/gazdasagportal.hu\/index.php\/wp-json\/wp\/v2\/types\/post"}],"author":[{"embeddable":true,"href":"https:\/\/gazdasagportal.hu\/index.php\/wp-json\/wp\/v2\/users\/1"}],"replies":[{"embeddable":true,"href":"https:\/\/gazdasagportal.hu\/index.php\/wp-json\/wp\/v2\/comments?post=117845"}],"version-history":[{"count":1,"href":"https:\/\/gazdasagportal.hu\/index.php\/wp-json\/wp\/v2\/posts\/117845\/revisions"}],"predecessor-version":[{"id":117846,"href":"https:\/\/gazdasagportal.hu\/index.php\/wp-json\/wp\/v2\/posts\/117845\/revisions\/117846"}],"wp:attachment":[{"href":"https:\/\/gazdasagportal.hu\/index.php\/wp-json\/wp\/v2\/media?parent=117845"}],"wp:term":[{"taxonomy":"category","embeddable":true,"href":"https:\/\/gazdasagportal.hu\/index.php\/wp-json\/wp\/v2\/categories?post=117845"},{"taxonomy":"post_tag","embeddable":true,"href":"https:\/\/gazdasagportal.hu\/index.php\/wp-json\/wp\/v2\/tags?post=117845"}],"curies":[{"name":"wp","href":"https:\/\/api.w.org\/{rel}","templated":true}]}}