{"id":117843,"date":"2019-07-22T13:13:38","date_gmt":"2019-07-22T11:13:38","guid":{"rendered":"http:\/\/gazdasagportal.hu\/?p=117843"},"modified":"2019-07-22T13:13:38","modified_gmt":"2019-07-22T11:13:38","slug":"magyar-reszvetellel-epul-a-vilag-legnagyobb-kapacitasu-szuperszamitogepeinek-egyike","status":"publish","type":"post","link":"https:\/\/gazdasagportal.hu\/index.php\/magyar-reszvetellel-epul-a-vilag-legnagyobb-kapacitasu-szuperszamitogepeinek-egyike\/","title":{"rendered":"Magyar r\u00e9szv\u00e9tellel \u00e9p\u00fcl a vil\u00e1g legnagyobb kapacit\u00e1s\u00fa szupersz\u00e1m\u00edt\u00f3g\u00e9peinek egyike"},"content":{"rendered":"<p><strong>Magyarorsz\u00e1g is r\u00e9szt vesz abban az olasz vezet\u00e9s\u0171 konzorciumban, amely Bologn\u00e1ban hozza l\u00e9tre a vil\u00e1g egyik legnagyobb kapacit\u00e1s\u00fa szupersz\u00e1m\u00edt\u00f3g\u00e9p\u00e9t 2020 k\u00f6zep\u00e9ig &#8211; k\u00f6z\u00f6lte az Innov\u00e1ci\u00f3s \u00e9s Technol\u00f3giai Miniszt\u00e9rium (ITM) h\u00e9tf\u0151n az MTI-vel.<\/strong><!--more--><\/p>\n<div class=\"ads-in-post1\"><div id=\"gazdasagportal.hu_fullbanner_wideboard\"><\/div>\r\n<\/div>\n<p>    A szakt\u00e1rca k\u00f6zlem\u00e9ny\u00e9ben hangs\u00falyozza, Eur\u00f3pa gazdas\u00e1gi versenyk\u00e9pess\u00e9ge, t\u00e1rsadalmi j\u00f3l\u00e9te szempontj\u00e1b\u00f3l kulcsfontoss\u00e1g\u00fa a megfelel\u0151 szupersz\u00e1m\u00edt\u00f3g\u00e9pes (HPC) kapacit\u00e1s biztos\u00edt\u00e1sa a legnagyobb hozz\u00e1adott \u00e9rt\u00e9ket teremt\u0151 tudom\u00e1nyos, innovat\u00edv m\u0171helyek sz\u00e1m\u00e1ra.<br \/>\n    Az Eur\u00f3pai Uni\u00f3 ennek sz\u00fcks\u00e9gess\u00e9g\u00e9t felismerve 2018 \u0151sz\u00e9n l\u00e9trehozta az EuroHPC k\u00f6z\u00f6s v\u00e1llalatot, amelynek Magyarorsz\u00e1g is alap\u00edt\u00f3 tagja.<br \/>\n    A k\u00f6z\u00f6s v\u00e1llalat keret\u00e9ben p\u00e1ly\u00e1zati form\u00e1ban egy \u00e9ven bel\u00fcl h\u00e1rom nagy \u00e9s tov\u00e1bbi \u00f6t kisebb HPC k\u00f6zpont j\u00f6n l\u00e9tre konzorciumban, t\u00f6bb tag\u00e1llam \u00f6sszefog\u00e1s\u00e1val. A megval\u00f3s\u00edt\u00e1s k\u00f6lts\u00e9geit fele-fele ar\u00e1nyban a konzorciumi tagok \u00e9s az EuroHPC k\u00f6z\u00f6s v\u00e1llalat forr\u00e1sai biztos\u00edtj\u00e1k.<br \/>\n    A p\u00e1ly\u00e1zat csak \u00fagy volt elnyerhet\u0151, hogy a helysz\u00ednt ad\u00f3 orsz\u00e1g egy \u00e9ven bel\u00fcl biztos\u00edtja a m\u0171k\u00f6d\u00e9shez sz\u00fcks\u00e9ges megfelel\u0151 g\u00e9ptermet \u00e9s kiszolg\u00e1l\u00f3 g\u00e9p\u00e9szetet, energiaell\u00e1t\u00e1st, h\u0171t\u00e9st \u00e9s a szakemberg\u00e1rda megl\u00e9t\u00e9t. A bolognai sz\u00e9khely\u0171 CINECA non-profit szervezet minden felt\u00e9telnek eleget tesz, a finn \u00e9s spanyol vezet\u00e9s\u0171 mellett \u00edgy nyert t\u00e1mogat\u00e1st Olaszorsz\u00e1g \u00e9s tov\u00e1bbi h\u00e1rom tag konzorciuma &#8211; ismerteti az ITM.<br \/>\n<div class=\"ads-in-post2\"><script async src=\"https:\/\/pagead2.googlesyndication.com\/pagead\/js\/adsbygoogle.js\"><\/script>\r\n<ins class=\"adsbygoogle\"\r\n     style=\"display:block\"\r\n     data-ad-format=\"fluid\"\r\n     data-ad-layout-key=\"-6t+ed+2i-1n-4w\"\r\n     data-ad-client=\"ca-pub-1959107119989764\"\r\n     data-ad-slot=\"4008251320\"><\/ins>\r\n<script>\r\n     (adsbygoogle = window.adsbygoogle || []).push({});\r\n<\/script><\/div>\n    Kiemelt\u00e9k, a magyar korm\u00e1ny helyzet\u00e9rt\u00e9kel\u00e9se szerint a befektet\u00e9s a nagy teljes\u00edtm\u00e9ny\u0171 sz\u00e1m\u00edt\u00e1stechnik\u00e1ba elengedhetetlen a vil\u00e1gsz\u00ednvonal\u00fa tud\u00e1s megteremt\u00e9s\u00e9hez \u00e9s az el\u0151rehalad\u00e1s el\u00e9r\u00e9s\u00e9hez. Magyarorsz\u00e1g ez\u00e9rt csatlakozott az olaszok vezette konzorciumhoz. A hozz\u00e1j\u00e1rul\u00e1s nem p\u00e9nzbeli, Magyarorsz\u00e1g a magyar szakemberek, tud\u00f3sok tapasztalat\u00e1val, munk\u00e1j\u00e1val t\u00e1mogatja a konzorcium l\u00e9trehoz\u00e1s\u00e1t, m\u0171k\u00f6dtet\u00e9s\u00e9t, a szolg\u00e1ltat\u00e1sok fejleszt\u00e9s\u00e9t.<br \/>\n    A csatlakoz\u00e1snak k\u00f6sz\u00f6nhet\u0151en sz\u00e1mos komplex kutat\u00e1si t\u00e9m\u00e1n dolgoz\u00f3 hazai kutat\u00f3csoport, innovat\u00edv v\u00e1llalkoz\u00e1s sz\u00e1m\u00e1ra v\u00e1lik lehet\u0151v\u00e9, hogy hozz\u00e1f\u00e9rjenek a vil\u00e1g egyik legfejlettebb (150 PetaFlops feldolgoz\u00e1si sebess\u00e9g\u0171) szupersz\u00e1m\u00edt\u00f3g\u00e9p\u00e9hez. A technol\u00f3gia kiemelt alkalmaz\u00e1si ter\u00fcletei lehetnek a gy\u00f3gyszer- \u00e9s vegy\u00e9szeti kutat\u00e1sok, a mesters\u00e9ges intelligencia, az \u00f6nvezet\u0151 j\u00e1rm\u0171vek \u00e9s a kapcsol\u00f3d\u00f3 infrastrukt\u00fara &#8211; t\u00e1j\u00e9koztatott az ITM.(MTI)<\/p>\n","protected":false},"excerpt":{"rendered":"<p>Magyarorsz\u00e1g is r\u00e9szt vesz abban az olasz vezet\u00e9s\u0171 konzorciumban, amely Bologn\u00e1ban hozza l\u00e9tre a vil\u00e1g egyik legnagyobb kapacit\u00e1s\u00fa szupersz\u00e1m\u00edt\u00f3g\u00e9p\u00e9t 2020 k\u00f6zep\u00e9ig &#8211; k\u00f6z\u00f6lte az Innov\u00e1ci\u00f3s \u00e9s Technol\u00f3giai Miniszt\u00e9rium (ITM) h\u00e9tf\u0151n az MTI-vel.<\/p>\n","protected":false},"author":1,"featured_media":0,"comment_status":"closed","ping_status":"open","sticky":false,"template":"","format":"standard","meta":[],"categories":[4,12],"tags":[],"_links":{"self":[{"href":"https:\/\/gazdasagportal.hu\/index.php\/wp-json\/wp\/v2\/posts\/117843"}],"collection":[{"href":"https:\/\/gazdasagportal.hu\/index.php\/wp-json\/wp\/v2\/posts"}],"about":[{"href":"https:\/\/gazdasagportal.hu\/index.php\/wp-json\/wp\/v2\/types\/post"}],"author":[{"embeddable":true,"href":"https:\/\/gazdasagportal.hu\/index.php\/wp-json\/wp\/v2\/users\/1"}],"replies":[{"embeddable":true,"href":"https:\/\/gazdasagportal.hu\/index.php\/wp-json\/wp\/v2\/comments?post=117843"}],"version-history":[{"count":1,"href":"https:\/\/gazdasagportal.hu\/index.php\/wp-json\/wp\/v2\/posts\/117843\/revisions"}],"predecessor-version":[{"id":117844,"href":"https:\/\/gazdasagportal.hu\/index.php\/wp-json\/wp\/v2\/posts\/117843\/revisions\/117844"}],"wp:attachment":[{"href":"https:\/\/gazdasagportal.hu\/index.php\/wp-json\/wp\/v2\/media?parent=117843"}],"wp:term":[{"taxonomy":"category","embeddable":true,"href":"https:\/\/gazdasagportal.hu\/index.php\/wp-json\/wp\/v2\/categories?post=117843"},{"taxonomy":"post_tag","embeddable":true,"href":"https:\/\/gazdasagportal.hu\/index.php\/wp-json\/wp\/v2\/tags?post=117843"}],"curies":[{"name":"wp","href":"https:\/\/api.w.org\/{rel}","templated":true}]}}