{"id":117839,"date":"2019-07-22T11:22:48","date_gmt":"2019-07-22T09:22:48","guid":{"rendered":"http:\/\/gazdasagportal.hu\/?p=117839"},"modified":"2019-07-22T11:22:48","modified_gmt":"2019-07-22T09:22:48","slug":"ey-egyre-vonzobb-a-kulfoldi-befektetok-szemeben-kozep-kelet-europa","status":"publish","type":"post","link":"https:\/\/gazdasagportal.hu\/index.php\/ey-egyre-vonzobb-a-kulfoldi-befektetok-szemeben-kozep-kelet-europa\/","title":{"rendered":"EY: egyre vonz\u00f3bb a k\u00fclf\u00f6ldi befektet\u0151k szem\u00e9ben K\u00f6z\u00e9p-Kelet-Eur\u00f3pa"},"content":{"rendered":"<p><strong>A vil\u00e1g m\u00e1sodik legvonz\u00f3bb befektet\u00e9si c\u00e9lpontja K\u00f6z\u00e9p-Kelet-Eur\u00f3pa &#8211; k\u00f6z\u00f6lte az EY nemzetk\u00f6zi tan\u00e1csad\u00f3 c\u00e9g h\u00e9tf\u0151n az MTI-vel az EY European Attractiveness Survey alapj\u00e1n, amely a tavaly megval\u00f3sult, munkahelyteremt\u00e9ssel j\u00e1r\u00f3 beruh\u00e1z\u00e1sokat vizsg\u00e1lta. <\/strong><!--more--><\/p>\n<div class=\"ads-in-post1\"><div id=\"gazdasagportal.hu_fullbanner_wideboard\"><\/div>\r\n<\/div>\n<p>    A felm\u00e9r\u00e9st a CSA Institute v\u00e9gezte 2019. janu\u00e1r \u00e9s febru\u00e1r k\u00f6z\u00f6tt 506 nemzetk\u00f6zi d\u00f6nt\u00e9shoz\u00f3 megk\u00e9rdez\u00e9s\u00e9vel.<br \/>\n    A k\u00f6zlem\u00e9nyben kit\u00e9rnek arra, hogy Eur\u00f3p\u00e1ban hat \u00e9v ut\u00e1n m\u00e9rs\u00e9kl\u0151d\u00f6tt el\u0151sz\u00f6r a m\u0171k\u00f6d\u0151t\u0151ke-befektet\u00e9sek (FDI) sz\u00e1ma, azonban a 6356 lez\u00e1rt projekttel \u00edgy is az elm\u00falt h\u00fasz \u00e9v m\u00e1sodik legjobb eredm\u00e9ny\u00e9t produk\u00e1lta a kontinens.<br \/>\n    Kiemelt\u00e9k, Nyugat-Eur\u00f3pa tov\u00e1bbra is a legvonz\u00f3bb terep vil\u00e1gszerte a befektet\u0151k sz\u00e1m\u00e1ra, 56 sz\u00e1zal\u00e9kuk sorolja a h\u00e1rom legn\u00e9pszer\u0171bb c\u00e9lpont k\u00f6z\u00e9.<br \/>\n    A felm\u00e9r\u00e9s eredm\u00e9nye alapj\u00e1n K\u00f6z\u00e9p-Kelet-Eur\u00f3pa m\u00e1r a m\u00e1sodik legvonz\u00f3bb r\u00e9gi\u00f3, megel\u0151zve \u00c9szak-Amerik\u00e1t \u00e9s K\u00edn\u00e1t is.<br \/>\n    A legt\u00f6bb eur\u00f3pai m\u0171k\u00f6d\u0151t\u0151ke-befektet\u00e9s tov\u00e1bbra is az Egyes\u00fclt Kir\u00e1lys\u00e1gba ir\u00e1nyult, a k\u00fcsz\u00f6b\u00f6n \u00e1ll\u00f3 Brexit miatt azonban \u00e9rezhet\u0151 a beruh\u00e1z\u00f3k bizonytalans\u00e1ga. A brit piacot Franciaorsz\u00e1g, majd N\u00e9metorsz\u00e1g k\u00f6veti a rangsorban. Magyarorsz\u00e1g a 15. helyen \u00e1ll a tavaly el\u00e9rt 101 FDI-tranzakci\u00f3val &#8211; k\u00f6z\u00f6lte az EY.<br \/>\n<div class=\"ads-in-post2\"><script async src=\"https:\/\/pagead2.googlesyndication.com\/pagead\/js\/adsbygoogle.js\"><\/script>\r\n<ins class=\"adsbygoogle\"\r\n     style=\"display:block\"\r\n     data-ad-format=\"fluid\"\r\n     data-ad-layout-key=\"-6t+ed+2i-1n-4w\"\r\n     data-ad-client=\"ca-pub-1959107119989764\"\r\n     data-ad-slot=\"4008251320\"><\/ins>\r\n<script>\r\n     (adsbygoogle = window.adsbygoogle || []).push({});\r\n<\/script><\/div>\n    Kimutatt\u00e1k, hogy Eur\u00f3p\u00e1ban a technol\u00f3giai szektor tov\u00e1bbra is vir\u00e1gzik. 2018-ban 1227 munkahelyteremt\u00e9ssel j\u00e1r\u00f3 beruh\u00e1z\u00e1s t\u00f6rt\u00e9nt, ami az \u00f6t \u00e9vvel ezel\u0151tti \u00e9rt\u00e9k dupl\u00e1ja. A n\u00f6veked\u00e9s els\u0151sorban az amerikai befektet\u0151knek volt k\u00f6sz\u00f6nhet\u0151, akik az \u00f6sszes tranzakci\u00f3 37 sz\u00e1zal\u00e9k\u00e1\u00e9rt feleltek. Ugyancsak er\u0151s volt a k\u00fclf\u00f6ldi beruh\u00e1z\u00e1si kedv olyan, hagyom\u00e1nyosnak mondhat\u00f3 eur\u00f3pai ipar\u00e1gakban is, mint a sz\u00e1ll\u00edtm\u00e1nyoz\u00e1s, a g\u00e9pipar \u00e9s a vegyipar.<br \/>\n    S\u00e1nta Mikl\u00f3s, az EY nemzetk\u00f6zi ad\u00f3z\u00e1ssal foglalkoz\u00f3 vezet\u0151je a k\u00f6zlem\u00e9nyben kifejtette, K\u00f6z\u00e9p- \u00e9s Kelet-Eur\u00f3pa az elm\u00falt harminc \u00e9vben befektet\u00e9si szempontb\u00f3l a kontinens m\u0171helyek\u00e9nt m\u0171k\u00f6d\u00f6tt. A sz\u0171k\u00fcl\u0151 munkaer\u0151piac \u00e9s az emelked\u0151 b\u00e9rek miatt azonban ez megv\u00e1ltozott, K\u00f6z\u00e9p-Eur\u00f3pa m\u00e1r Nyugat-Eur\u00f3pa el\u0151v\u00e1rosa &#8211; fogalmazott a szakember.<br \/>\n    R\u00e1mutat S\u00e1nta Mikl\u00f3s arra is, hogy egyre t\u00f6bb a jelent\u0151s hozz\u00e1adott \u00e9rt\u00e9kkel b\u00edr\u00f3 befektet\u00e9s, \u00edgy a munkaintenz\u00edv, alacsony b\u00e9rekre \u00e9p\u00edt\u0151 FDI-projektek Eur\u00f3p\u00e1ban is mindink\u00e1bb d\u00e9l \u00e9s kelet fel\u00e9 ir\u00e1nyulnak.(MTI)<\/p>\n","protected":false},"excerpt":{"rendered":"<p>A vil\u00e1g m\u00e1sodik legvonz\u00f3bb befektet\u00e9si c\u00e9lpontja K\u00f6z\u00e9p-Kelet-Eur\u00f3pa &#8211; k\u00f6z\u00f6lte az EY nemzetk\u00f6zi tan\u00e1csad\u00f3 c\u00e9g h\u00e9tf\u0151n az MTI-vel az EY European Attractiveness Survey alapj\u00e1n, amely a tavaly megval\u00f3sult, munkahelyteremt\u00e9ssel j\u00e1r\u00f3 beruh\u00e1z\u00e1sokat vizsg\u00e1lta.<\/p>\n","protected":false},"author":1,"featured_media":0,"comment_status":"closed","ping_status":"open","sticky":false,"template":"","format":"standard","meta":[],"categories":[19,246],"tags":[],"_links":{"self":[{"href":"https:\/\/gazdasagportal.hu\/index.php\/wp-json\/wp\/v2\/posts\/117839"}],"collection":[{"href":"https:\/\/gazdasagportal.hu\/index.php\/wp-json\/wp\/v2\/posts"}],"about":[{"href":"https:\/\/gazdasagportal.hu\/index.php\/wp-json\/wp\/v2\/types\/post"}],"author":[{"embeddable":true,"href":"https:\/\/gazdasagportal.hu\/index.php\/wp-json\/wp\/v2\/users\/1"}],"replies":[{"embeddable":true,"href":"https:\/\/gazdasagportal.hu\/index.php\/wp-json\/wp\/v2\/comments?post=117839"}],"version-history":[{"count":1,"href":"https:\/\/gazdasagportal.hu\/index.php\/wp-json\/wp\/v2\/posts\/117839\/revisions"}],"predecessor-version":[{"id":117840,"href":"https:\/\/gazdasagportal.hu\/index.php\/wp-json\/wp\/v2\/posts\/117839\/revisions\/117840"}],"wp:attachment":[{"href":"https:\/\/gazdasagportal.hu\/index.php\/wp-json\/wp\/v2\/media?parent=117839"}],"wp:term":[{"taxonomy":"category","embeddable":true,"href":"https:\/\/gazdasagportal.hu\/index.php\/wp-json\/wp\/v2\/categories?post=117839"},{"taxonomy":"post_tag","embeddable":true,"href":"https:\/\/gazdasagportal.hu\/index.php\/wp-json\/wp\/v2\/tags?post=117839"}],"curies":[{"name":"wp","href":"https:\/\/api.w.org\/{rel}","templated":true}]}}