{"id":117816,"date":"2019-07-20T09:44:34","date_gmt":"2019-07-20T07:44:34","guid":{"rendered":"http:\/\/gazdasagportal.hu\/?p=117816"},"modified":"2019-07-20T09:16:34","modified_gmt":"2019-07-20T07:16:34","slug":"donald-trump-a-feher-hazban-fogadta-az-50-evvel-ezelotti-holdra-szallas-ket-urhajosat","status":"publish","type":"post","link":"https:\/\/gazdasagportal.hu\/index.php\/donald-trump-a-feher-hazban-fogadta-az-50-evvel-ezelotti-holdra-szallas-ket-urhajosat\/","title":{"rendered":"Donald Trump a Feh\u00e9r H\u00e1zban fogadta az 50 \u00e9vvel ezel\u0151tti Holdra sz\u00e1ll\u00e1s k\u00e9t \u0171rhaj\u00f3s\u00e1t"},"content":{"rendered":"<p><strong>Donald Trump amerikai eln\u00f6k a Feh\u00e9r H\u00e1zban fogadta az 50 \u00e9vvel ezel\u0151tti Holdra sz\u00e1ll\u00e1s m\u00e9g \u00e9letben l\u00e9v\u0151 k\u00e9t \u0171rhaj\u00f3s\u00e1t, Buzz Aldrint \u00e9s Michael Collinst. <\/strong><!--more--><\/p>\n<div class=\"ads-in-post1\"><div id=\"gazdasagportal.hu_fullbanner_wideboard\"><\/div>\r\n<\/div>\n<p>    &#8222;Szombaton nagyszer\u0171 napot k\u00f6sz\u00f6nt\u00fcnk, \u00f6tven \u00e9ve lesz, hogy egy sz\u00e9p amerikai z\u00e1szl\u00f3t helyezt\u00fcnk el a Holdon&#8221; &#8211; fogalmazott az eln\u00f6k a k\u00e9t asztronauta tisztelet\u00e9re rendezett \u00fcnneps\u00e9gen.<br \/>\n     1969. j\u00falius 20-\u00e1n l\u00e9pett el\u0151sz\u00f6r ember a Holdra. A NASA (amerikai \u0171rhaj\u00f3z\u00e1si hivatal) Apollo-programja keret\u00e9ben ez volt az \u00f6t\u00f6dik Apollo-k\u00fcldet\u00e9s. Miut\u00e1n az Apollo 11 holdkompja landolt a bolyg\u00f3n, el\u0151sz\u00f6r a parancsnok, Neil Armstrong l\u00e9pett ki, majd 19 perccel k\u00e9s\u0151bb k\u00f6vette \u0151t Buzz Aldrin. Mintegy k\u00e9t \u00e9s egynegyed \u00f3r\u00e1t t\u00f6lt\u00f6ttek a Holdon, talajmint\u00e1kat gy\u0171jt\u00f6ttek \u00e9s 21 kilogrammn\u00e1l is t\u00f6bb anyagot hoztak a Hold felsz\u00edn\u00e9r\u0151l a F\u00f6ldre. A harmadik \u0171rhaj\u00f3s, Michael Collins a Hold k\u00f6r\u00fcli p\u00e1ly\u00e1n kering\u0151 parancsnoki \u0171rhaj\u00f3n maradt.<br \/>\n<div class=\"ads-in-post2\"><script async src=\"https:\/\/pagead2.googlesyndication.com\/pagead\/js\/adsbygoogle.js\"><\/script>\r\n<ins class=\"adsbygoogle\"\r\n     style=\"display:block\"\r\n     data-ad-format=\"fluid\"\r\n     data-ad-layout-key=\"-6t+ed+2i-1n-4w\"\r\n     data-ad-client=\"ca-pub-1959107119989764\"\r\n     data-ad-slot=\"4008251320\"><\/ins>\r\n<script>\r\n     (adsbygoogle = window.adsbygoogle || []).push({});\r\n<\/script><\/div>\n    A vil\u00e1grasz\u00f3l\u00f3 esem\u00e9nyt \u00e9l\u0151 ad\u00e1sban k\u00f6zvet\u00edtett\u00e9k a telev\u00edzi\u00f3k.<br \/>\n    Neil Armstrong 2012-ben elhunyt. A Feh\u00e9r H\u00e1z \u00fcnneps\u00e9g\u00e9n a k\u00e9t fia \u00e9s a csal\u00e1dtagjai vettek r\u00e9szt. A 89 \u00e9ves Aldrin \u00e9s a 88 esztend\u0151s Collins azonban &#8211; a csal\u00e1dtagokkal egy\u00fctt &#8211; jelen volt az \u00fcnneps\u00e9gen.<br \/>\n    Nagyszer\u0171 tal\u00e1lkoz\u00f3 Donald Trump eln\u00f6kkel. Arr\u00f3l besz\u00e9lgett\u00fcnk, hogy milyen legyen Amerika j\u00f6v\u0151je a vil\u00e1g\u0171rben, hogyan v\u00e1laszoljuk meg a vil\u00e1g\u0171r kih\u00edv\u00e1sait, \u00e9s hogy sz\u00fcks\u00e9g van a horizonton t\u00fali tov\u00e1bbi kutat\u00e1sokra&#8221; &#8211; \u00edrta az \u00fcnneps\u00e9g ut\u00e1ni Twitter-bejegyz\u00e9s\u00e9ben Aldrin. Majd hozz\u00e1f\u0171zte: &#8222;\u0151rizz\u00fck meg Amerika nagys\u00e1g\u00e1t a vil\u00e1g\u0171rben!&#8221;.<br \/>\n    Szombaton a texasi Houstonban, a NASA-k\u00f6zpontban tartanak megeml\u00e9kez\u00e9st a Holdra sz\u00e1ll\u00e1sr\u00f3l, de az Egyes\u00fclt \u00c1llamok t\u00f6bb v\u00e1ros\u00e1ban \u00e9s telep\u00fcl\u00e9s\u00e9n is rendezv\u00e9nyek lesznek. A washingtoni National Geographic-m\u00fazeumban p\u00e9ld\u00e1ul interakt\u00edv ki\u00e1ll\u00edt\u00e1s ny\u00edlt, kedden este az Apoll\u00f3 11 kil\u00f6v\u00e9s\u00e9nek pillanatait id\u00e9zte fel egy f\u00e9nyj\u00e1t\u00e9k az amerikai f\u0151v\u00e1rosban, \u00e9s a f\u0151v\u00e1ros sz\u00edv\u00e9ben l\u00e9v\u0151 Washington-eml\u00e9km\u0171re pedig az Apoll\u00f3-\u0171rhaj\u00f3t vet\u00edtett\u00e9k.(MTI)<\/p>\n","protected":false},"excerpt":{"rendered":"<p>Donald Trump amerikai eln\u00f6k a Feh\u00e9r H\u00e1zban fogadta az 50 \u00e9vvel ezel\u0151tti Holdra sz\u00e1ll\u00e1s m\u00e9g \u00e9letben l\u00e9v\u0151 k\u00e9t \u0171rhaj\u00f3s\u00e1t, Buzz Aldrint \u00e9s Michael Collinst.<\/p>\n","protected":false},"author":1001003,"featured_media":0,"comment_status":"closed","ping_status":"open","sticky":false,"template":"","format":"standard","meta":[],"categories":[13],"tags":[],"_links":{"self":[{"href":"https:\/\/gazdasagportal.hu\/index.php\/wp-json\/wp\/v2\/posts\/117816"}],"collection":[{"href":"https:\/\/gazdasagportal.hu\/index.php\/wp-json\/wp\/v2\/posts"}],"about":[{"href":"https:\/\/gazdasagportal.hu\/index.php\/wp-json\/wp\/v2\/types\/post"}],"author":[{"embeddable":true,"href":"https:\/\/gazdasagportal.hu\/index.php\/wp-json\/wp\/v2\/users\/1001003"}],"replies":[{"embeddable":true,"href":"https:\/\/gazdasagportal.hu\/index.php\/wp-json\/wp\/v2\/comments?post=117816"}],"version-history":[{"count":1,"href":"https:\/\/gazdasagportal.hu\/index.php\/wp-json\/wp\/v2\/posts\/117816\/revisions"}],"predecessor-version":[{"id":117817,"href":"https:\/\/gazdasagportal.hu\/index.php\/wp-json\/wp\/v2\/posts\/117816\/revisions\/117817"}],"wp:attachment":[{"href":"https:\/\/gazdasagportal.hu\/index.php\/wp-json\/wp\/v2\/media?parent=117816"}],"wp:term":[{"taxonomy":"category","embeddable":true,"href":"https:\/\/gazdasagportal.hu\/index.php\/wp-json\/wp\/v2\/categories?post=117816"},{"taxonomy":"post_tag","embeddable":true,"href":"https:\/\/gazdasagportal.hu\/index.php\/wp-json\/wp\/v2\/tags?post=117816"}],"curies":[{"name":"wp","href":"https:\/\/api.w.org\/{rel}","templated":true}]}}