{"id":117810,"date":"2019-07-21T13:08:45","date_gmt":"2019-07-21T11:08:45","guid":{"rendered":"http:\/\/gazdasagportal.hu\/?p=117810"},"modified":"2019-07-20T09:09:39","modified_gmt":"2019-07-20T07:09:39","slug":"donald-trump-boris-johnson-kivalo-munkat-fog-vegezni-brit-miniszterelnokkent","status":"publish","type":"post","link":"https:\/\/gazdasagportal.hu\/index.php\/donald-trump-boris-johnson-kivalo-munkat-fog-vegezni-brit-miniszterelnokkent\/","title":{"rendered":"Donald Trump: Boris Johnson kiv\u00e1l\u00f3 munk\u00e1t fog v\u00e9gezni brit minisztereln\u00f6kk\u00e9nt"},"content":{"rendered":"<p><strong>Boris Johnson kiv\u00e1l\u00f3 munk\u00e1t fog v\u00e9gezni brit minisztereln\u00f6kk\u00e9nt &#8211; fogalmazott Donald Trump amerikai eln\u00f6k p\u00e9nteken a Feh\u00e9r H\u00e1zban \u00fajs\u00e1g\u00edr\u00f3knak. <\/strong><!--more--><\/p>\n<div class=\"ads-in-post1\"><div id=\"gazdasagportal.hu_fullbanner_wideboard\"><\/div>\r\n<\/div>\n<p>    Az eln\u00f6k azt is elmondta, hogy el\u0151z\u0151 nap telefonon egyeztetett Johnsonnal, akit elemz\u0151k a riv\u00e1lis Jeremy Hunttal szemben j\u00f3val es\u00e9lyesebbnek tartanak arra, hogy az Egyes\u00fclt Kir\u00e1lys\u00e1g \u00faj korm\u00e1nyf\u0151je legyen.<br \/>\n    Trump a besz\u00e9lget\u00e9s tartalm\u00e1t ugyan nem r\u00e9szletezte, de megjegyezte a brit politikusr\u00f3l: &#8222;kedvelem \u0151t&#8221;. Majd hozz\u00e1tette: &#8222;nagyszer\u0171 lesz a viszonyunk&#8221;. Lesz\u00f6gezte azt is, hogy szerinte Johnson v\u00e9grehajtja a Brexitet.<br \/>\n     A rendezv\u00e9nyen &#8211; amelyen   bens\u0151s\u00e9ges \u00fcnneps\u00e9g keret\u00e9ben fogadta az 50 \u00e9vvel ezel\u0151tti \u0171rrep\u00fcl\u00e9s m\u00e9g \u00e9letben l\u00e9v\u0151 k\u00e9t \u0171rhaj\u00f3s\u00e1t, Buzz Aldrint \u00e9s Michael Collinst &#8211; \u00fajs\u00e1g\u00edr\u00f3k k\u00e9rd\u00e9seire v\u00e1laszolva Trump kit\u00e9rt az ir\u00e1ni dr\u00f3n lel\u00f6v\u00e9s\u00e9re.<br \/>\n<div class=\"ads-in-post2\"><script async src=\"https:\/\/pagead2.googlesyndication.com\/pagead\/js\/adsbygoogle.js\"><\/script>\r\n<ins class=\"adsbygoogle\"\r\n     style=\"display:block\"\r\n     data-ad-format=\"fluid\"\r\n     data-ad-layout-key=\"-6t+ed+2i-1n-4w\"\r\n     data-ad-client=\"ca-pub-1959107119989764\"\r\n     data-ad-slot=\"4008251320\"><\/ins>\r\n<script>\r\n     (adsbygoogle = window.adsbygoogle || []).push({});\r\n<\/script><\/div>\n    Meger\u0151s\u00edtette, hogy a hadseregt\u0151l sz\u00e1rmaz\u00f3 \u00e9rtes\u00fcl\u00e9sei szerint az amerikai haditenger\u00e9szeti er\u0151k val\u00f3ban lel\u0151ttek egy ir\u00e1ni dr\u00f3nt, Ir\u00e1n d\u00e9li partjai ment\u00e9n.<br \/>\n    Teher\u00e1n c\u00e1folta ezt, Abb\u00e1sz Aragcsi k\u00fcl\u00fcgyminiszter-helyettes szerint val\u00f3ban lel\u0151ttek egy dr\u00f3nt, de az nem ir\u00e1ni volt. A perzsa politikus azt val\u00f3sz\u00edn\u0171s\u00edtette, hogy az amerikaiak t\u00e9ved\u00e9sb\u0151l a saj\u00e1t dr\u00f3njukat l\u0151hett\u00e9k le. Ugyanakkor a The Wall Street Journal c\u00edm\u0171 lap meg nem nevezett korm\u00e1nyzati forr\u00e1sokra hivatkozva azt jelentette: a Pentagon meger\u0151s\u00edtette, hogy ir\u00e1ni dr\u00f3nt l\u0151ttek le. &#8222;Erre nagyon nyilv\u00e1nval\u00f3 bizony\u00edt\u00e9kunk van&#8221; &#8211; id\u00e9zte a Pentagon magas rang\u00fa tiszts\u00e9gvisel\u0151j\u00e9t a lap.<br \/>\n     Donald Trump foglalkozott a Toki\u00f3 \u00e9s Sz\u00f6ul k\u00f6z\u00f6tti vit\u00e1val is. Mint mondta: sz\u00edvesen k\u00f6zvet\u00edt, hogy cs\u00f6kkenjen a fesz\u00fclts\u00e9g a k\u00e9t orsz\u00e1g k\u00f6z\u00f6tt. &#8222;Ha sz\u00fcks\u00e9g\u00fck van r\u00e1m, itt vagyok&#8221; &#8211; jelentette ki.<br \/>\n    A k\u00e9t \u00e1zsiai orsz\u00e1g k\u00f6z\u00f6tti vita a m\u00e1sodik vil\u00e1gh\u00e1bor\u00fa el\u0151tti \u00e9s alatti id\u0151szakban t\u00f6rt\u00e9ntek miatt robbant ki. Korea akkor jap\u00e1n megsz\u00e1ll\u00e1s alatt volt \u00e9s a jap\u00e1nok k\u00e9nyszer\u00edtett\u00e9k a koreaiakat, hogy a megsz\u00e1ll\u00f3knak dolgozzanak. Az akkor t\u00f6rt\u00e9ntek\u00e9rt ny\u00fajtand\u00f3 k\u00e1rt\u00e9r\u00edt\u00e9s viszont most szembeford\u00edtotta egym\u00e1ssal a k\u00e9t orsz\u00e1got. A n\u00e9zetelt\u00e9r\u00e9s kereskedelmi vit\u00e1val p\u00e1rosult: Toki\u00f3 bejelentette, hogy korl\u00e1tozza a Sz\u00f6ulnak sz\u00e1ll\u00edtand\u00f3 korszer\u0171 technol\u00f3giai term\u00e9keket.(MTI)<\/p>\n","protected":false},"excerpt":{"rendered":"<p>Boris Johnson kiv\u00e1l\u00f3 munk\u00e1t fog v\u00e9gezni brit minisztereln\u00f6kk\u00e9nt &#8211; fogalmazott Donald Trump amerikai eln\u00f6k p\u00e9nteken a Feh\u00e9r H\u00e1zban \u00fajs\u00e1g\u00edr\u00f3knak.<\/p>\n","protected":false},"author":1001003,"featured_media":0,"comment_status":"closed","ping_status":"open","sticky":false,"template":"","format":"standard","meta":[],"categories":[12,246],"tags":[],"_links":{"self":[{"href":"https:\/\/gazdasagportal.hu\/index.php\/wp-json\/wp\/v2\/posts\/117810"}],"collection":[{"href":"https:\/\/gazdasagportal.hu\/index.php\/wp-json\/wp\/v2\/posts"}],"about":[{"href":"https:\/\/gazdasagportal.hu\/index.php\/wp-json\/wp\/v2\/types\/post"}],"author":[{"embeddable":true,"href":"https:\/\/gazdasagportal.hu\/index.php\/wp-json\/wp\/v2\/users\/1001003"}],"replies":[{"embeddable":true,"href":"https:\/\/gazdasagportal.hu\/index.php\/wp-json\/wp\/v2\/comments?post=117810"}],"version-history":[{"count":1,"href":"https:\/\/gazdasagportal.hu\/index.php\/wp-json\/wp\/v2\/posts\/117810\/revisions"}],"predecessor-version":[{"id":117811,"href":"https:\/\/gazdasagportal.hu\/index.php\/wp-json\/wp\/v2\/posts\/117810\/revisions\/117811"}],"wp:attachment":[{"href":"https:\/\/gazdasagportal.hu\/index.php\/wp-json\/wp\/v2\/media?parent=117810"}],"wp:term":[{"taxonomy":"category","embeddable":true,"href":"https:\/\/gazdasagportal.hu\/index.php\/wp-json\/wp\/v2\/categories?post=117810"},{"taxonomy":"post_tag","embeddable":true,"href":"https:\/\/gazdasagportal.hu\/index.php\/wp-json\/wp\/v2\/tags?post=117810"}],"curies":[{"name":"wp","href":"https:\/\/api.w.org\/{rel}","templated":true}]}}