{"id":117800,"date":"2019-07-20T08:21:37","date_gmt":"2019-07-20T06:21:37","guid":{"rendered":"http:\/\/gazdasagportal.hu\/?p=117800"},"modified":"2019-07-20T08:21:37","modified_gmt":"2019-07-20T06:21:37","slug":"london-nem-tervez-katonai-akciot-de-koveteli-irantol-a-lefoglalt-brit-hajo-azonnali-elengedeset","status":"publish","type":"post","link":"https:\/\/gazdasagportal.hu\/index.php\/london-nem-tervez-katonai-akciot-de-koveteli-irantol-a-lefoglalt-brit-hajo-azonnali-elengedeset\/","title":{"rendered":"London nem tervez katonai akci\u00f3t, de k\u00f6veteli Ir\u00e1nt\u00f3l a lefoglalt brit haj\u00f3 azonnali elenged\u00e9s\u00e9t"},"content":{"rendered":"<p><strong>Jeremy Hunt brit k\u00fcl\u00fcgyminiszter szerint London nem tervez katonai akci\u00f3t az Ir\u00e1n \u00e1ltal p\u00e9nteken lefoglalt brit tart\u00e1lyhaj\u00f3 kiszabad\u00edt\u00e1s\u00e1ra, de k\u00f6veteli az ir\u00e1ni hat\u00f3s\u00e1gokt\u00f3l a haj\u00f3 azonnali elenged\u00e9s\u00e9t. Londoni elemz\u0151i v\u00e9lem\u00e9ny szerint amerikai katonai beavatkoz\u00e1s sem val\u00f3sz\u00edn\u0171.<\/strong><!--more--><\/p>\n<div class=\"ads-in-post1\"><div id=\"gazdasagportal.hu_fullbanner_wideboard\"><\/div>\r\n<\/div>\n<p>    Az ir\u00e1ni Forradalmi G\u00e1rda p\u00e9ntek este a Hormuzi-szorosban elfoglalt k\u00e9t brit tart\u00e1lyhaj\u00f3t. Az egyik r\u00f6vid id\u0151 ut\u00e1n folytathatta \u00fatj\u00e1t, de a m\u00e1sik Ir\u00e1n fel\u00e9 tart.<br \/>\n    London t\u00e1j\u00e9koztat\u00e1sa szerint a k\u00e9t haj\u00f3 szem\u00e9lyzet\u00e9nek tagjai k\u00f6z\u00f6tt nincsenek brit \u00e1llampolg\u00e1rok, a 23 f\u0151s leg\u00e9nys\u00e9g indiai, orosz, lett \u00e9s F\u00fcl\u00f6p-szigeteki.<br \/>\n    P\u00e9nteken k\u00e9s\u0151 este k\u00e9tszer is \u00f6ssze\u00fclt a brit korm\u00e1ny k\u00fcl\u00f6nleges helyzetekben \u00fcl\u00e9sez\u0151 tan\u00e1cskoz\u00f3 test\u00fclete (COBRA).<br \/>\n    A bizotts\u00e1g \u00e9rtekezleteir\u0151l a korm\u00e1ny rendszerint nem ad nyilv\u00e1nos t\u00e1j\u00e9koztat\u00e1st, de Hunt a tan\u00e1cskoz\u00e1s sz\u00fcnet\u00e9ben a BBC telev\u00edzi\u00f3nak elmondta: az egyik haj\u00f3, a Stena Impero ir\u00e1nyt v\u00e1ltott, \u00e9s Ir\u00e1n fel\u00e9 vette \u00fatj\u00e1t, miut\u00e1n n\u00e9gy nasz\u00e1d k\u00f6r\u00fclvette \u00e9s a leveg\u0151ben egy helikopter k\u00f6veti.<br \/>\n    A m\u00e1sik haj\u00f3t, a lib\u00e9riai z\u00e1szl\u00f3 alatt k\u00f6zleked\u0151, de szint\u00e9n brit tulajdon\u00fa Mesdart Hunt t\u00e1j\u00e9koztat\u00e1sa szerint t\u00edz gyorsnasz\u00e1d \u00e1ll\u00edtotta meg. A brit k\u00fcl\u00fcgyminiszter szerint egyel\u0151re nem egy\u00e9rtelm\u0171, hogy ez a haj\u00f3 is ir\u00e1nyt v\u00e1ltott-e.<br \/>\n<div class=\"ads-in-post2\"><script async src=\"https:\/\/pagead2.googlesyndication.com\/pagead\/js\/adsbygoogle.js\"><\/script>\r\n<ins class=\"adsbygoogle\"\r\n     style=\"display:block\"\r\n     data-ad-format=\"fluid\"\r\n     data-ad-layout-key=\"-6t+ed+2i-1n-4w\"\r\n     data-ad-client=\"ca-pub-1959107119989764\"\r\n     data-ad-slot=\"4008251320\"><\/ins>\r\n<script>\r\n     (adsbygoogle = window.adsbygoogle || []).push({});\r\n<\/script><\/div>\n    A Mesdar tulajdonosa, a glasgow-i sz\u00e9khely\u0171 Norbulk Shipping UK azonban p\u00e9ntek esti els\u0151 t\u00e1j\u00e9koztat\u00e1s\u00e1ban azt k\u00f6z\u00f6lte, hogy a 2007-ben \u00e9p\u00fclt, 315 ezer tonna v\u00edzkiszor\u00edt\u00e1s\u00fa tart\u00e1lyhaj\u00f3t egy fegyveres alakulat sz\u00e1llta meg, \u00e9s ez a haj\u00f3 is elindult \u00e9szakra, Ir\u00e1n fel\u00e9.<br \/>\n    A Norbulk Shipping UK k\u00e9s\u0151 \u00e9jjeli m\u00e1sodik, friss\u00edtett t\u00e1j\u00e9koztat\u00e1s\u00e1ban viszont m\u00e1r arr\u00f3l sz\u00e1molt be, hogy a kommunik\u00e1ci\u00f3t siker\u00fclt helyre\u00e1ll\u00edtani a Mesdarral, a haj\u00f3 kapit\u00e1nya azt jelentette, hogy a fegyveres alakulat elhagyta a fed\u00e9lzetet, a Mesdar szabadon folytathatta eredetileg tervezett \u00fatj\u00e1t, a szem\u00e9lyzetnek nem esett b\u00e1nt\u00f3d\u00e1sa.<br \/>\n    A Stena Impero tulajdonosa, a Stena Bulk \u00e9s a haj\u00f3t\u00e9r kereskedelmi hasznos\u00edt\u00e1s\u00e1\u00e9rt felel\u0151s c\u00e9g, a Northern Marine Management p\u00e9ntek este Londonban kiadott k\u00f6z\u00f6s t\u00e1j\u00e9koztat\u00e1sa szerint a 2018-ban \u00e9p\u00fclt, 49 683 tonna v\u00edzkiszor\u00edt\u00e1s\u00fa tart\u00e1lyhaj\u00f3t nem azonos\u00edtott kis nasz\u00e1dok \u00e9s egy helikopter k\u00f6zel\u00edtette meg, mik\u00f6zben a haj\u00f3 a Hormuzi-szoroson kelt \u00e1t.<br \/>\n    A k\u00e9t v\u00e1llalat k\u00f6zlem\u00e9nye szerint a Stena Impero nemzetk\u00f6zi vizeken haladt.<br \/>\n    A t\u00e1j\u00e9koztat\u00e1s szerint a k\u00e9t c\u00e9g jelenleg nem tud kapcsolatba l\u00e9pni a haj\u00f3val, amely \u00e9szaki ir\u00e1nyba fordult \u00e9s Ir\u00e1n fel\u00e9 tart.<br \/>\n    A k\u00f6zlem\u00e9ny szerint szem\u00e9lyi s\u00e9r\u00fcl\u00e9sr\u0151l nem \u00e9rkezett h\u00edr.<br \/>\n    Jeremy Hunt a BBC-nek nyilatkozva p\u00e9ntek \u00e9jjel elmondta: besz\u00e9lt Mike Pompeo amerikai k\u00fcl\u00fcgyminiszterrel a helyzetr\u0151l, \u00e9s megpr\u00f3b\u00e1lta el\u00e9rni Mohamed Dzsav\u00e1d Zar\u00edf ir\u00e1ni k\u00fcl\u00fcgyminisztert is, aki azonban jelenleg rep\u00fcl\u0151g\u00e9pen utazik.<br \/>\n    A brit k\u00fcl\u00fcgyminiszter k\u00f6z\u00f6lte: Zar\u00edffal is a lehet\u0151 leggyorsabban kapcsolatba akar l\u00e9pni.<br \/>\n    Hunt szerint a t\u00f6rt\u00e9ntek teljesen elfogadhatatlanok, a haj\u00f3z\u00e1s szabads\u00e1g\u00e1t fenn kell tartani. Hozz\u00e1tette: Nagy-Britannia &#8222;kim\u00e9rt, de er\u0151teljes&#8221; v\u00e1laszl\u00e9p\u00e9seket tesz, \u00e9s ha a helyzetet nem siker\u00fcl r\u00f6vid id\u0151n bel\u00fcl megoldani, annak s\u00falyos k\u00f6vetkezm\u00e9nyei lesznek.<br \/>\n    Jeremy Hunt ezeket nem r\u00e9szletezte, de arra a k\u00e9rd\u00e9sre, hogy a helyzet megoldhat\u00f3-e diplom\u00e1ciai \u00faton, \u00e9s kiz\u00e1rhat\u00f3-e b\u00e1rmif\u00e9le katonai intervenci\u00f3, kijelentette: London elk\u00e9pzel\u00e9sei k\u00f6z\u00f6tt nem szerepelnek &#8222;katonai opci\u00f3k&#8221;, a brit korm\u00e1ny diplom\u00e1ciai megold\u00e1sban gondolkodik.<br \/>\n    Hozz\u00e1tette: ha a szabad haj\u00f3z\u00e1s el\u00e9 korl\u00e1tok emelkednek a t\u00e9rs\u00e9gben, annak Ir\u00e1n lenne a legnagyobb vesztese, ez\u00e9rt Ir\u00e1n \u00e9rdeke a helyzet miel\u0151bbi megold\u00e1sa.<br \/>\n     Az Eurasia Group nev\u0171 glob\u00e1lis politikai-gazdas\u00e1gi kock\u00e1zatelemz\u0151 csoport londoni kutat\u00f3m\u0171hely\u00e9nek szak\u00e9rt\u0151i szombat hajnali helyzet\u00e9rt\u00e9kel\u00e9s\u00fckben k\u00f6z\u00f6lt\u00e9k: v\u00e1rakoz\u00e1suk szerint az amerikai korm\u00e1ny val\u00f3sz\u00edn\u0171leg visszafogottan reag\u00e1l a provok\u00e1l\u00f3 ir\u00e1ni l\u00e9p\u00e9sekre.<br \/>\n    A h\u00e1z hangs\u00falyozza, hogy Donald Trump amerikai eln\u00f6k magasra helyezte a l\u00e9cet a katonai reag\u00e1l\u00e1s szempontj\u00e1b\u00f3l, \u00e9s ilyen reakci\u00f3ra val\u00f3sz\u00edn\u0171leg csak akkor sz\u00e1nn\u00e1 r\u00e1 mag\u00e1t, ha amerikai \u00e1llampolg\u00e1rok s\u00e9r\u00fclnek meg vagy vesztik \u00e9let\u00fcket.<br \/>\n    Az Eurasia londoni szak\u00e9rt\u0151i szerint Trump nem akar h\u00e1bor\u00faba keveredni Ir\u00e1nnal, \u00e9s jelent\u0151s er\u0151fesz\u00edt\u00e9seket fog tenni a katonai konfliktus elker\u00fcl\u00e9s\u00e9re.<br \/>\n    A c\u00e9g szerint Trump reakci\u00f3ja v\u00e1rhat\u00f3an az lesz, hogy er\u0151teljes kifejez\u00e9sekkel \u00e9l majd, \u00e9s felsz\u00f3l\u00edt m\u00e1s orsz\u00e1gokat is arra, hogy seg\u00edtsenek az \u00f6b\u00f6lbeli haj\u00f3z\u00e1s biztons\u00e1g\u00e1nak fenntart\u00e1s\u00e1ban.<br \/>\n    Az amerikai eln\u00f6k jelk\u00e9pes l\u00e9p\u00e9sk\u00e9nt tov\u00e1bbi katonai egys\u00e9geket vagy rep\u00fcl\u0151g\u00e9peket vez\u00e9nyelhet a t\u00e9rs\u00e9gbe, de \u00fajabb amerikai haditenger\u00e9szeti k\u00f6tel\u00e9kek kik\u00fcld\u00e9se val\u00f3sz\u00edn\u0171tlen: a m\u00e1r kivez\u00e9nyelt alakulatokon t\u00fal nincs a k\u00f6zelben m\u00e1s rep\u00fcl\u0151g\u00e9p-hordoz\u00f3 vagy egy\u00e9b amerikai haditenger\u00e9szeti k\u00f6tel\u00e9k &#8211; hangs\u00falyozz\u00e1k az Eurasia Group londoni szak\u00e9rt\u0151i.(MTI)<\/p>\n","protected":false},"excerpt":{"rendered":"<p>Jeremy Hunt brit k\u00fcl\u00fcgyminiszter szerint London nem tervez katonai akci\u00f3t az Ir\u00e1n \u00e1ltal p\u00e9nteken lefoglalt brit tart\u00e1lyhaj\u00f3 kiszabad\u00edt\u00e1s\u00e1ra, de k\u00f6veteli az ir\u00e1ni hat\u00f3s\u00e1gokt\u00f3l a haj\u00f3 azonnali elenged\u00e9s\u00e9t. Londoni elemz\u0151i v\u00e9lem\u00e9ny szerint amerikai katonai beavatkoz\u00e1s sem val\u00f3sz\u00edn\u0171.<\/p>\n","protected":false},"author":1001003,"featured_media":0,"comment_status":"closed","ping_status":"open","sticky":false,"template":"","format":"standard","meta":[],"categories":[12,16,246],"tags":[],"_links":{"self":[{"href":"https:\/\/gazdasagportal.hu\/index.php\/wp-json\/wp\/v2\/posts\/117800"}],"collection":[{"href":"https:\/\/gazdasagportal.hu\/index.php\/wp-json\/wp\/v2\/posts"}],"about":[{"href":"https:\/\/gazdasagportal.hu\/index.php\/wp-json\/wp\/v2\/types\/post"}],"author":[{"embeddable":true,"href":"https:\/\/gazdasagportal.hu\/index.php\/wp-json\/wp\/v2\/users\/1001003"}],"replies":[{"embeddable":true,"href":"https:\/\/gazdasagportal.hu\/index.php\/wp-json\/wp\/v2\/comments?post=117800"}],"version-history":[{"count":1,"href":"https:\/\/gazdasagportal.hu\/index.php\/wp-json\/wp\/v2\/posts\/117800\/revisions"}],"predecessor-version":[{"id":117801,"href":"https:\/\/gazdasagportal.hu\/index.php\/wp-json\/wp\/v2\/posts\/117800\/revisions\/117801"}],"wp:attachment":[{"href":"https:\/\/gazdasagportal.hu\/index.php\/wp-json\/wp\/v2\/media?parent=117800"}],"wp:term":[{"taxonomy":"category","embeddable":true,"href":"https:\/\/gazdasagportal.hu\/index.php\/wp-json\/wp\/v2\/categories?post=117800"},{"taxonomy":"post_tag","embeddable":true,"href":"https:\/\/gazdasagportal.hu\/index.php\/wp-json\/wp\/v2\/tags?post=117800"}],"curies":[{"name":"wp","href":"https:\/\/api.w.org\/{rel}","templated":true}]}}