{"id":117790,"date":"2019-07-19T16:27:09","date_gmt":"2019-07-19T14:27:09","guid":{"rendered":"http:\/\/gazdasagportal.hu\/?p=117790"},"modified":"2019-07-19T16:27:09","modified_gmt":"2019-07-19T14:27:09","slug":"gyenge-lesz-az-idei-termes-emelkedhet-az-alma-ara","status":"publish","type":"post","link":"https:\/\/gazdasagportal.hu\/index.php\/gyenge-lesz-az-idei-termes-emelkedhet-az-alma-ara\/","title":{"rendered":"Gyenge lesz az idei term\u00e9s, emelkedhet az alma \u00e1ra"},"content":{"rendered":"<p><strong>Az id\u00e9n a sz\u00e9ls\u0151s\u00e9ges id\u0151j\u00e1r\u00e1s miatt v\u00e1rhat\u00f3an 450 ezer tonna lesz az almaterm\u00e9s, amely a tavalyi mennyis\u00e9g fele, a t\u00edz\u00e9ves \u00e1tlagterm\u00e9sn\u00e9l mintegy 25 sz\u00e1zal\u00e9kkal alacsonyabb, ez\u00e9rt az \u00e1tlagosn\u00e1l magasabb \u00e1rakra lehet sz\u00e1m\u00edtani a FruitVeB, a Nemzeti Agr\u00e1rgazdas\u00e1gi Kamara (NAK) \u00e9s az \u00c9KASZ (Alma Term\u00e9ktan\u00e1cs) k\u00f6z\u00f6s progn\u00f3zisa szerint.<\/strong><!--more--><\/p>\n<div class=\"ads-in-post1\"><div id=\"gazdasagportal.hu_fullbanner_wideboard\"><\/div>\r\n<\/div>\n<p>    Ap\u00e1ti Ferenc, a FruitVeB Magyar Z\u00f6lds\u00e9g-Gy\u00fcm\u00f6lcs Szakmak\u00f6zi Szervezet aleln\u00f6ke p\u00e9nteken az MTI-nek elmondta, az idei term\u00e9smennyis\u00e9g fajt\u00e1t\u00f3l, termeszt\u0151 k\u00f6rzett\u0151l, az \u00fcltetv\u00e9ny elhelyezked\u00e9s\u00e9t\u0151l \u00e9s fekv\u00e9s\u00e9t\u0151l f\u00fcgg\u0151en er\u0151teljesen v\u00e1ltoz\u00e9kony k\u00e9pet mutat.<br \/>\n    A term\u00e9st mindig er\u0151teljesen meghat\u00e1rozza a f\u00e1k el\u0151z\u0151 \u00e9vi term\u00e9sterhel\u00e9se: tavaly 900 ezer tonn\u00e1hoz k\u00f6zel\u00edt\u0151, nagy term\u00e9s terhelte a f\u00e1kat, tov\u00e1bb\u00e1 az asz\u00e1lyos id\u0151j\u00e1r\u00e1s gyeng\u00e9bb vir\u00e1gz\u00e1st, illetve term\u00e9st vet\u00edtett el\u0151re &#8211; mondta.<br \/>\n    Emellett jelent\u0151s term\u00e9skies\u00e9st okozott a sz\u00e9ls\u0151s\u00e9ges id\u0151j\u00e1r\u00e1s is. J\u00fanius 27-\u00e9n a tavaszi fagyk\u00e1rokkal egy\u00e9bk\u00e9nt is s\u00fajtott, a magyar almaterm\u0151 ter\u00fclet fel\u00e9t ad\u00f3 \u00e9szak-keleti orsz\u00e1gr\u00e9szben egy extr\u00e9m erej\u0171 zivatarl\u00e1nc jelent\u0151s vihar- \u00e9s j\u00e9gk\u00e1rokat okozott &#8211; tette hozz\u00e1 az aleln\u00f6k.<br \/>\n    Magyarorsz\u00e1g almaterm\u00e9se az elm\u00falt t\u00edz \u00e9v \u00e1tlag\u00e1ban 600 ezer tonna k\u00f6r\u00fcl mozog, 300 \u00e9s 900 ezer tonna k\u00f6z\u00f6tt v\u00e1ltozik \u00e9vj\u00e1ratt\u00f3l f\u00fcgg\u0151en &#8211; eml\u00e9keztetett az aleln\u00f6k.<br \/>\n<div class=\"ads-in-post2\"><script async src=\"https:\/\/pagead2.googlesyndication.com\/pagead\/js\/adsbygoogle.js\"><\/script>\r\n<ins class=\"adsbygoogle\"\r\n     style=\"display:block\"\r\n     data-ad-format=\"fluid\"\r\n     data-ad-layout-key=\"-6t+ed+2i-1n-4w\"\r\n     data-ad-client=\"ca-pub-1959107119989764\"\r\n     data-ad-slot=\"4008251320\"><\/ins>\r\n<script>\r\n     (adsbygoogle = window.adsbygoogle || []).push({});\r\n<\/script><\/div>\n    Megjegyezte, hogy az \u00fcltetv\u00e9nyek ter\u00fclete \u00e9vr\u0151l \u00e9vre cs\u00f6kken, 20 \u00e9vvel ezel\u0151tt 42 ezer hekt\u00e1ron termesztettek alm\u00e1t, jelenleg 25 ezer hekt\u00e1ron. Az orsz\u00e1g almatermel\u00e9s\u00e9nek mintegy fel\u00e9t Szabolcs megye adja, jelent\u0151sebb termeszt\u0151 k\u00f6rzetek tal\u00e1lhat\u00f3k m\u00e9g az \u00e9szakkeleti t\u00e9rs\u00e9gben, illetve Pest, B\u00e1cs-Kiskun, Somogy \u00e9s Zala megy\u00e9ben. Az almaterm\u00e9s k\u00e9tharmad\u00e1t ipari c\u00e9lokra haszn\u00e1lj\u00e1k, egyharmada \u00e9tkez\u00e9si alma &#8211; tette hozz\u00e1.<br \/>\n    Kit\u00e9rt arra, hogy az \u00e1rak egyel\u0151re nehezen jelezhet\u0151k el\u0151re, ugyanakkor az alma eur\u00f3pai piaci \u00e1rait meghat\u00e1roz\u00f3 Lengyelorsz\u00e1gban is gyenge term\u00e9st v\u00e1rnak, a hivatalos inform\u00e1ci\u00f3k 2,0-2,5 milli\u00f3 tonna k\u00f6r\u00fcli term\u00e9st becs\u00fclnek, amely a tavalyi term\u00e9s fele, az \u00e1tlagterm\u00e9s 60 sz\u00e1zal\u00e9ka. Eur\u00f3pa m\u00e1s, meghat\u00e1roz\u00f3 almatermel\u0151 orsz\u00e1gaiban sincs a tavalyihoz hasonl\u00f3 rekordterm\u00e9s. Ez\u00e9rt a tavalyi \u00e1rakn\u00e1l sokkal magasabb, a szervezetek becsl\u00e9se szerint az \u00e1tlagosn\u00e1l is l\u00e9nyegesen jobb \u00e1rakra sz\u00e1m\u00edthatnak a gazd\u00e1k id\u00e9n &#8211; f\u0171zte hozz\u00e1.(MTI)<\/p>\n","protected":false},"excerpt":{"rendered":"<p>Az id\u00e9n a sz\u00e9ls\u0151s\u00e9ges id\u0151j\u00e1r\u00e1s miatt v\u00e1rhat\u00f3an 450 ezer tonna lesz az almaterm\u00e9s, amely a tavalyi mennyis\u00e9g fele, a t\u00edz\u00e9ves \u00e1tlagterm\u00e9sn\u00e9l mintegy 25 sz\u00e1zal\u00e9kkal alacsonyabb, ez\u00e9rt az \u00e1tlagosn\u00e1l magasabb \u00e1rakra lehet sz\u00e1m\u00edtani a FruitVeB, a Nemzeti Agr\u00e1rgazdas\u00e1gi Kamara (NAK) \u00e9s az \u00c9KASZ (Alma Term\u00e9ktan\u00e1cs) k\u00f6z\u00f6s progn\u00f3zisa szerint.<\/p>\n","protected":false},"author":1,"featured_media":0,"comment_status":"closed","ping_status":"open","sticky":false,"template":"","format":"standard","meta":[],"categories":[19],"tags":[],"_links":{"self":[{"href":"https:\/\/gazdasagportal.hu\/index.php\/wp-json\/wp\/v2\/posts\/117790"}],"collection":[{"href":"https:\/\/gazdasagportal.hu\/index.php\/wp-json\/wp\/v2\/posts"}],"about":[{"href":"https:\/\/gazdasagportal.hu\/index.php\/wp-json\/wp\/v2\/types\/post"}],"author":[{"embeddable":true,"href":"https:\/\/gazdasagportal.hu\/index.php\/wp-json\/wp\/v2\/users\/1"}],"replies":[{"embeddable":true,"href":"https:\/\/gazdasagportal.hu\/index.php\/wp-json\/wp\/v2\/comments?post=117790"}],"version-history":[{"count":1,"href":"https:\/\/gazdasagportal.hu\/index.php\/wp-json\/wp\/v2\/posts\/117790\/revisions"}],"predecessor-version":[{"id":117791,"href":"https:\/\/gazdasagportal.hu\/index.php\/wp-json\/wp\/v2\/posts\/117790\/revisions\/117791"}],"wp:attachment":[{"href":"https:\/\/gazdasagportal.hu\/index.php\/wp-json\/wp\/v2\/media?parent=117790"}],"wp:term":[{"taxonomy":"category","embeddable":true,"href":"https:\/\/gazdasagportal.hu\/index.php\/wp-json\/wp\/v2\/categories?post=117790"},{"taxonomy":"post_tag","embeddable":true,"href":"https:\/\/gazdasagportal.hu\/index.php\/wp-json\/wp\/v2\/tags?post=117790"}],"curies":[{"name":"wp","href":"https:\/\/api.w.org\/{rel}","templated":true}]}}