{"id":117676,"date":"2019-07-16T12:34:57","date_gmt":"2019-07-16T10:34:57","guid":{"rendered":"http:\/\/gazdasagportal.hu\/?p=117676"},"modified":"2019-07-16T12:20:23","modified_gmt":"2019-07-16T10:20:23","slug":"a-vartnal-nagyobb-lett-az-euroovezet-aruforgalmi-tobblete-majusban","status":"publish","type":"post","link":"https:\/\/gazdasagportal.hu\/index.php\/a-vartnal-nagyobb-lett-az-euroovezet-aruforgalmi-tobblete-majusban\/","title":{"rendered":"A v\u00e1rtn\u00e1l nagyobb lett az eur\u00f3\u00f6vezet \u00e1ruforgalmi t\u00f6bblete m\u00e1jusban"},"content":{"rendered":"<p><strong>Az egy \u00e9vvel kor\u00e1bbihoz k\u00e9pest n\u0151tt, \u00e9s a v\u00e1rtn\u00e1l nagyobb t\u00f6bblet alakult ki m\u00e1jusban az eur\u00f3\u00f6vezet k\u00fclkereskedelmi \u00e1ruforgalm\u00e1ban.<\/strong><!--more--><\/p>\n<div class=\"ads-in-post1\"><div id=\"gazdasagportal.hu_fullbanner_wideboard\"><\/div>\r\n<\/div>\n<p>    Az Eur\u00f3pai Uni\u00f3 statisztikai hivatala, az Eurostat kedden nem v\u00e9gleges sz\u00e1m\u00edt\u00e1sok alapj\u00e1n azt k\u00f6z\u00f6lte, hogy az eur\u00f3\u00f6vezet 19 tag\u00e1llama 23 milli\u00e1rd eur\u00f3 t\u00f6bbletre tett szert a vil\u00e1g t\u00f6bbi r\u00e9sz\u00e9vel folytatott \u00e1rukereskedelmi forgalm\u00e1ban, ami fel\u00fclm\u00falta az egy \u00e9vvel kor\u00e1bbi 16,9 milli\u00e1rd eur\u00f3n\u00e1l.<br \/>\n    Elemz\u0151k szer\u00e9nyebb, 16,3 milli\u00e1rd eur\u00f3 t\u00f6bbletet v\u00e1rtak m\u00e1jusra.<br \/>\n    Az eur\u00f3\u00f6vezet kivitele az egy \u00e9vvel kor\u00e1bbihoz k\u00e9pest 7,1 sz\u00e1zal\u00e9kkal, 203,4 milli\u00e1rd eur\u00f3ra n\u0151tt m\u00e1jusban, az import pedig 4,2 sz\u00e1zal\u00e9kkal, 180,3 milli\u00e1rd eur\u00f3ra emelkedett.<br \/>\n    Az eur\u00f3\u00f6vezeten bel\u00fcl 172 milli\u00e1rd eur\u00f3t tett ki az \u00e1ruforgalom m\u00e1jusban, 4,9 sz\u00e1zal\u00e9kkal fel\u00fclm\u00falta a tavaly m\u00e1jusit.<br \/>\n    Az eur\u00f3\u00f6vezet janu\u00e1r-m\u00e1jusi k\u00fclkereskedelmi t\u00f6bblete 82,7 milli\u00e1rd eur\u00f3ra emelkedett az egy \u00e9vvel kor\u00e1bbi 80,5 milli\u00e1rd eur\u00f3r\u00f3l. Az \u00e9v els\u0151 \u00f6t h\u00f3napj\u00e1ban 973,5 milli\u00e1rd eur\u00f3 volt az eur\u00f3\u00f6vezet \u00e1ruexportja, 5 sz\u00e1zal\u00e9kkal nagyobb az egy \u00e9vvel kor\u00e1bbin\u00e1l, az import pedig 5,2 sz\u00e1zal\u00e9kkal, 890,8 milli\u00e1rd eur\u00f3ra emelkedett. Az eur\u00f3\u00f6vezeten bel\u00fcl 838,7 milli\u00e1rd eur\u00f3 volt az \u00e1ruforgalom az \u00e9v els\u0151 \u00f6t h\u00f3napj\u00e1ban, 3,3 sz\u00e1zal\u00e9kkal magasabb a tavalyin\u00e1l.<br \/>\n<div class=\"ads-in-post2\"><script async src=\"https:\/\/pagead2.googlesyndication.com\/pagead\/js\/adsbygoogle.js\"><\/script>\r\n<ins class=\"adsbygoogle\"\r\n     style=\"display:block\"\r\n     data-ad-format=\"fluid\"\r\n     data-ad-layout-key=\"-6t+ed+2i-1n-4w\"\r\n     data-ad-client=\"ca-pub-1959107119989764\"\r\n     data-ad-slot=\"4008251320\"><\/ins>\r\n<script>\r\n     (adsbygoogle = window.adsbygoogle || []).push({});\r\n<\/script><\/div>\n    Az Eur\u00f3pai Uni\u00f3 28 tag\u00e1llama m\u00e1jusban 178,5 milli\u00e1rd eur\u00f3 \u00e9rt\u00e9kben export\u00e1lt javakat, 10,7 sz\u00e1zal\u00e9kkal t\u00f6bbet a tavaly m\u00e1jusin\u00e1l. Az import 6,1 sz\u00e1zal\u00e9kkal, 170,7 milli\u00e1rd eur\u00f3ra emelkedett. Az EU-nak \u00edgy 7,8 milli\u00e1rd eur\u00f3s \u00e1ruforgalmi t\u00f6bblete alakult ki m\u00e1jusban,  az egy \u00e9vvel kor\u00e1bbi 0,4 milli\u00e1rd eur\u00f3s t\u00f6bblettel szemben. Az Eur\u00f3pai Uni\u00f3n bel\u00fcli \u00e1ruforgalom 308,1 milli\u00e1rd eur\u00f3t tett ki m\u00e1jusban, 3,5 sz\u00e1zal\u00e9kkal t\u00f6bbet a tavaly m\u00e1jusin\u00e1l.<br \/>\n    Az EU \u00e1ruforgalmi t\u00f6bblete az Egyes\u00fclt \u00c1llamokkal az \u00e9v els\u0151 \u00f6t h\u00f3napj\u00e1ban 62,1 milli\u00e1rd eur\u00f3ra n\u0151tt a tavalyi 55,4 milli\u00e1rd eur\u00f3r\u00f3l. Az EU \u00e1ruexportja 12,7 sz\u00e1zal\u00e9kkal, 183,7 milli\u00e1rd eur\u00f3ra, importja pedig 13 sz\u00e1zal\u00e9kkal, 121,6 milli\u00e1rd eur\u00f3ra n\u0151tt.<br \/>\n    K\u00edn\u00e1val szemben 76,7 milli\u00e1rd eur\u00f3ra n\u0151tt az EU \u00e1ruforgalmi deficitje az els\u0151 \u00f6t h\u00f3napban a tavalyi 69,2 milli\u00e1rd eur\u00f3r\u00f3l. Az EU exportja 11,1 sz\u00e1zal\u00e9kkal, 91,4 milli\u00e1rd eur\u00f3ra, importja pedig 11 sz\u00e1zal\u00e9kkal, 168,1 milli\u00e1rd eur\u00f3ra emelkedett.<br \/>\n    Oroszorsz\u00e1ggal az EU \u00e1ruforgalmi deficitje 31,8 milli\u00e1rd eur\u00f3ra m\u00e9rs\u00e9kl\u0151d\u00f6tt az els\u0151 \u00f6t h\u00f3napban a tavalyi 32,6 milli\u00e1rd eur\u00f3s hi\u00e1nyr\u00f3l. Az uni\u00f3s export 3,5 sz\u00e1zal\u00e9kkal, 35,8 milli\u00e1rd eur\u00f3ra emelkedett, az import 0,6 sz\u00e1zal\u00e9kkal, 67,6 milli\u00e1rd n\u0151tt.(MTI)<\/p>\n","protected":false},"excerpt":{"rendered":"<p>Az egy \u00e9vvel kor\u00e1bbihoz k\u00e9pest n\u0151tt, \u00e9s a v\u00e1rtn\u00e1l nagyobb t\u00f6bblet alakult ki m\u00e1jusban az eur\u00f3\u00f6vezet k\u00fclkereskedelmi \u00e1ruforgalm\u00e1ban.<\/p>\n","protected":false},"author":1,"featured_media":0,"comment_status":"closed","ping_status":"open","sticky":false,"template":"","format":"standard","meta":[],"categories":[246],"tags":[],"_links":{"self":[{"href":"https:\/\/gazdasagportal.hu\/index.php\/wp-json\/wp\/v2\/posts\/117676"}],"collection":[{"href":"https:\/\/gazdasagportal.hu\/index.php\/wp-json\/wp\/v2\/posts"}],"about":[{"href":"https:\/\/gazdasagportal.hu\/index.php\/wp-json\/wp\/v2\/types\/post"}],"author":[{"embeddable":true,"href":"https:\/\/gazdasagportal.hu\/index.php\/wp-json\/wp\/v2\/users\/1"}],"replies":[{"embeddable":true,"href":"https:\/\/gazdasagportal.hu\/index.php\/wp-json\/wp\/v2\/comments?post=117676"}],"version-history":[{"count":1,"href":"https:\/\/gazdasagportal.hu\/index.php\/wp-json\/wp\/v2\/posts\/117676\/revisions"}],"predecessor-version":[{"id":117677,"href":"https:\/\/gazdasagportal.hu\/index.php\/wp-json\/wp\/v2\/posts\/117676\/revisions\/117677"}],"wp:attachment":[{"href":"https:\/\/gazdasagportal.hu\/index.php\/wp-json\/wp\/v2\/media?parent=117676"}],"wp:term":[{"taxonomy":"category","embeddable":true,"href":"https:\/\/gazdasagportal.hu\/index.php\/wp-json\/wp\/v2\/categories?post=117676"},{"taxonomy":"post_tag","embeddable":true,"href":"https:\/\/gazdasagportal.hu\/index.php\/wp-json\/wp\/v2\/tags?post=117676"}],"curies":[{"name":"wp","href":"https:\/\/api.w.org\/{rel}","templated":true}]}}