{"id":117660,"date":"2019-07-16T10:28:22","date_gmt":"2019-07-16T08:28:22","guid":{"rendered":"http:\/\/gazdasagportal.hu\/?p=117660"},"modified":"2019-07-16T08:29:55","modified_gmt":"2019-07-16T06:29:55","slug":"az-amerikai-penzugyminiszter-aggodalmait-fejezte-ki-a-facebook-kriptovalutaja-miatt","status":"publish","type":"post","link":"https:\/\/gazdasagportal.hu\/index.php\/az-amerikai-penzugyminiszter-aggodalmait-fejezte-ki-a-facebook-kriptovalutaja-miatt\/","title":{"rendered":"Az amerikai p\u00e9nz\u00fcgyminiszter aggodalmait fejezte ki a Facebook kriptovalut\u00e1ja miatt"},"content":{"rendered":"<p><strong>Steve Mnuchin amerikai p\u00e9nz\u00fcgyminiszter h\u00e9tf\u0151n aggodalmait fejezte ki a Facebook tervezett kriptovalut\u00e1ja, a Libra miatt.<\/strong><!--more--><\/p>\n<div class=\"ads-in-post1\"><div id=\"gazdasagportal.hu_fullbanner_wideboard\"><\/div>\r\n<\/div>\n<p>    A t\u00e1rcavezet\u0151 hangs\u00falyozta, az amerikai korm\u00e1nyzat \u00e1ll\u00e1spontja szerint egy ilyen virtu\u00e1lis p\u00e9nz alkalmas lehet az ad\u00f3hivatal kij\u00e1tsz\u00e1s\u00e1ra vagy ak\u00e1r p\u00e9nzmos\u00e1sra is.<br \/>\n    &#8222;A p\u00e9nz\u00fcgyminiszt\u00e9rium rendk\u00edv\u00fcli m\u00f3don agg\u00f3dik a Libra miatt, amelyet nemcsak p\u00e9nzmos\u00e1sra lehetne felhaszn\u00e1lni, hanem a terrorizmus t\u00e1mogat\u00e1s\u00e1ra is&#8221; &#8211; fogalmazott \u00fajs\u00e1g\u00edr\u00f3knak Mnuchin. Hozz\u00e1f\u0171zte: a Facebook vezet\u0151inek &#8222;sokat kell majd dolgozniuk, hogy meggy\u0151zz\u00e9k a Trump-korm\u00e1nyzatot&#8221; e virtu\u00e1lis p\u00e9nz biztons\u00e1goss\u00e1g\u00e1r\u00f3l. A Libr\u00e1ra, mint mondta, nagyon er\u0151s szab\u00e1lyoz\u00e1st kell kidolgozni.     Mnuchin eml\u00e9keztetett arra is, hogy a bitcoint &#8211; amely az els\u0151 \u00e9s m\u00e1ig legfontosabb kriptop\u00e9nz &#8211; gyakran haszn\u00e1lt\u00e1k fel t\u00f6rv\u00e9nytelen p\u00e9nz\u00fcgyi tranzakci\u00f3kra, k\u00f6zt\u00fck ad\u00f3csal\u00e1sra, zsarol\u00e1sra, \u00e9s k\u00e1b\u00edt\u00f3szer-kereskedelemre. Egy\u00fattal aggodalm\u00e1t fejezte ki a bitcoin spekulat\u00edv jellege miatt is.<br \/>\n<div class=\"ads-in-post2\"><script async src=\"https:\/\/pagead2.googlesyndication.com\/pagead\/js\/adsbygoogle.js\"><\/script>\r\n<ins class=\"adsbygoogle\"\r\n     style=\"display:block\"\r\n     data-ad-format=\"fluid\"\r\n     data-ad-layout-key=\"-6t+ed+2i-1n-4w\"\r\n     data-ad-client=\"ca-pub-1959107119989764\"\r\n     data-ad-slot=\"4008251320\"><\/ins>\r\n<script>\r\n     (adsbygoogle = window.adsbygoogle || []).push({});\r\n<\/script><\/div>\n    A miniszter lesz\u00f6gezte: a p\u00e9nz\u00fcgyminiszt\u00e9rium ugyan sz\u00edvesen l\u00e1t a p\u00e9nz\u00fcgyi rendszer hat\u00e9konys\u00e1g\u00e1t jav\u00edt\u00f3 &#8222;felel\u0151ss\u00e9gteljes \u00faj\u00edt\u00e1sokat&#8221;, \u00e1m &#8211; mint fogalmazott &#8211; &#8222;a t\u00e1rca c\u00e9lja a p\u00e9nz\u00fcgyi rendszer integrit\u00e1s\u00e1nak meg\u0151rz\u00e9se&#8221;. Ezt nemzetbiztons\u00e1gi k\u00e9rd\u00e9snek nevezte. Hozz\u00e1f\u0171zte: &#8222;az \u00e9n felel\u0151ss\u00e9gem a p\u00e9nz\u00fcnk v\u00e9delme, \u00e9s nagyon komolyan veszem a doll\u00e1r tartal\u00e9kvaluta szerep\u00e9t&#8221;.<br \/>\n    David Marcus, a Facebook egyik vezet\u0151je &#8211; aki a libra-terv vezet\u0151je &#8211; kedden jelenik meg egy szen\u00e1tusi bizotts\u00e1g el\u0151tt, hogy besz\u00e1moljon c\u00e9ge nagy vit\u00e1t \u00e9s berzenked\u00e9st kiv\u00e1lt\u00f3 virtu\u00e1lis p\u00e9nzzel kapcsolatos terveir\u0151l. Amerikai sajt\u00f3\u00e9rtes\u00fcl\u00e9sek szerint a Facebook addig nem ind\u00edtja meg a Libra forgalm\u00e1t, am\u00edg nem kapja meg a sz\u00fcks\u00e9ges hat\u00f3s\u00e1gi j\u00f3v\u00e1hagy\u00e1st, \u00e9s Marcus a keddi szen\u00e1tusi meghallgat\u00e1son szint\u00e9n ezt az \u00e1ll\u00e1spontot k\u00e9pviseli majd.(MTI)<\/p>\n","protected":false},"excerpt":{"rendered":"<p>Steve Mnuchin amerikai p\u00e9nz\u00fcgyminiszter h\u00e9tf\u0151n aggodalmait fejezte ki a Facebook tervezett kriptovalut\u00e1ja, a Libra miatt.<\/p>\n","protected":false},"author":1,"featured_media":669,"comment_status":"closed","ping_status":"open","sticky":false,"template":"","format":"standard","meta":[],"categories":[146,13,246],"tags":[],"_links":{"self":[{"href":"https:\/\/gazdasagportal.hu\/index.php\/wp-json\/wp\/v2\/posts\/117660"}],"collection":[{"href":"https:\/\/gazdasagportal.hu\/index.php\/wp-json\/wp\/v2\/posts"}],"about":[{"href":"https:\/\/gazdasagportal.hu\/index.php\/wp-json\/wp\/v2\/types\/post"}],"author":[{"embeddable":true,"href":"https:\/\/gazdasagportal.hu\/index.php\/wp-json\/wp\/v2\/users\/1"}],"replies":[{"embeddable":true,"href":"https:\/\/gazdasagportal.hu\/index.php\/wp-json\/wp\/v2\/comments?post=117660"}],"version-history":[{"count":1,"href":"https:\/\/gazdasagportal.hu\/index.php\/wp-json\/wp\/v2\/posts\/117660\/revisions"}],"predecessor-version":[{"id":117661,"href":"https:\/\/gazdasagportal.hu\/index.php\/wp-json\/wp\/v2\/posts\/117660\/revisions\/117661"}],"wp:featuredmedia":[{"embeddable":true,"href":"https:\/\/gazdasagportal.hu\/index.php\/wp-json\/wp\/v2\/media\/669"}],"wp:attachment":[{"href":"https:\/\/gazdasagportal.hu\/index.php\/wp-json\/wp\/v2\/media?parent=117660"}],"wp:term":[{"taxonomy":"category","embeddable":true,"href":"https:\/\/gazdasagportal.hu\/index.php\/wp-json\/wp\/v2\/categories?post=117660"},{"taxonomy":"post_tag","embeddable":true,"href":"https:\/\/gazdasagportal.hu\/index.php\/wp-json\/wp\/v2\/tags?post=117660"}],"curies":[{"name":"wp","href":"https:\/\/api.w.org\/{rel}","templated":true}]}}