{"id":117643,"date":"2019-07-15T14:12:36","date_gmt":"2019-07-15T12:12:36","guid":{"rendered":"http:\/\/gazdasagportal.hu\/?p=117643"},"modified":"2019-07-15T14:12:36","modified_gmt":"2019-07-15T12:12:36","slug":"uj-ugyvezeto-igazgato-a-mercedes-benz-hungaria-kft-nel","status":"publish","type":"post","link":"https:\/\/gazdasagportal.hu\/index.php\/uj-ugyvezeto-igazgato-a-mercedes-benz-hungaria-kft-nel\/","title":{"rendered":"\u00daj \u00fcgyvezet\u0151 igazgat\u00f3 a Mercedes-Benz Hung\u00e1ria Kft.-n\u00e9l"},"content":{"rendered":"<p><strong>Reinhard M\u00fcnster vette \u00e1t a Mercedes-Benz Hung\u00e1ria Kft. vezet\u00e9s\u00e9t h\u00e9tf\u0151t\u0151l &#8211; k\u00f6z\u00f6lte a c\u00e9g az MTI-vel. <\/strong><!--more--><\/p>\n<div class=\"ads-in-post1\"><div id=\"gazdasagportal.hu_fullbanner_wideboard\"><\/div>\r\n<\/div>\n<p>    Az \u00faj \u00fcgyvezet\u0151 igazgat\u00f3 30 \u00e9vvel ezel\u0151tt kezdte karrierj\u00e9t a Mercedes-Benzn\u00e9l. Reinhard M\u00fcnster szakmai p\u00e1ly\u00e1ja sor\u00e1n sz\u00e1mos vezet\u0151 poz\u00edci\u00f3t t\u00f6lt\u00f6tt be az \u00e9rt\u00e9kes\u00edt\u00e9s, a marketing \u00e9s a term\u00e9kmenedzsment ter\u00fclet\u00e9n. Dolgozott a n\u00e9met \u00e9rt\u00e9kes\u00edt\u00e9si szervezetben, j\u00f3l ismeri a magyar piacot is, hiszen kor\u00e1bban a k\u00f6z\u00e9p- \u00e9s kelet-eur\u00f3pai r\u00e9gi\u00f3 szab\u00e1lyoz\u00e1si \u00e9s \u00fczletfejleszt\u00e9si ter\u00fclet\u00e9n is v\u00e1llalt szerepet &#8211; olvashat\u00f3 a c\u00e9g k\u00f6zlem\u00e9ny\u00e9ben.<br \/>\n<div class=\"ads-in-post2\"><script async src=\"https:\/\/pagead2.googlesyndication.com\/pagead\/js\/adsbygoogle.js\"><\/script>\r\n<ins class=\"adsbygoogle\"\r\n     style=\"display:block\"\r\n     data-ad-format=\"fluid\"\r\n     data-ad-layout-key=\"-6t+ed+2i-1n-4w\"\r\n     data-ad-client=\"ca-pub-1959107119989764\"\r\n     data-ad-slot=\"4008251320\"><\/ins>\r\n<script>\r\n     (adsbygoogle = window.adsbygoogle || []).push({});\r\n<\/script><\/div>\n   A szakember k\u00fcl\u00f6n\u00f6sen inspir\u00e1l\u00f3nak tartja, hogy a Mercedes-Benz m\u00e1r harmadik \u00e9ve vezet a pr\u00e9mium szem\u00e9lyg\u00e9pj\u00e1rm\u0171vek \u00e9rt\u00e9kes\u00edt\u00e9s\u00e9ben Magyarorsz\u00e1gon \u00e9s r\u00e9szese k\u00edv\u00e1n lenni a c\u00e9g piaci poz\u00edci\u00f3j\u00e1nak tov\u00e1bbi er\u0151s\u00edt\u00e9s\u00e9ben.<br \/>\n    Az eddigi \u00fcgyvezet\u0151 igazgat\u00f3, J\u00f6rg Schmidt, aki 2016 janu\u00e1rja \u00f3ta t\u00f6lt\u00f6tte be a poz\u00edci\u00f3t, \u00faj megb\u00edz\u00e1st kap a Daimler AG berkein bel\u00fcl.(MTI)<\/p>\n","protected":false},"excerpt":{"rendered":"<p>Reinhard M\u00fcnster vette \u00e1t a Mercedes-Benz Hung\u00e1ria Kft. vezet\u00e9s\u00e9t h\u00e9tf\u0151t\u0151l &#8211; k\u00f6z\u00f6lte a c\u00e9g az MTI-vel.<\/p>\n","protected":false},"author":1,"featured_media":0,"comment_status":"closed","ping_status":"open","sticky":false,"template":"","format":"standard","meta":[],"categories":[19],"tags":[],"_links":{"self":[{"href":"https:\/\/gazdasagportal.hu\/index.php\/wp-json\/wp\/v2\/posts\/117643"}],"collection":[{"href":"https:\/\/gazdasagportal.hu\/index.php\/wp-json\/wp\/v2\/posts"}],"about":[{"href":"https:\/\/gazdasagportal.hu\/index.php\/wp-json\/wp\/v2\/types\/post"}],"author":[{"embeddable":true,"href":"https:\/\/gazdasagportal.hu\/index.php\/wp-json\/wp\/v2\/users\/1"}],"replies":[{"embeddable":true,"href":"https:\/\/gazdasagportal.hu\/index.php\/wp-json\/wp\/v2\/comments?post=117643"}],"version-history":[{"count":1,"href":"https:\/\/gazdasagportal.hu\/index.php\/wp-json\/wp\/v2\/posts\/117643\/revisions"}],"predecessor-version":[{"id":117644,"href":"https:\/\/gazdasagportal.hu\/index.php\/wp-json\/wp\/v2\/posts\/117643\/revisions\/117644"}],"wp:attachment":[{"href":"https:\/\/gazdasagportal.hu\/index.php\/wp-json\/wp\/v2\/media?parent=117643"}],"wp:term":[{"taxonomy":"category","embeddable":true,"href":"https:\/\/gazdasagportal.hu\/index.php\/wp-json\/wp\/v2\/categories?post=117643"},{"taxonomy":"post_tag","embeddable":true,"href":"https:\/\/gazdasagportal.hu\/index.php\/wp-json\/wp\/v2\/tags?post=117643"}],"curies":[{"name":"wp","href":"https:\/\/api.w.org\/{rel}","templated":true}]}}