{"id":117631,"date":"2019-07-15T09:51:37","date_gmt":"2019-07-15T07:51:37","guid":{"rendered":"http:\/\/gazdasagportal.hu\/?p=117631"},"modified":"2019-07-15T09:51:37","modified_gmt":"2019-07-15T07:51:37","slug":"reggeli-elemzes-rc-ujabb-emelkedo-nap-az-amerikai-piacon-es-ujabb-mindenkori-csucsok-2019-07-15","status":"publish","type":"post","link":"https:\/\/gazdasagportal.hu\/index.php\/reggeli-elemzes-rc-ujabb-emelkedo-nap-az-amerikai-piacon-es-ujabb-mindenkori-csucsok-2019-07-15\/","title":{"rendered":"Reggeli elemz\u00e9s: RC \u2013 \u00dajabb emelked\u0151 nap az amerikai piacon \u00e9s \u00fajabb mindenkori cs\u00facsok \u2013 2019.07.15"},"content":{"rendered":"<p><strong>\u00dajabb emelked\u0151 nap az amerikai piacon \u00e9s \u00fajabb mindenkori cs\u00facsok, mind a h\u00e1rom amerikai index a mindenkori tetej\u00e9n z\u00e1rt. Sz\u00e9p kit\u00f6r\u00e9s tapasztalhat\u00f3 az elm\u00falt 1,5 \u00e9ves tet\u0151\u00e9p\u00edt\u00e9s ut\u00e1n.<\/strong><!--more--><\/p>\n<div class=\"ads-in-post1\"><div id=\"gazdasagportal.hu_fullbanner_wideboard\"><\/div>\r\n<\/div>\n<h2>Reggeli h\u00edrlev\u00e9l<\/h2>\n<table cellspacing=\"0\">\n<tbody>\n<tr>\n<th width=\"87%\"><strong>Nemzetk\u00f6zi<\/strong><\/th>\n<th width=\"13%\"><strong>\u00c9rt\u00e9kel\u00e9s<\/strong><\/th>\n<\/tr>\n<tr>\n<td>Val\u00f3sz\u00edn\u0171leg mi vagyunk az egyetlenek, akik az\u00e9rt szereltek be kl\u00edm\u00e1t a nyaral\u00f3ba, hogy a ny\u00e1ron f\u0171t\u00e9ssel kezdj\u00e9k a kl\u00edma m\u0171k\u00f6dtet\u00e9s\u00e9t. Mi sem \u00edgy tervezt\u00fck, de j\u00f6tt ez az egyre szesz\u00e9lyesebb ny\u00e1r \u00e9s kl\u00edm\u00e1nkb\u00f3l egyel\u0151re nem a h\u0171s leveg\u0151t, hanem a meleget csalta el\u0151. Ny\u00e1ron az\u00e9rt ne 22-23 fokban legy\u00fcnk m\u00e1&#8217;! M\u00e9g a v\u00e9g\u00e9n belefagyunk a nyaral\u00f3ba! Milyen szuper dolog, hogy a mai kl\u00edm\u00e1k \u00e9ppen olyan alkalmasak a f\u0171t\u00e9sre, mint a h\u0171t\u00e9sre. Kib\u00edrtam vagy 40 nyarat a Balatonon kl\u00edma n\u00e9lk\u00fcl, \u00f6sszeaszal\u00f3dva, most meg f\u0171t\u00e9sre haszn\u00e1ljuk a &#8222;h\u0171t\u0151t&#8221;. T\u00e9nyleg, elgondolkodtak m\u00e1r azon, hogy a kl\u00edm\u00e1t mi\u00e9rt nem h\u0171t\u0151nek nevezik? Mind a kett\u0151nek azonos a funkci\u00f3ja, csak \u00e9ppen a h\u0171t\u0151 az \u00e9telt, italt h\u0171ti, a kl\u00edma meg minket. Ismerik a viccet? Este, amikor minden s\u00f6t\u00e9t, sehol sincs a vil\u00e1goss\u00e1g. J\u00f3l elb\u00fajhatott. Keret\u00e9k m\u00e1r a h\u0171t\u0151szekr\u00e9nyben? H\u00fa, de gyenge. T\u00e9ny ugyanakkor, hogy a kl\u00edm\u00e1t nem lehet kinyitni az ajtaj\u00e1n \u00e9s nincs is benne vil\u00e1goss\u00e1g. Na biztosan ez\u00e9rt nem h\u0171t\u0151! Teh\u00e1t a kl\u00edma abban k\u00fcl\u00f6nb\u00f6zik a h\u0171t\u0151t\u0151l, hogy nincsen benne vil\u00e1goss\u00e1g&#8230; Mindegy! Ak\u00e1r igaz a glob\u00e1lis felmeleged\u00e9s, ak\u00e1r nem, az biztos, hogy lassan m\u00e1r mindenhol kl\u00edma van. Eleinte legink\u00e1bb az aut\u00f3kban, most meg m\u00e1r a legt\u00f6bb lak\u00e1sban is. &#8222;Csapatt\u00e1rsunkk\u00e1&#8221; v\u00e1lt a kl\u00edma, a feladata, hogy h\u0171ts\u00f6n minket. Pedig nem is h\u0171t\u0151&#8230; \u00c9s mi p\u00e9ld\u00e1ul jelenleg nem is h\u0171t\u00e9sre haszn\u00e1ljuk&#8230; Nos, akkor mi van? \u00d6sszekeverednek a szerepek. A f\u0171t\u0151 kl\u00edma, ami a meleg miatt lett beszerelve, de v\u00e9d a hidegt\u0151l. IS! Elj\u00f6n m\u00e9g a h\u0171t\u00e9si funkci\u00f3j\u00e1nak fontoss\u00e1ga is. Na, a ma reggelt a kl\u00edm\u00e1nak sz\u00e1ntam. J\u00f3 reggelt! A h\u00e9tv\u00e9g\u00e9n visszat\u00e9r a k\u00e1nikula, de akkor mi m\u00e1r nem lesz\u00fcnk Balatonon. Cs\u00fct\u00f6rt\u00f6k\u00f6n indulunk Mariborba, tudj\u00e1k a retro-modern szlov\u00e9n v\u00e1rosk\u00e1ba, ott t\u00f6lt\u00fcnk majd 3 \u00e9jszak\u00e1t. &#8222;Nagypapa mes\u00e9li az unok\u00e1inak fiatalkori kalandjait: &#8211; &#8230; \u00e9s amikor elt\u00e9vedtem a dzsungelben, 20 \u00e9hes kannib\u00e1l vett k\u00f6rbe&#8230; Az egyik unoka k\u00f6zbev\u00e1g: &#8211; De nagypapa, a m\u00faltkor, amikor ezt a t\u00f6rt\u00e9netet mes\u00e9lted, m\u00e9g csak 10 kannib\u00e1lt eml\u00edtett\u00e9l! &#8211; Igen, kisunok\u00e1m, de akkor m\u00e9g t\u00fal fiatalok voltatok, hogy megtudj\u00e1tok a teljes igazs\u00e1got!&#8221;<\/td>\n<td>Semleges<\/td>\n<\/tr>\n<tr>\n<td>\u00dajabb emelked\u0151 nap az amerikai piacon \u00e9s \u00fajabb mindenkori cs\u00facsok, mind a h\u00e1rom amerikai index a mindenkori tetej\u00e9n z\u00e1rt. Sz\u00e9p kit\u00f6r\u00e9s tapasztalhat\u00f3 az elm\u00falt 1,5 \u00e9ves tet\u0151\u00e9p\u00edt\u00e9s ut\u00e1n.<\/td>\n<td>+++<\/td>\n<\/tr>\n<tr>\n<td>Hi\u00e1ba az amerikai t\u0151zsd\u00e9k sz\u00e1rnyal\u00e1sa, az eur\u00f3pai piacon m\u00e9ly csend honol, szinte semmit nem emelkedtek az indexek a m\u00falth\u00e9ten \u00e9s ez a helyzet Jap\u00e1nban is. 12323 ponton a DAX n\u00e9met index \u00e9s 21685 ponton a NIKKEI jap\u00e1n index (21685 pont), egyik\u00fck sem magasabb, mint az elm\u00falt egy h\u00f3napos legmagasabb \u00e9rt\u00e9k\u00fck, a mindenkori cs\u00facs\u00e9rt\u00e9k\u00fckt\u0151l pedig igen messze j\u00e1rnak. A NIKKEI 2018-as cs\u00facs\u00e9rt\u00e9ke 24448 pont volt, m\u00edg a DAX index 13596 ponton tet\u0151z\u00f6tt 2018. janu\u00e1rj\u00e1ban&#8230;<\/td>\n<td>&#8211;<\/td>\n<\/tr>\n<tr>\n<td>Itt a k\u00ednai n\u00f6veked\u00e9si adat, meg is l\u00e1tszik rajta a kereskedelmi h\u00e1bor\u00fa. Az elm\u00falt 27 \u00e9v leggyeng\u00e9bb n\u00f6veked\u00e9si adata \u00e9rkezett 6,2 sz\u00e1zal\u00e9kkal.<\/td>\n<td>&#8212;<\/td>\n<\/tr>\n<tr>\n<td>2012 \u00f3ta szint\u00e9n a leggyeng\u00e9bb n\u00f6veked\u00e9si adatair\u00f3l adott sz\u00e1mot a szingap\u00fari gazdas\u00e1g is, ami 3,4 sz\u00e1zal\u00e9kot emelkedett.<\/td>\n<td>&#8211;<\/td>\n<\/tr>\n<\/tbody>\n<\/table>\n<table cellspacing=\"0\">\n<tbody>\n<tr>\n<th width=\"87%\"><strong>Magyar<\/strong><\/th>\n<th width=\"13%\"><strong>\u00c9rt\u00e9kel\u00e9s<\/strong><\/th>\n<\/tr>\n<tr>\n<td>39 pontos gyeng\u00fcl\u00e9ssel z\u00e1rt a Budapesti \u00c9rt\u00e9kt\u0151zsde indexe a BUX a p\u00e9nteki keresked\u00e9sben (40699 pont), \u00edgy nem siker\u00fclt megk\u00f6zel\u00edteni a 41000 pontos s\u00e1vtet\u0151t. Az amerikai piacok optimizmusa a magyar t\u0151zsd\u00e9re sem tud igaz\u00e1n \u00e1tterjedni&#8230;<\/td>\n<td>&#8211;<\/td>\n<\/tr>\n<tr>\n<td>2960 forinton ragadt a MOL \u00e1rfolyama a p\u00e9nteki keresked\u00e9sben, egyel\u0151re nem tud visszaemelkedni a 3000 forinthoz.<\/td>\n<td>&#8211;<\/td>\n<\/tr>\n<tr>\n<td>5065 forintos heti z\u00e1r\u00e1s\u00e1val ism\u00e9t k\u00f6zel\u00edti a Richter \u00e1rfolyama az 5000 forintot, ami hatalmas t\u00e1masz \u00e9s sikerrel \u00e1ll\u00edtotta meg t\u00f6bbsz\u00f6r is az \u00e1rfolyames\u00e9st.<\/td>\n<td>Semleges<\/td>\n<\/tr>\n<tr>\n<td>434 forint lett az MTEL z\u00e1r\u00f3\u00e1rfolyama a p\u00e9nteki t\u0151zsdenapon, \u00edgy kit\u00f6r\u00e9st mutat a r\u00e9szv\u00e9ny a 410-427 forintb\u00f3l, imm\u00e1ron meger\u0151s\u00edtve.<\/td>\n<td>+<\/td>\n<\/tr>\n<tr>\n<td>A leger\u0151sebb r\u00e9szv\u00e9ny tov\u00e1bbra is az OTP, de az emelked\u00e9se megtorpant 12400 forintn\u00e1l.<\/td>\n<td>Semleges<\/td>\n<\/tr>\n<\/tbody>\n<\/table>\n<div class=\"ads-in-post2\"><script async src=\"https:\/\/pagead2.googlesyndication.com\/pagead\/js\/adsbygoogle.js\"><\/script>\r\n<ins class=\"adsbygoogle\"\r\n     style=\"display:block\"\r\n     data-ad-format=\"fluid\"\r\n     data-ad-layout-key=\"-6t+ed+2i-1n-4w\"\r\n     data-ad-client=\"ca-pub-1959107119989764\"\r\n     data-ad-slot=\"4008251320\"><\/ins>\r\n<script>\r\n     (adsbygoogle = window.adsbygoogle || []).push({});\r\n<\/script><\/div>\n<div><a href=\"http:\/\/randomcapital.hu\/\" target=\"_blank\" rel=\"noopener noreferrer\" data-saferedirecturl=\"https:\/\/www.google.com\/url?q=http:\/\/randomcapital.hu\/&amp;source=gmail&amp;ust=1563261631301000&amp;usg=AFQjCNEGhjc95Yg-fK0Ebrbpfpi4jF-v8A\">Nemzetk\u00f6zi \u00e9s magyar\u00a0<strong>R\u00c9SZV\u00c9NYEK, ETF-ek<\/strong>\u00a0egy helyen, alacsony jutal\u00e9kok, ingyenes sz\u00e1mlavezet\u00e9s 2016. janu\u00e1r 1.-t\u0151l 30 milli\u00f3 Ft-os BEVA v\u00e9delemmel.<\/a><\/div>\n<p>&nbsp;<\/p>\n<table cellspacing=\"0\">\n<thead>\n<tr>\n<th colspan=\"2\">Indexek<\/th>\n<\/tr>\n<\/thead>\n<tbody>\n<tr>\n<td>S&amp;P 500<\/td>\n<td>3 013,77\u00a0<span style=\"font-size: xx-small;\">(13,86 0.46%)<\/span><\/td>\n<\/tr>\n<tr>\n<td>Dow Jones Ind<\/td>\n<td>27 332,03\u00a0<span style=\"font-size: xx-small;\">(243,95 0.90%)<\/span><\/td>\n<\/tr>\n<tr>\n<td>DAX<\/td>\n<td>12 323,32\u00a0<span style=\"font-size: xx-small;\">(-8,80 -0.07%)<\/span><\/td>\n<\/tr>\n<tr>\n<td>NIKKEI<\/td>\n<td>21 685,90\u00a0<span style=\"font-size: xx-small;\">(42,37 0.20%)<\/span><\/td>\n<\/tr>\n<\/tbody>\n<\/table>\n<p>&nbsp;<\/p><div id=\"gazda-1413669516\" class=\"gazda-tartalomban gazda-entity-placement\"><script async src=\"https:\/\/pagead2.googlesyndication.com\/pagead\/js\/adsbygoogle.js\"><\/script>\r\n<ins class=\"adsbygoogle\"\r\n     style=\"display:block\"\r\n     data-ad-format=\"fluid\"\r\n     data-ad-layout-key=\"-6t+ed+2i-1n-4w\"\r\n     data-ad-client=\"ca-pub-1959107119989764\"\r\n     data-ad-slot=\"4008251320\"><\/ins>\r\n<script>\r\n     (adsbygoogle = window.adsbygoogle || []).push({});\r\n<\/script><\/div>\n<table cellspacing=\"0\">\n<thead>\n<tr>\n<th colspan=\"2\">B\u00c9T el\u0151z\u0151 z\u00e1r\u00f3<\/th>\n<\/tr>\n<\/thead>\n<tbody>\n<tr>\n<td>BUX<\/td>\n<td>40 699,69\u00a0<span style=\"font-size: xx-small;\">(-39.73 -0.1%)<\/span><\/td>\n<\/tr>\n<tr>\n<td>OTP<\/td>\n<td>12 400\u00a0<span style=\"font-size: xx-small;\">(+0 +0%)<\/span><\/td>\n<\/tr>\n<tr>\n<td>MTELEKOM<\/td>\n<td>434\u00a0<span style=\"font-size: xx-small;\">(-2 -0.46%)<\/span><\/td>\n<\/tr>\n<tr>\n<td>RICHTER<\/td>\n<td>5 065\u00a0<span style=\"font-size: xx-small;\">(-40 -0.78%)<\/span><\/td>\n<\/tr>\n<tr>\n<td>MOL<\/td>\n<td>2 960\u00a0<span style=\"font-size: xx-small;\">(+0 +0%)<\/span><\/td>\n<\/tr>\n<\/tbody>\n<\/table>\n<p>&nbsp;<\/p>\n<hr \/>\n<h3>Kapcsolat:<\/h3>\n<p><a href=\"http:\/\/randomcapital.hu\/\" target=\"_blank\" rel=\"noopener noreferrer\" data-saferedirecturl=\"https:\/\/www.google.com\/url?q=http:\/\/randomcapital.hu&amp;source=gmail&amp;ust=1563261631301000&amp;usg=AFQjCNGJPaHwzl-okpINKr7C3AgL_SHmEQ\">www.randomcapital.hu<\/a><\/p>\n<p>Tel:\u00a0<b>+36 1 501 3300<\/b><br \/>\nEmail:\u00a0<a href=\"mailto:info@randomcapital.hu\" target=\"_blank\" rel=\"noopener noreferrer\">info@randomcapital.hu<\/a><\/p>\n","protected":false},"excerpt":{"rendered":"<p>\u00dajabb emelked\u0151 nap az amerikai piacon \u00e9s \u00fajabb mindenkori cs\u00facsok, mind a h\u00e1rom amerikai index a mindenkori tetej\u00e9n z\u00e1rt. Sz\u00e9p kit\u00f6r\u00e9s tapasztalhat\u00f3 az elm\u00falt 1,5 \u00e9ves tet\u0151\u00e9p\u00edt\u00e9s ut\u00e1n.<\/p>\n","protected":false},"author":1,"featured_media":0,"comment_status":"closed","ping_status":"open","sticky":false,"template":"","format":"standard","meta":[],"categories":[8,7],"tags":[],"_links":{"self":[{"href":"https:\/\/gazdasagportal.hu\/index.php\/wp-json\/wp\/v2\/posts\/117631"}],"collection":[{"href":"https:\/\/gazdasagportal.hu\/index.php\/wp-json\/wp\/v2\/posts"}],"about":[{"href":"https:\/\/gazdasagportal.hu\/index.php\/wp-json\/wp\/v2\/types\/post"}],"author":[{"embeddable":true,"href":"https:\/\/gazdasagportal.hu\/index.php\/wp-json\/wp\/v2\/users\/1"}],"replies":[{"embeddable":true,"href":"https:\/\/gazdasagportal.hu\/index.php\/wp-json\/wp\/v2\/comments?post=117631"}],"version-history":[{"count":1,"href":"https:\/\/gazdasagportal.hu\/index.php\/wp-json\/wp\/v2\/posts\/117631\/revisions"}],"predecessor-version":[{"id":117632,"href":"https:\/\/gazdasagportal.hu\/index.php\/wp-json\/wp\/v2\/posts\/117631\/revisions\/117632"}],"wp:attachment":[{"href":"https:\/\/gazdasagportal.hu\/index.php\/wp-json\/wp\/v2\/media?parent=117631"}],"wp:term":[{"taxonomy":"category","embeddable":true,"href":"https:\/\/gazdasagportal.hu\/index.php\/wp-json\/wp\/v2\/categories?post=117631"},{"taxonomy":"post_tag","embeddable":true,"href":"https:\/\/gazdasagportal.hu\/index.php\/wp-json\/wp\/v2\/tags?post=117631"}],"curies":[{"name":"wp","href":"https:\/\/api.w.org\/{rel}","templated":true}]}}