{"id":117573,"date":"2019-07-11T15:26:44","date_gmt":"2019-07-11T13:26:44","guid":{"rendered":"http:\/\/gazdasagportal.hu\/?p=117573"},"modified":"2019-07-11T15:26:44","modified_gmt":"2019-07-11T13:26:44","slug":"haromhavi-melyponton-a-munkanelkuli-segelyt-kerok-szama-az-egyesult-allamokban","status":"publish","type":"post","link":"https:\/\/gazdasagportal.hu\/index.php\/haromhavi-melyponton-a-munkanelkuli-segelyt-kerok-szama-az-egyesult-allamokban\/","title":{"rendered":"H\u00e1romhavi m\u00e9lyponton a munkan\u00e9lk\u00fcli seg\u00e9lyt k\u00e9r\u0151k sz\u00e1ma az Egyes\u00fclt \u00c1llamokban"},"content":{"rendered":"<p><strong>A v\u00e1rt minim\u00e1lis n\u00f6veked\u00e9s helyett h\u00e1rom h\u00f3napja a legalacsonyabb volt az els\u0151 alkalommal munkan\u00e9lk\u00fcli seg\u00e9lyt k\u00e9r\u0151k sz\u00e1ma az Egyes\u00fclt \u00c1llamokban a m\u00falt h\u00e9ten, jelezve, hogy a munkaer\u0151piac a gazdas\u00e1g teljes\u00edtm\u00e9ny\u00e9nek roml\u00e1sa ellen\u00e9re biztos l\u00e1bakon \u00e1ll.<\/strong><!--more--><\/p>\n<div class=\"ads-in-post1\"><div id=\"gazdasagportal.hu_fullbanner_wideboard\"><\/div>\r\n<\/div>\n<p>    A washingtoni munka\u00fcgyi miniszt\u00e9rium cs\u00fct\u00f6rt\u00f6k\u00f6n azt k\u00f6z\u00f6lte, hogy a szezon\u00e1lisan kiigaz\u00edtott adatok szerint az els\u0151 alkalommal munkan\u00e9lk\u00fcli seg\u00e9ly\u00e9rt folyamod\u00f3k sz\u00e1ma 13 ezerrel, szezon\u00e1lisan kiigaz\u00edtva \u00e1prilis \u00f3ta legalacsonyabb szintre, 209 ezerre cs\u00f6kkent a j\u00falius 6-\u00e1n z\u00e1rult h\u00e9ten az elemz\u0151k \u00e1ltal v\u00e1rt 223 ezer helyett.<br \/>\n    A seg\u00e9lyt k\u00e9r\u0151k sz\u00e1ma m\u00e1r 2015 m\u00e1rciusa \u00f3ta \u00e1ll 300 ezer alatt. A 300 ezer alatti \u00e9rt\u00e9ket a munkaer\u0151piac robusztus erej\u00e9nek jelek\u00e9nt \u00e9rtelmezik az elemz\u0151k.<br \/>\n<div class=\"ads-in-post2\"><script async src=\"https:\/\/pagead2.googlesyndication.com\/pagead\/js\/adsbygoogle.js\"><\/script>\r\n<ins class=\"adsbygoogle\"\r\n     style=\"display:block\"\r\n     data-ad-format=\"fluid\"\r\n     data-ad-layout-key=\"-6t+ed+2i-1n-4w\"\r\n     data-ad-client=\"ca-pub-1959107119989764\"\r\n     data-ad-slot=\"4008251320\"><\/ins>\r\n<script>\r\n     (adsbygoogle = window.adsbygoogle || []).push({});\r\n<\/script><\/div>\n    A seg\u00e9lyk\u00e9relmek sz\u00e1m\u00e1t m\u00e9r\u0151 n\u00e9gyhetes mozg\u00f3\u00e1tlaga 222 500-r\u00f3l 219 250-re cs\u00f6kkent. A mozg\u00f3\u00e1tlag seg\u00edt kisz\u0171rni az ideiglenes, egyszeri hat\u00e1sokat.<br \/>\n    A tart\u00f3san munkan\u00e9lk\u00fcli seg\u00e9lyt k\u00e9r\u0151k sz\u00e1ma 27 ezerrel, 1,723 milli\u00f3ra n\u0151tt a j\u00fanius 29-\u00e9n z\u00e1r\u00f3dott h\u00e9ten. 2017 \u00e1prilis eleje \u00f3ta \u00e1ll k\u00e9tmilli\u00f3 alatt ez a sz\u00e1m, t\u00fckr\u00f6zve a munkaer\u0151piac feszess\u00e9g\u00e9t.(MTI)<\/p>\n","protected":false},"excerpt":{"rendered":"<p>A v\u00e1rt minim\u00e1lis n\u00f6veked\u00e9s helyett h\u00e1rom h\u00f3napja a legalacsonyabb volt az els\u0151 alkalommal munkan\u00e9lk\u00fcli seg\u00e9lyt k\u00e9r\u0151k sz\u00e1ma az Egyes\u00fclt \u00c1llamokban a m\u00falt h\u00e9ten, jelezve, hogy a munkaer\u0151piac a gazdas\u00e1g teljes\u00edtm\u00e9ny\u00e9nek roml\u00e1sa ellen\u00e9re biztos l\u00e1bakon \u00e1ll.<\/p>\n","protected":false},"author":1,"featured_media":0,"comment_status":"closed","ping_status":"open","sticky":false,"template":"","format":"standard","meta":[],"categories":[246],"tags":[],"_links":{"self":[{"href":"https:\/\/gazdasagportal.hu\/index.php\/wp-json\/wp\/v2\/posts\/117573"}],"collection":[{"href":"https:\/\/gazdasagportal.hu\/index.php\/wp-json\/wp\/v2\/posts"}],"about":[{"href":"https:\/\/gazdasagportal.hu\/index.php\/wp-json\/wp\/v2\/types\/post"}],"author":[{"embeddable":true,"href":"https:\/\/gazdasagportal.hu\/index.php\/wp-json\/wp\/v2\/users\/1"}],"replies":[{"embeddable":true,"href":"https:\/\/gazdasagportal.hu\/index.php\/wp-json\/wp\/v2\/comments?post=117573"}],"version-history":[{"count":1,"href":"https:\/\/gazdasagportal.hu\/index.php\/wp-json\/wp\/v2\/posts\/117573\/revisions"}],"predecessor-version":[{"id":117574,"href":"https:\/\/gazdasagportal.hu\/index.php\/wp-json\/wp\/v2\/posts\/117573\/revisions\/117574"}],"wp:attachment":[{"href":"https:\/\/gazdasagportal.hu\/index.php\/wp-json\/wp\/v2\/media?parent=117573"}],"wp:term":[{"taxonomy":"category","embeddable":true,"href":"https:\/\/gazdasagportal.hu\/index.php\/wp-json\/wp\/v2\/categories?post=117573"},{"taxonomy":"post_tag","embeddable":true,"href":"https:\/\/gazdasagportal.hu\/index.php\/wp-json\/wp\/v2\/tags?post=117573"}],"curies":[{"name":"wp","href":"https:\/\/api.w.org\/{rel}","templated":true}]}}