{"id":117567,"date":"2019-07-11T12:55:02","date_gmt":"2019-07-11T10:55:02","guid":{"rendered":"http:\/\/gazdasagportal.hu\/?p=117567"},"modified":"2019-07-11T12:55:02","modified_gmt":"2019-07-11T10:55:02","slug":"kereskedelmi-dolgozok-szakszervezete-a-munkaerohiany-mar-a-mukodest-veszelyezteti","status":"publish","type":"post","link":"https:\/\/gazdasagportal.hu\/index.php\/kereskedelmi-dolgozok-szakszervezete-a-munkaerohiany-mar-a-mukodest-veszelyezteti\/","title":{"rendered":"Kereskedelmi dolgoz\u00f3k szakszervezete: a munkaer\u0151hi\u00e1ny m\u00e1r a m\u0171k\u00f6d\u00e9st vesz\u00e9lyezteti"},"content":{"rendered":"<p><strong>A kereskedelemben a munkaer\u0151hi\u00e1ny m\u00e1r m\u0171k\u00f6d\u00e9si probl\u00e9m\u00e1kat okoz, \u00e9s az is fesz\u00fclts\u00e9geket kelt, hogy a dolgoz\u00f3k t\u00falterheltek &#8211; mondta Bubenk\u00f3 Csaba, a Kereskedelmi Dolgoz\u00f3k F\u00fcggetlen Szakszervezet\u00e9nek (KDFSZ) eln\u00f6ke cs\u00fct\u00f6rt\u00f6k\u00f6n az M1 aktu\u00e1lis csatorna \u00e9s a Kossuth r\u00e1di\u00f3 J\u00f3 reggelt, Magyarorsz\u00e1g c\u00edm\u0171 k\u00f6z\u00f6s m\u0171sorblokkj\u00e1ban. <\/strong><!--more--><\/p>\n<div class=\"ads-in-post1\"><div id=\"gazdasagportal.hu_fullbanner_wideboard\"><\/div>\r\n<\/div>\n<p>    A szakszervezeti vezet\u0151 szerint a kialakult helyzetre az jelenthet megold\u00e1st, ha az \u00e1gazatban m\u0171k\u00f6d\u0151 c\u00e9gek felismerik, hogy a megfelel\u0151 b\u00e9rek mellett kisz\u00e1m\u00edthat\u00f3 munkak\u00f6r\u00fclm\u00e9nyekre \u00e9s \u00e1tl\u00e1that\u00f3 beoszt\u00e1sra van sz\u00fcks\u00e9g\u00fck a dolgoz\u00f3knak.<br \/>\n<div class=\"ads-in-post2\"><script async src=\"https:\/\/pagead2.googlesyndication.com\/pagead\/js\/adsbygoogle.js\"><\/script>\r\n<ins class=\"adsbygoogle\"\r\n     style=\"display:block\"\r\n     data-ad-format=\"fluid\"\r\n     data-ad-layout-key=\"-6t+ed+2i-1n-4w\"\r\n     data-ad-client=\"ca-pub-1959107119989764\"\r\n     data-ad-slot=\"4008251320\"><\/ins>\r\n<script>\r\n     (adsbygoogle = window.adsbygoogle || []).push({});\r\n<\/script><\/div>\n    Sz\u00f3lt arr\u00f3l is, hogy a szakszervezeti r\u00e9szr\u0151l felmer\u00fclt a boltok \u00f6nk\u00e9ntes vas\u00e1rnapi z\u00e1rva tart\u00e1sa. Az \u00fcgyben el\u0151sz\u00f6r a v\u00e1s\u00e1rl\u00f3k v\u00e9lem\u00e9ny\u00e9re k\u00edv\u00e1ncsiak, a KDFSZ a fogyaszt\u00f3k visszajelz\u00e9sei alapj\u00e1n alak\u00edtja majd ki az \u00e1ll\u00e1spontj\u00e1t.(MTI)<\/p>\n","protected":false},"excerpt":{"rendered":"<p>A kereskedelemben a munkaer\u0151hi\u00e1ny m\u00e1r m\u0171k\u00f6d\u00e9si probl\u00e9m\u00e1kat okoz, \u00e9s az is fesz\u00fclts\u00e9geket kelt, hogy a dolgoz\u00f3k t\u00falterheltek &#8211; mondta Bubenk\u00f3 Csaba, a Kereskedelmi Dolgoz\u00f3k F\u00fcggetlen Szakszervezet\u00e9nek (KDFSZ) eln\u00f6ke cs\u00fct\u00f6rt\u00f6k\u00f6n az M1 aktu\u00e1lis csatorna \u00e9s a Kossuth r\u00e1di\u00f3 J\u00f3 reggelt, Magyarorsz\u00e1g c\u00edm\u0171 k\u00f6z\u00f6s m\u0171sorblokkj\u00e1ban.<\/p>\n","protected":false},"author":1,"featured_media":0,"comment_status":"closed","ping_status":"open","sticky":false,"template":"","format":"standard","meta":[],"categories":[19],"tags":[],"_links":{"self":[{"href":"https:\/\/gazdasagportal.hu\/index.php\/wp-json\/wp\/v2\/posts\/117567"}],"collection":[{"href":"https:\/\/gazdasagportal.hu\/index.php\/wp-json\/wp\/v2\/posts"}],"about":[{"href":"https:\/\/gazdasagportal.hu\/index.php\/wp-json\/wp\/v2\/types\/post"}],"author":[{"embeddable":true,"href":"https:\/\/gazdasagportal.hu\/index.php\/wp-json\/wp\/v2\/users\/1"}],"replies":[{"embeddable":true,"href":"https:\/\/gazdasagportal.hu\/index.php\/wp-json\/wp\/v2\/comments?post=117567"}],"version-history":[{"count":1,"href":"https:\/\/gazdasagportal.hu\/index.php\/wp-json\/wp\/v2\/posts\/117567\/revisions"}],"predecessor-version":[{"id":117568,"href":"https:\/\/gazdasagportal.hu\/index.php\/wp-json\/wp\/v2\/posts\/117567\/revisions\/117568"}],"wp:attachment":[{"href":"https:\/\/gazdasagportal.hu\/index.php\/wp-json\/wp\/v2\/media?parent=117567"}],"wp:term":[{"taxonomy":"category","embeddable":true,"href":"https:\/\/gazdasagportal.hu\/index.php\/wp-json\/wp\/v2\/categories?post=117567"},{"taxonomy":"post_tag","embeddable":true,"href":"https:\/\/gazdasagportal.hu\/index.php\/wp-json\/wp\/v2\/tags?post=117567"}],"curies":[{"name":"wp","href":"https:\/\/api.w.org\/{rel}","templated":true}]}}