{"id":117563,"date":"2019-07-11T11:10:44","date_gmt":"2019-07-11T09:10:44","guid":{"rendered":"http:\/\/gazdasagportal.hu\/?p=117563"},"modified":"2019-07-11T11:10:44","modified_gmt":"2019-07-11T09:10:44","slug":"mabisz-alberletre-is-erdemes-biztositast-kotni","status":"publish","type":"post","link":"https:\/\/gazdasagportal.hu\/index.php\/mabisz-alberletre-is-erdemes-biztositast-kotni\/","title":{"rendered":"Mabisz: alb\u00e9rletre is \u00e9rdemes biztos\u00edt\u00e1st k\u00f6tni"},"content":{"rendered":"<p><strong>M\u00e1r a b\u00e9rleti szerz\u0151d\u00e9s megk\u00f6t\u00e9se el\u0151tt \u00e9rdemes tiszt\u00e1zni, hogy van-e a lak\u00e1snak biztos\u00edt\u00e1sa, \u00e9s az alb\u00e9rl\u0151nek \u00e9rdemes saj\u00e1t t\u00e1rgyait k\u00fcl\u00f6n biztos\u00edtania f\u00fcgg\u0151en att\u00f3l, hogy a lak\u00e1s b\u00fatorozott vagy b\u00fatorozatlan &#8211; mondta a Magyar Biztos\u00edt\u00f3k Sz\u00f6vets\u00e9g\u00e9nek (Mabisz) kommunik\u00e1ci\u00f3s vezet\u0151je cs\u00fct\u00f6rt\u00f6k reggel az M1 aktu\u00e1lis csatorn\u00e1n.<\/strong><!--more--><\/p>\n<div class=\"ads-in-post1\"><div id=\"gazdasagportal.hu_fullbanner_wideboard\"><\/div>\r\n<\/div>\n<p>    Lambert G\u00e1bor a tulajdonosoknak azt javasolja, hogy sz\u00f3ljanak az alb\u00e9rl\u0151nek, hogy a lak\u00e1sra van biztos\u00edt\u00e1s, teh\u00e1t ha valami t\u00f6rt\u00e9nik az ingatlannal, az fedezet alatt \u00e1ll. Ugyanakkor ez nem jelenti azt, hogy az alb\u00e9rl\u0151nek a benne l\u00e9v\u0151 t\u00e1rgyai is fedezett alatt \u00e1lln\u00e1nak.<br \/>\n    Az alb\u00e9rl\u0151 megteheti azt, hogy csak saj\u00e1t ing\u00f3s\u00e1gait vonja be a fedezetbe &#8211; jegyezte meg.<br \/>\n    K\u00e1r eset\u00e9n a szerz\u0151d\u0151nek, a biztos\u00edtottnak kell int\u00e9zni az \u00fcgyet, a k\u00e1rt\u00e9r\u00edt\u00e9st is \u0151 veheti fel.(MTI)<br \/>\n<div class=\"ads-in-post2\"><script async src=\"https:\/\/pagead2.googlesyndication.com\/pagead\/js\/adsbygoogle.js\"><\/script>\r\n<ins class=\"adsbygoogle\"\r\n     style=\"display:block\"\r\n     data-ad-format=\"fluid\"\r\n     data-ad-layout-key=\"-6t+ed+2i-1n-4w\"\r\n     data-ad-client=\"ca-pub-1959107119989764\"\r\n     data-ad-slot=\"4008251320\"><\/ins>\r\n<script>\r\n     (adsbygoogle = window.adsbygoogle || []).push({});\r\n<\/script><\/div>\n","protected":false},"excerpt":{"rendered":"<p>M\u00e1r a b\u00e9rleti szerz\u0151d\u00e9s megk\u00f6t\u00e9se el\u0151tt \u00e9rdemes tiszt\u00e1zni, hogy van-e a lak\u00e1snak biztos\u00edt\u00e1sa, \u00e9s az alb\u00e9rl\u0151nek \u00e9rdemes saj\u00e1t t\u00e1rgyait k\u00fcl\u00f6n biztos\u00edtania f\u00fcgg\u0151en att\u00f3l, hogy a lak\u00e1s b\u00fatorozott vagy b\u00fatorozatlan &#8211; mondta a Magyar Biztos\u00edt\u00f3k Sz\u00f6vets\u00e9g\u00e9nek (Mabisz) kommunik\u00e1ci\u00f3s vezet\u0151je cs\u00fct\u00f6rt\u00f6k reggel az M1 aktu\u00e1lis csatorn\u00e1n.<\/p>\n","protected":false},"author":1,"featured_media":0,"comment_status":"closed","ping_status":"open","sticky":false,"template":"","format":"standard","meta":[],"categories":[51,19],"tags":[],"_links":{"self":[{"href":"https:\/\/gazdasagportal.hu\/index.php\/wp-json\/wp\/v2\/posts\/117563"}],"collection":[{"href":"https:\/\/gazdasagportal.hu\/index.php\/wp-json\/wp\/v2\/posts"}],"about":[{"href":"https:\/\/gazdasagportal.hu\/index.php\/wp-json\/wp\/v2\/types\/post"}],"author":[{"embeddable":true,"href":"https:\/\/gazdasagportal.hu\/index.php\/wp-json\/wp\/v2\/users\/1"}],"replies":[{"embeddable":true,"href":"https:\/\/gazdasagportal.hu\/index.php\/wp-json\/wp\/v2\/comments?post=117563"}],"version-history":[{"count":1,"href":"https:\/\/gazdasagportal.hu\/index.php\/wp-json\/wp\/v2\/posts\/117563\/revisions"}],"predecessor-version":[{"id":117564,"href":"https:\/\/gazdasagportal.hu\/index.php\/wp-json\/wp\/v2\/posts\/117563\/revisions\/117564"}],"wp:attachment":[{"href":"https:\/\/gazdasagportal.hu\/index.php\/wp-json\/wp\/v2\/media?parent=117563"}],"wp:term":[{"taxonomy":"category","embeddable":true,"href":"https:\/\/gazdasagportal.hu\/index.php\/wp-json\/wp\/v2\/categories?post=117563"},{"taxonomy":"post_tag","embeddable":true,"href":"https:\/\/gazdasagportal.hu\/index.php\/wp-json\/wp\/v2\/tags?post=117563"}],"curies":[{"name":"wp","href":"https:\/\/api.w.org\/{rel}","templated":true}]}}