{"id":117555,"date":"2019-07-11T08:20:02","date_gmt":"2019-07-11T06:20:02","guid":{"rendered":"http:\/\/gazdasagportal.hu\/?p=117555"},"modified":"2019-07-11T08:20:02","modified_gmt":"2019-07-11T06:20:02","slug":"uj-utakon-jaszai-gellert-mar-nem-a-meszaros-csoport-reszekent-epitkezik-az-uzletember","status":"publish","type":"post","link":"https:\/\/gazdasagportal.hu\/index.php\/uj-utakon-jaszai-gellert-mar-nem-a-meszaros-csoport-reszekent-epitkezik-az-uzletember\/","title":{"rendered":"\u00daj utakon J\u00e1szai Gell\u00e9rt, m\u00e1r nem a M\u00e9sz\u00e1ros-csoport r\u00e9szek\u00e9nt \u00e9p\u00edtkezik az \u00fczletember"},"content":{"rendered":"<p><strong>J\u00e1szai Gell\u00e9rt, a 4iG nagytulajdonosa, a t\u00e1rsas\u00e1g eln\u00f6k-vez\u00e9rigazgat\u00f3ja \u00f6r\u00fcl annak, hogy M\u00e9sz\u00e1ros L\u0151rinc t\u0151zsdei befektet\u0151k\u00e9nt jelen van v\u00e1llalat\u00e1ban, \u00e9s b\u00fcszke arra, amit az elm\u00falt h\u00e1rom \u00e9vben k\u00f6z\u00f6sen fel\u00e9p\u00edtettek &#8211; olvashat\u00f3 a Figyel\u0151 cs\u00fct\u00f6rt\u00f6ki sz\u00e1m\u00e1ban.<\/strong><!--more--><\/p>\n<div class=\"ads-in-post1\"><div id=\"gazdasagportal.hu_fullbanner_wideboard\"><\/div>\r\n<\/div>\n<p>    Az \u00fczletember a lapnak adott interj\u00faban hangs\u00falyozta: nincs \u00f6sszef\u00fcgg\u00e9s ak\u00f6z\u00f6tt, hogy M\u00e9sz\u00e1ros L\u0151rinc \u00e9rdekelts\u00e9ge cs\u00f6kkent a 4iG-ben \u00e9s l\u00e9trej\u00f6n a T-Systems-\u00fcgylet.<br \/>\n    Elmondta: M\u00e9sz\u00e1ros L\u0151rinc tavaly arra k\u00e9rte, hogy ezt a t\u0151zsdei t\u00e1rsas\u00e1got \u00e9s ezzel egy\u00fctt az \u00faj ipar\u00e1gat is ir\u00e1ny\u00edtsa az akkor megl\u00e9v\u0151 feladatai mellett.<br \/>\n    J\u00e1szai Gell\u00e9rt elmondta, hogy az \u00e9v v\u00e9g\u00e9re tudatosodott benne, hogy ezt a ter\u00fcletet \u00e9s t\u0151zsdei t\u00e1rsas\u00e1got csak \u00f6n\u00e1ll\u00f3 feladatk\u00e9nt van es\u00e9ly sikerrel ir\u00e1ny\u00edtani.<br \/>\n    Ezek ut\u00e1n meg\u00e1llapodtak, hogy befejezve a M\u00e9sz\u00e1ros-csoport v\u00e1llalataihoz kapcsol\u00f3d\u00f3 feladatokat, m\u00e1rciust\u00f3l csak a 4iG-re f\u00f3kusz\u00e1l.<br \/>\n    Elmondta: M\u00e9sz\u00e1ros L\u0151rinc felaj\u00e1nlotta, hogy ezt m\u00e1r ne a kialakult \u00fczleti kapcsolatrendszer\u00fcnkben tegyem, hanem tulajdonosk\u00e9nt. Ekkor sz\u00fcletett meg a meg\u00e1llapod\u00e1s, amelynek alapj\u00e1n megszerezte a 4iG 40,2 sz\u00e1zal\u00e9k\u00e1t, ami \u00f6n\u00e1ll\u00f3 ir\u00e1ny\u00edt\u00e1si jogot biztos\u00edt &#8211; k\u00f6z\u00f6lte.<br \/>\n    Kiemelte, hogy megtiszteltet\u00e9s volt sz\u00e1m\u00e1ra M\u00e9sz\u00e1ros L\u0151rinc jobbkez\u00e9nek lenni, \u00e9s b\u00fcszke arra, amit az elm\u00falt h\u00e1rom \u00e9vben k\u00f6z\u00f6sen fel\u00e9p\u00edtettek.<br \/>\n<div class=\"ads-in-post2\"><script async src=\"https:\/\/pagead2.googlesyndication.com\/pagead\/js\/adsbygoogle.js\"><\/script>\r\n<ins class=\"adsbygoogle\"\r\n     style=\"display:block\"\r\n     data-ad-format=\"fluid\"\r\n     data-ad-layout-key=\"-6t+ed+2i-1n-4w\"\r\n     data-ad-client=\"ca-pub-1959107119989764\"\r\n     data-ad-slot=\"4008251320\"><\/ins>\r\n<script>\r\n     (adsbygoogle = window.adsbygoogle || []).push({});\r\n<\/script><\/div>\n    &#8222;Azt is elmondhatom, hogy ebben nemcsak egy jobbk\u00e9znek, hanem a teljes csapatnak fontos szerepe volt. A sors \u00fagy hozta azonban, hogy ma m\u00e1r nem a M\u00e9sz\u00e1ros-csoport r\u00e9szek\u00e9nt \u00e9p\u00edtkezem tov\u00e1bb (&#8230;), hanem \u00f6n\u00e1ll\u00f3an. Annak viszont \u00f6r\u00fcl\u00f6k, hogy a bar\u00e1tom, M\u00e9sz\u00e1ros L\u0151rinc befektet\u0151k\u00e9nt tov\u00e1bbra is jelen van a t\u0151zsdei v\u00e1llalatomban&#8221; &#8211; fogalmazott J\u00e1szai Gell\u00e9rt. K\u00f6z\u00f6lte: hitel, k\u00f6tv\u00e9nykibocs\u00e1t\u00e1s vagy ak\u00e1r int\u00e9zm\u00e9nyi befektet\u0151k bevon\u00e1sa is sz\u00f3ba j\u00f6het a T-Systems felv\u00e1s\u00e1rl\u00e1s\u00e1nak finansz\u00edroz\u00e1sakor.<br \/>\n    A v\u00e9tel\u00e1rr\u00f3l annyit \u00e1rult el, hogy magyarorsz\u00e1gi viszonylatban kifejezetten nagy volumen\u0171 \u00fcgyletr\u0151l van sz\u00f3. Arr\u00f3l is besz\u00e9lt, hogy a tov\u00e1bbi tulajdonszerz\u00e9sekhez ak\u00e1r Opus-r\u00e9szesed\u00e9se egy r\u00e9sz\u00e9nek elad\u00e1s\u00e1ra is sz\u00fcks\u00e9g lehet.<br \/>\n    A Magyar Telekommal a T-Systems megv\u00e1s\u00e1rl\u00e1s\u00e1r\u00f3l k\u00f6t\u00f6tt meg\u00e1llapod\u00e1s nem csup\u00e1n egy ad\u00e1sv\u00e9telr\u0151l sz\u00f3l, hanem hossz\u00fa t\u00e1v\u00fa partners\u00e9get jelent, keretbe foglalja az egy\u00fcttm\u0171k\u00f6d\u00e9st mind a telekommunik\u00e1ci\u00f3s, mind az informatikai szegmens tekintet\u00e9ben &#8211; mondta a v\u00e1llalkoz\u00f3.<br \/>\n    Hozz\u00e1tette: az al\u00e1\u00edrt el\u0151zetes meg\u00e1llapod\u00e1sba csak a legfontosabb alapvet\u00e9sek ker\u00fcltek be, a tranzakci\u00f3 r\u00e9szletes felt\u00e9telrendszer\u00e9t a v\u00e9gleges ad\u00e1sv\u00e9teli szerz\u0151d\u00e9s tartalmazza majd. A tranzakci\u00f3t a meg\u00e1llapod\u00e1s alapj\u00e1n \u00e9v v\u00e9g\u00e9ig lez\u00e1rj\u00e1k.<br \/>\n    Arr\u00f3l, hogy a Telekommal tervezett partners\u00e9g hosszabb t\u00e1von mit jelenthet a 4iG sz\u00e1m\u00e1ra, elmondta: terveik szerint az \u00fcgylet z\u00e1r\u00e1sa ut\u00e1n is a T-Systems marad a Magyar Telekom legnagyobb informatikai besz\u00e1ll\u00edt\u00f3ja. Ezenk\u00edv\u00fcl a 4iG a hossz\u00fa t\u00e1v\u00fa szerz\u0151d\u00e9sen kereszt\u00fcl &#8222;belek\u00f3stolhat&#8221; a telekommunik\u00e1ci\u00f3s szolg\u00e1ltat\u00e1sokba is.<br \/>\n    Arra a k\u00e9rd\u00e9sre, szerepel-e a terveik k\u00f6z\u00f6tt, hogy nagyobb piaci r\u00e9szesed\u00e9st szerezzenek a telekommunik\u00e1ci\u00f3s piacon is, lesz\u00f6gezte: csak az lehet az \u00e9rdek\u00fck, hogy ez \u00edgy legyen. Hozz\u00e1tette, a Magyar Telekom t\u00e1vk\u00f6zl\u00e9si szolg\u00e1ltat\u00e1sainak nagyv\u00e1llalati \u00e9s k\u00f6zszf\u00e9ra szegmensben t\u00f6rt\u00e9n\u0151 \u00e9rt\u00e9kes\u00edt\u00e9s\u00e9re k\u00f6t\u00f6tt hossz\u00fa t\u00e1v\u00fa meg\u00e1llapod\u00e1sban v\u00e1llalj\u00e1k a forgalom \u00e9s a piaci r\u00e9szesed\u00e9s megtart\u00e1s\u00e1t, ez minim\u00e1lis felt\u00e9tel.<br \/>\n    Azzal kapcsolatban, hogy a 4iG r\u00e9szt vesz-e az 5G-s h\u00e1l\u00f3zat ki\u00e9p\u00edt\u00e9s\u00e9ben, jelezte: koraiak a tal\u00e1lgat\u00e1sok, hiszen a korm\u00e1ny valamikor a ny\u00e1r folyam\u00e1n fogadja csak el az 5G-vel kapcsolatos strat\u00e9gi\u00e1j\u00e1t.<br \/>\n    Nyilv\u00e1nval\u00f3 azonban, hogy a digitaliz\u00e1ci\u00f3, az informatika \u00e9s a digit\u00e1lis infrastrukt\u00fara, valamint a telekommunik\u00e1ci\u00f3 mind olyan ter\u00fclet, ahol a 4iG m\u00e1r ma is jelen van, vagy a T-Systems akviz\u00edci\u00f3j\u00e1t k\u00f6vet\u0151en hamarosan jelen lehet, \u00edgy egy\u00e9rtelm\u0171, hogy a t\u00e1rsas\u00e1g \u00e9rintett a t\u00e9m\u00e1ban &#8211; k\u00f6z\u00f6lte J\u00e1szai Gell\u00e9rt.<br \/>\n    A tov\u00e1bbi akviz\u00edci\u00f3s tervekr\u0151l kifejtette: olyan v\u00e1llalatok megv\u00e1s\u00e1rl\u00e1s\u00e1t vizsg\u00e1lj\u00e1k, amelyek region\u00e1lis szinten is akt\u00edvak, illetve olyanokat venn\u00e9nek, amelyek glob\u00e1lisan jelen vannak az informatika egy speci\u00e1lis ter\u00fclet\u00e9n.<br \/>\n    A nemzetk\u00f6zi sz\u00ednre l\u00e9p\u00e9s kapcs\u00e1n nemcsak akviz\u00edci\u00f3kban, hanem magyar szoftverek, informatikai csomagok \u00e9s saj\u00e1t innov\u00e1ci\u00f3k, a hazai tud\u00e1s exportj\u00e1n is gondolkodnak &#8211; tette hozz\u00e1.<br \/>\n    A korm\u00e1ny kiemelt figyelemmel kezeli a magyar gazdas\u00e1g egyik meghat\u00e1roz\u00f3 szerepl\u0151j\u00e9t &#8211; reag\u00e1lt arra a k\u00e9rd\u00e9sre, kell-e egy ilyen s\u00faly\u00fa tranzakci\u00f3hoz politikai felhatalmaz\u00e1s. Hozz\u00e1f\u0171zte: a k\u00f6zhiedelemmel ellent\u00e9tben az ilyen volumen\u0171 \u00e9s jelent\u0151s\u00e9g\u0171 tranzakci\u00f3k a piaci \u00e9rdekek ment\u00e9n folynak.<br \/>\n    J\u00e1szai Gell\u00e9rt besz\u00e9lt arr\u00f3l is, hogy jelenleg nincs olyan forgat\u00f3k\u00f6nyv, amely szerint a k\u00e9s\u0151bbiekben kiv\u00e1s\u00e1roln\u00e1 az Opust a 4iG-b\u0151l.<br \/>\n    Az Opus sz\u00e1m\u00e1ra j\u00f3 p\u00e9nz\u00fcgyi befektet\u00e9snek t\u0171nik a 4iG pakettje a maga k\u00f6zel 10 milli\u00e1rdos \u00e1rfolyamnyeres\u00e9g\u00e9vel &#8211; mondta.<br \/>\n    Saj\u00e1t Opus-r\u00e9szesed\u00e9s\u00e9r\u0151l azt mondta: j\u00f3 befektet\u00e9snek tartja a 4iG-n\u00e9l zajl\u00f3 k\u00f6telez\u0151 nyilv\u00e1nos v\u00e9teli aj\u00e1nlatot k\u00f6vet\u0151 tov\u00e1bbi 8,2 sz\u00e1zal\u00e9kos tulajdonszerz\u00e9s\u00e9hez, azonban elk\u00e9pzelhet\u0151, hogy sz\u00fcks\u00e9g lesz egy r\u00e9sz\u00e9nek az elad\u00e1s\u00e1ra.<br \/>\n    &#8222;Ha sor ker\u00fcl erre, akkor sem a piacon \u00e9rt\u00e9kes\u00edtem, hanem M\u00e9sz\u00e1ros L\u0151rinccel k\u00f6t\u00f6tt meg\u00e1llapod\u00e1som alapj\u00e1n ezeket majd \u0151 veszi meg&#8221; &#8211; mondta J\u00e1szai Gell\u00e9rt.(MTI)<\/p>\n","protected":false},"excerpt":{"rendered":"<p>J\u00e1szai Gell\u00e9rt, a 4iG nagytulajdonosa, a t\u00e1rsas\u00e1g eln\u00f6k-vez\u00e9rigazgat\u00f3ja \u00f6r\u00fcl annak, hogy M\u00e9sz\u00e1ros L\u0151rinc t\u0151zsdei befektet\u0151k\u00e9nt jelen van v\u00e1llalat\u00e1ban, \u00e9s b\u00fcszke arra, amit az elm\u00falt h\u00e1rom \u00e9vben k\u00f6z\u00f6sen fel\u00e9p\u00edtettek &#8211; olvashat\u00f3 a Figyel\u0151 cs\u00fct\u00f6rt\u00f6ki sz\u00e1m\u00e1ban.<\/p>\n","protected":false},"author":1,"featured_media":0,"comment_status":"closed","ping_status":"open","sticky":false,"template":"","format":"standard","meta":[],"categories":[19,7],"tags":[],"_links":{"self":[{"href":"https:\/\/gazdasagportal.hu\/index.php\/wp-json\/wp\/v2\/posts\/117555"}],"collection":[{"href":"https:\/\/gazdasagportal.hu\/index.php\/wp-json\/wp\/v2\/posts"}],"about":[{"href":"https:\/\/gazdasagportal.hu\/index.php\/wp-json\/wp\/v2\/types\/post"}],"author":[{"embeddable":true,"href":"https:\/\/gazdasagportal.hu\/index.php\/wp-json\/wp\/v2\/users\/1"}],"replies":[{"embeddable":true,"href":"https:\/\/gazdasagportal.hu\/index.php\/wp-json\/wp\/v2\/comments?post=117555"}],"version-history":[{"count":1,"href":"https:\/\/gazdasagportal.hu\/index.php\/wp-json\/wp\/v2\/posts\/117555\/revisions"}],"predecessor-version":[{"id":117556,"href":"https:\/\/gazdasagportal.hu\/index.php\/wp-json\/wp\/v2\/posts\/117555\/revisions\/117556"}],"wp:attachment":[{"href":"https:\/\/gazdasagportal.hu\/index.php\/wp-json\/wp\/v2\/media?parent=117555"}],"wp:term":[{"taxonomy":"category","embeddable":true,"href":"https:\/\/gazdasagportal.hu\/index.php\/wp-json\/wp\/v2\/categories?post=117555"},{"taxonomy":"post_tag","embeddable":true,"href":"https:\/\/gazdasagportal.hu\/index.php\/wp-json\/wp\/v2\/tags?post=117555"}],"curies":[{"name":"wp","href":"https:\/\/api.w.org\/{rel}","templated":true}]}}