{"id":117550,"date":"2019-07-10T18:01:30","date_gmt":"2019-07-10T16:01:30","guid":{"rendered":"http:\/\/gazdasagportal.hu\/?p=117550"},"modified":"2019-07-10T18:01:30","modified_gmt":"2019-07-10T16:01:30","slug":"tozsdezaras-kedvezoen-hatott-a-reszvenypiacokra-a-fed-kamatcsokkentesi-szandekanak-jelzese","status":"publish","type":"post","link":"https:\/\/gazdasagportal.hu\/index.php\/tozsdezaras-kedvezoen-hatott-a-reszvenypiacokra-a-fed-kamatcsokkentesi-szandekanak-jelzese\/","title":{"rendered":"T\u0151zsdez\u00e1r\u00e1s &#8211; Kedvez\u0151en hatott a r\u00e9szv\u00e9nypiacokra a Fed kamatcs\u00f6kkent\u00e9si sz\u00e1nd\u00e9k\u00e1nak jelz\u00e9se"},"content":{"rendered":"<p><strong>A Budapesti \u00c9rt\u00e9kt\u0151zsde r\u00e9szv\u00e9nyindexe, a BUX 250,34 pontos, 0,62 sz\u00e1zal\u00e9kos emelked\u00e9ssel, 40 577,79 ponton z\u00e1rt szerd\u00e1n.<\/strong><!--more--><\/p>\n<div class=\"ads-in-post1\"><div id=\"gazdasagportal.hu_fullbanner_wideboard\"><\/div>\r\n<\/div>\n<p>    A r\u00e9szv\u00e9nypiac forgalma 11,6 milli\u00e1rd forint volt. A vezet\u0151 r\u00e9szv\u00e9nyek a Mol kiv\u00e9tel\u00e9vel er\u0151s\u00f6dtek az el\u0151z\u0151 napi z\u00e1r\u00e1shoz k\u00e9pest, a legnagyobb m\u00e9rt\u00e9kben az OTP, k\u00f6zel m\u00e1sf\u00e9l sz\u00e1zal\u00e9kkal.<br \/>\n    Varga Zolt\u00e1n, az Equilor Befektet\u00e9si Zrt. szenior elemz\u0151je elmondta: a nap esem\u00e9nye az amerikai jegybank szerep\u00e9t bet\u00f6lt\u0151 Federal Reserve (Fed) eln\u00f6k\u00e9nek kongresszusi meghallgat\u00e1sa volt. Jerome Powell meghallgat\u00e1s\u00e1n olyan \u00fczenetek hangzottak el, amelyek azt mutatj\u00e1k, hogy hamarosan &#8211; ak\u00e1r m\u00e1r j\u00faliusban &#8211; kamatot v\u00e1ghat az amerikai jegybank. Ennek els\u0151dleges oka a n\u00f6veked\u00e9si, illetve az infl\u00e1ci\u00f3s kil\u00e1t\u00e1sok bizonytalans\u00e1ga, a be\u00e9rkez\u0151 adatok alapj\u00e1n agg\u00f3dnak egy picit az amerikai gazdas\u00e1g \u00e1llapota miatt &#8211; mondta az elemz\u0151.<br \/>\n<div class=\"ads-in-post2\"><script async src=\"https:\/\/pagead2.googlesyndication.com\/pagead\/js\/adsbygoogle.js\"><\/script>\r\n<ins class=\"adsbygoogle\"\r\n     style=\"display:block\"\r\n     data-ad-format=\"fluid\"\r\n     data-ad-layout-key=\"-6t+ed+2i-1n-4w\"\r\n     data-ad-client=\"ca-pub-1959107119989764\"\r\n     data-ad-slot=\"4008251320\"><\/ins>\r\n<script>\r\n     (adsbygoogle = window.adsbygoogle || []).push({});\r\n<\/script><\/div>\n    Hozz\u00e1tette, az elhangzottak f\u0151leg az Egyes\u00fclt \u00c1llamokban jav\u00edtott\u00e1k a nemzetk\u00f6zi befektet\u0151i hangulatot, de az eur\u00f3pai piacokra is hat\u00e1st gyakorolt. J\u00f3t tett a r\u00e9szv\u00e9nypiacoknak, a doll\u00e1r gyeng\u00fclt, ut\u00f3bbi miatt pedig \u00e1tmenetileg er\u0151s\u00f6d\u00f6tt a forint is.<br \/>\n    Jerome Powell megfogalmaz\u00e1sa szerint a vil\u00e1gkereskedelmi ellent\u00e9tek eszkal\u00e1l\u00f3d\u00e1sa miatt kialakult bizonytalans\u00e1g \u00e9s a vil\u00e1ggazdas\u00e1gi n\u00f6veked\u00e9s \u00fctem\u00e9vel szemben felmer\u00fclt aggodalmak k\u00e9telyeket t\u00e1masztanak az Egyes\u00fclt \u00c1llamok n\u00f6veked\u00e9si kil\u00e1t\u00e1saival szemben is. Megjegyezte ugyanakkor, hogy a Fed infl\u00e1ci\u00f3s c\u00e9lj\u00e1t\u00f3l elmarad\u00f3 \u00e1remelked\u00e9s is a gazdas\u00e1g\u00f6szt\u00f6nz\u0151 c\u00e9l\u00fa monet\u00e1ris laz\u00edt\u00e1s sz\u00fcks\u00e9gess\u00e9ge mellett sz\u00f3l.<br \/>\n    A Mol 2 forinttal, 0,07 sz\u00e1zal\u00e9kkal 2962 forintra gyeng\u00fclt, 3,5 milli\u00e1rd forintos forgalomban.<br \/>\n    Az OTP r\u00e9szv\u00e9nyek 180 forinttal, 1,49 sz\u00e1zal\u00e9kkal 12 270 forintra er\u0151s\u00f6dtek, forgalmuk 5,4 milli\u00e1rd forintot tett ki.<br \/>\n    A Magyar Telekom \u00e1ra 0,50 forinttal, 0,12 sz\u00e1zal\u00e9kkal 425 forintra n\u0151tt, forgalma 158,8 milli\u00f3 forint volt.<br \/>\n    A Richter-pap\u00edrok \u00e1rfolyama 10 forinttal, 0,20 sz\u00e1zal\u00e9kkal 5110 forintra emelkedett, forgalmuk 668,8 milli\u00f3 forintot \u00e9rt el.<br \/>\n    A kis \u00e9s k\u00f6zepes r\u00e9szv\u00e9nyek indexe, a BUMIX 4433,63 ponton z\u00e1rt szerd\u00e1n, ez 1,22 pontos, 0,03 sz\u00e1zal\u00e9kos emelked\u00e9s a keddi z\u00e1r\u00e1shoz viszony\u00edtva.(MTI)<\/p>\n","protected":false},"excerpt":{"rendered":"<p>A Budapesti \u00c9rt\u00e9kt\u0151zsde r\u00e9szv\u00e9nyindexe, a BUX 250,34 pontos, 0,62 sz\u00e1zal\u00e9kos emelked\u00e9ssel, 40 577,79 ponton z\u00e1rt szerd\u00e1n.<\/p>\n","protected":false},"author":1001003,"featured_media":0,"comment_status":"closed","ping_status":"open","sticky":false,"template":"","format":"standard","meta":[],"categories":[7],"tags":[],"_links":{"self":[{"href":"https:\/\/gazdasagportal.hu\/index.php\/wp-json\/wp\/v2\/posts\/117550"}],"collection":[{"href":"https:\/\/gazdasagportal.hu\/index.php\/wp-json\/wp\/v2\/posts"}],"about":[{"href":"https:\/\/gazdasagportal.hu\/index.php\/wp-json\/wp\/v2\/types\/post"}],"author":[{"embeddable":true,"href":"https:\/\/gazdasagportal.hu\/index.php\/wp-json\/wp\/v2\/users\/1001003"}],"replies":[{"embeddable":true,"href":"https:\/\/gazdasagportal.hu\/index.php\/wp-json\/wp\/v2\/comments?post=117550"}],"version-history":[{"count":1,"href":"https:\/\/gazdasagportal.hu\/index.php\/wp-json\/wp\/v2\/posts\/117550\/revisions"}],"predecessor-version":[{"id":117551,"href":"https:\/\/gazdasagportal.hu\/index.php\/wp-json\/wp\/v2\/posts\/117550\/revisions\/117551"}],"wp:attachment":[{"href":"https:\/\/gazdasagportal.hu\/index.php\/wp-json\/wp\/v2\/media?parent=117550"}],"wp:term":[{"taxonomy":"category","embeddable":true,"href":"https:\/\/gazdasagportal.hu\/index.php\/wp-json\/wp\/v2\/categories?post=117550"},{"taxonomy":"post_tag","embeddable":true,"href":"https:\/\/gazdasagportal.hu\/index.php\/wp-json\/wp\/v2\/tags?post=117550"}],"curies":[{"name":"wp","href":"https:\/\/api.w.org\/{rel}","templated":true}]}}