{"id":117485,"date":"2019-07-08T15:23:28","date_gmt":"2019-07-08T13:23:28","guid":{"rendered":"http:\/\/gazdasagportal.hu\/?p=117485"},"modified":"2019-07-08T15:23:28","modified_gmt":"2019-07-08T13:23:28","slug":"igy-utazunk-mi","status":"publish","type":"post","link":"https:\/\/gazdasagportal.hu\/index.php\/igy-utazunk-mi\/","title":{"rendered":"\u00cdgy utazunk mi"},"content":{"rendered":"<p><strong><em>Nyolc \u00e9rdekes t\u00e9ny a k\u00fclf\u00f6ldre l\u00e1togat\u00f3 magyar turist\u00e1kr\u00f3l<\/em><\/strong><!--more--><\/p>\n<div class=\"ads-in-post1\"><div id=\"gazdasagportal.hu_fullbanner_wideboard\"><\/div>\r\n<\/div>\n<p><strong>Vajon, melyik orsz\u00e1g a magyar n\u0151k \u00e9s a fiatalok kedvenc \u00fati c\u00e9lja? Rep\u00fcl\u00fcnk vagy ink\u00e1bb m\u00e9g mindig n\u00e9gy ker\u00e9ken indulunk k\u00fclf\u00f6ldre pihenni? Kik indulnak felfedezni a vil\u00e1got egymaguk, \u00e9s kik viszik magukkal a csal\u00e1dot? T\u00f6bbek k\u00f6z\u00f6tt ezekre az \u00e9rdekess\u00e9gekre is f\u00e9ny der\u00fclt a Groupama Biztos\u00edt\u00f3 kutat\u00e1s\u00e1b\u00f3l, mely a nyaral\u00e1si szezon aprop\u00f3j\u00e1n vizsg\u00e1lta a magyarok k\u00fclf\u00f6ldi utaz\u00e1si szok\u00e1sait. <\/strong><\/p>\n<div class=\"ads-in-post2\"><script async src=\"https:\/\/pagead2.googlesyndication.com\/pagead\/js\/adsbygoogle.js\"><\/script>\r\n<ins class=\"adsbygoogle\"\r\n     style=\"display:block\"\r\n     data-ad-format=\"fluid\"\r\n     data-ad-layout-key=\"-6t+ed+2i-1n-4w\"\r\n     data-ad-client=\"ca-pub-1959107119989764\"\r\n     data-ad-slot=\"4008251320\"><\/ins>\r\n<script>\r\n     (adsbygoogle = window.adsbygoogle || []).push({});\r\n<\/script><\/div>\n<strong>\u00a0<\/strong><\/p>\n<ol>\n<li><strong>G\u00f6r\u00f6gorsz\u00e1g a n\u0151k \u00e9s a fiatalok k\u00f6r\u00e9ben n\u00e9pszer\u0171bb.<\/strong> Id\u00e9n a k\u00fclf\u00f6ldi nyaral\u00e1st tervez\u0151 h\u00f6lgyek 10 sz\u00e1zal\u00e9ka G\u00f6r\u00f6gorsz\u00e1gba k\u00e9sz\u00fcl, ezzel k\u00e9tszer annyi n\u0151 utazik majd a d\u00e9l-eur\u00f3pai orsz\u00e1gba, mint f\u00e9rfi. A fiatalabb koroszt\u00e1ly 13 sz\u00e1zal\u00e9ka ugyancsak tervez egy g\u00f6r\u00f6g l\u00e1togat\u00e1st id\u00e9n ny\u00e1ron; \u00edgy id\u00e9n k\u00e9tszer annyian c\u00e9lozz\u00e1k meg G\u00f6r\u00f6gorsz\u00e1got a 18-35-\u00f6s koroszt\u00e1ly tagjai k\u00f6z\u00fcl, mint a k\u00f6z\u00e9pkor\u00fa korcsoportb\u00f3l.<\/li>\n<\/ol>\n<p>&nbsp;<\/p><div id=\"gazda-3074674602\" class=\"gazda-tartalomban gazda-entity-placement\"><script async src=\"https:\/\/pagead2.googlesyndication.com\/pagead\/js\/adsbygoogle.js\"><\/script>\r\n<ins class=\"adsbygoogle\"\r\n     style=\"display:block\"\r\n     data-ad-format=\"fluid\"\r\n     data-ad-layout-key=\"-6t+ed+2i-1n-4w\"\r\n     data-ad-client=\"ca-pub-1959107119989764\"\r\n     data-ad-slot=\"4008251320\"><\/ins>\r\n<script>\r\n     (adsbygoogle = window.adsbygoogle || []).push({});\r\n<\/script><\/div>\n<ol start=\"2\">\n<li><strong>Rep\u00fcl\u00fcnk vagy gurulunk? Nem a fiatalok sz\u00e1rnyalnak a legt\u00f6bbet. <\/strong>A magyar alapvet\u0151en tov\u00e1bbra is aut\u00f3s nemzet, a megk\u00e9rdezettek 39 sz\u00e1zal\u00e9ka ezt az utaz\u00e1si m\u00f3dot v\u00e1lasztja, ha k\u00fclf\u00f6ldre megy, m\u00edg a busszal vagy vonattal utaz\u00f3k ar\u00e1nya csup\u00e1n 21 sz\u00e1zal\u00e9k. Ugyanakkor a lakoss\u00e1g harmada rep\u00fcl\u0151jegyet v\u00e1lt ilyenkor, de meglep\u0151 m\u00f3don nem a fiatalabb, 18-35-\u00f6s koroszt\u00e1ly repked a legt\u00f6bbet: a j\u00e1ratokat ink\u00e1bb a k\u00f6z\u00e9pkor\u00fa, 36-50-es koroszt\u00e1ly tagjai t\u00f6ltik meg, ebben a koroszt\u00e1lyban a rep\u00fcl\u0151vel utaz\u00f3k ar\u00e1nya el\u00e9ri a 40 sz\u00e1zal\u00e9kot.<\/li>\n<\/ol>\n<p>&nbsp;<\/p>\n<ol>\n<li><strong>A sz\u00f3l\u00f3ban utaz\u00f3k ink\u00e1bb k\u00f6z\u00e9pkor\u00faak.<\/strong> Manaps\u00e1g cikkek, blogok foglalkoznak az egyed\u00fcli utazgat\u00e1s \u00f6nismereti c\u00e9lj\u00e1val vagy m\u00e1s praktikus el\u0151nyeivel, \u00e9s ez az utaz\u00e1si forma egyre n\u00e9pszer\u0171bb is. Ugyanakkor ez az utaz\u00e1si m\u00f3d nem az \u00faj trendekre legink\u00e1bb fog\u00e9kony fiatalok, hanem a k\u00f6z\u00e9pkor\u00faak k\u00f6z\u00f6tt d\u00edvik: m\u00e1sf\u00e9lszer t\u00f6bb 36-50 \u00e9ves v\u00e1g bele egyed\u00fcl egy k\u00fclf\u00f6ldi felfedez\u0151 kalandba, mint a fiatalabbak. Ki tudja, tal\u00e1n ez az az \u00e9letkor, amikor olyan \u00e9letesem\u00e9nyek \u00e9rik utol az embereket (pl. v\u00e1l\u00e1s vagy karrierv\u00e1lt\u00e1s), amelyek mag\u00e1nyos kikapcsol\u00f3d\u00e1st ig\u00e9nyelnek?<\/li>\n<\/ol>\n<p>&nbsp;<\/p>\n<ol>\n<li><strong>\u201eFiatalok, k\u00f6vess\u00e9tek az eserny\u0151t!\u201d<\/strong> Azt gondoln\u00e1nk, a szervezett, vezetett, t\u00e1rsasutaz\u00e1sok az id\u0151sek k\u00f6r\u00e9ben a legn\u00e9pszer\u0171bbek, akik szeretik a k\u00e9nyelmes, biztons\u00e1gos, el\u0151re eltervezett utakat. Pedig a fiatalok k\u00f6r\u00e9ben az utaz\u00e1s ilyen form\u00e1ja valamivel gyakoribb, mint az id\u0151sebb koroszt\u00e1lyban. Ennek h\u00e1tter\u00e9ben val\u00f3sz\u00edn\u0171leg az egyetemi t\u00e1borok, s\u00edt\u00e1borok felfut\u00e1sa \u00e1ll, hiszen a fiatalok egy\u00e9bk\u00e9nt is ink\u00e1bb bar\u00e1tokkal utaznak: bar\u00e1ti t\u00e1rsas\u00e1ggal utaz\u00f3k k\u00f6z\u00f6tt 38 sz\u00e1zal\u00e9k a fiatalok ar\u00e1nya, \u00f6sszehasonl\u00edt\u00e1sk\u00e9pp: a k\u00f6z\u00e9pkor\u00faakn\u00e1l ez 24 sz\u00e1zal\u00e9k.<\/li>\n<\/ol>\n<p>&nbsp;<\/p>\n<ol>\n<li><strong>A nagycsal\u00e1dos t\u00fara m\u00e1r ritka.<\/strong> Azok a csal\u00e1dos utaz\u00e1sok, amikor k\u00fclf\u00f6ldre a nagysz\u00fcl\u0151ket vagy m\u00e1s k\u00f6zeli rokont is magunkkal vissz\u00fck, ritk\u00e1k: a v\u00e1laszad\u00f3k mind\u00f6ssze 8 sz\u00e1zal\u00e9ka utazik ily m\u00f3don, m\u00edg sz\u0171k csal\u00e1ddal, gyerekkel 30, p\u00e1rj\u00e1val az utaz\u00f3k 38 sz\u00e1zal\u00e9ka indul k\u00fclf\u00f6ldre. A nagysz\u00fcl\u0151 koroszt\u00e1lyt azonban nem csak az tarthatja itthon, hogy a sz\u0171k csal\u00e1d nem invit\u00e1lja \u0151ket k\u00fclf\u00f6ldi utaz\u00e1sra: az id\u0151sek egy\u00e9bk\u00e9nt sem tartoznak a gyakori utaz\u00f3k k\u00f6z\u00e9: 44 sz\u00e1zal\u00e9kuk csak n\u00e9h\u00e1ny \u00e9vente utazik el n\u00e9h\u00e1ny napra k\u00fclf\u00f6ldre.<\/li>\n<\/ol>\n<p>&nbsp;<\/p>\n<ol>\n<li><strong>N\u0151k csal\u00e1ddal, f\u00e9rfiak haverokkal?<\/strong> A n\u0151k k\u00f6r\u00e9ben egy\u00e9rtelm\u0171en gyakoribb, hogy sz\u0171kebb vagy b\u0151vebb csal\u00e1djukkal, illetve p\u00e1rjukkal nyaralnak: a sz\u0171k csal\u00e1ddal utaz\u00f3 n\u0151k ar\u00e1nya p\u00e9ld\u00e1ul 10 sz\u00e1zal\u00e9kkal magasabb, mint a f\u00e9rfiak\u00e9. A f\u00e9rfiak ugyanakkor gyakrabban kelnek \u00fatra egyed\u00fcl vagy bar\u00e1tokkal, mint h\u00f6lgy t\u00e1rsaik.<\/li>\n<\/ol>\n<p>&nbsp;<\/p>\n<ol>\n<li><strong>Kellemetlens\u00e9geink k\u00fclf\u00f6ld\u00f6n, melyik nemre mi jellemz\u0151?<\/strong> K\u00fclf\u00f6ld\u00f6n sajnos nem v\u00e1rt esem\u00e9nyek is \u00e9rhetik az embert. \u00c9rdekes, hogy a n\u0151ket jobban el\u00e9rik a betegs\u00e9gek vagy balesetek; \u00e9s k\u00f6z\u00fcl\u00fck t\u00f6bben fordulnak orvoshoz is. A k\u00fclf\u00f6ldre utaz\u00f3 h\u00f6lgyek 34 sz\u00e1zal\u00e9ka v\u00e1laszolta, hogy megbetegedett vagy balesetet szenvedett az ut\u00f3bbi \u00e9vekben k\u00fclf\u00f6ld\u00f6n. A f\u00e9rfiakat ezzel szemben a poggy\u00e1szk\u00e1r, poggy\u00e1szk\u00e9sedelem s\u00fajtja kiugr\u00f3an magasabb ar\u00e1nyban: 44 sz\u00e1zal\u00e9kuk sz\u00e1molt be ilyen esetr\u0151l.<\/li>\n<\/ol>\n<p>&nbsp;<\/p>\n<ol>\n<li><strong>A k\u00f6z\u00e9pkor\u00fa h\u00f6lgyek a legtudatosabbak?<\/strong> M\u00e1sf\u00e9lszer annyi n\u0151 \u00e1ll\u00edtja, hogy utasbiztos\u00edt\u00e1s n\u00e9lk\u00fcl soha nem indul el k\u00fclf\u00f6ldre, mint f\u00e9rfi, a koroszt\u00e1lyok k\u00f6z\u00fcl pedig a 36-50 \u00e9ves koroszt\u00e1ly k\u00f6z\u00fcl v\u00e1laszolt\u00e1k ezt a legt\u00f6bben. Azok k\u00f6z\u00f6tt, akik lemondanak az utasbiztos\u00edt\u00e1sok \u00e1ltal napi p\u00e1r sz\u00e1z forint\u00e9rt ny\u00fajtott t\u00f6bb milli\u00f3 forintos biztons\u00e1gr\u00f3l, legal\u00e1bb k\u00e9tszer annyian vannak a f\u00e9rfiak, mint a n\u0151k<\/li>\n<\/ol>\n<p>&nbsp;<\/p>\n<p><strong>\u00a0<\/strong><\/p>\n<p><em>\u201eAz idei kutat\u00e1sunk remek\u00fcl kieg\u00e9sz\u00edti egy tavalyi felm\u00e9r\u00e9s\u00fcnk eredm\u00e9ny\u00e9t. Akkor kider\u00fclt, a k\u00e9t nem elt\u00e9r\u0151 m\u00f3don szereti t\u00f6lteni vak\u00e1ci\u00f3 heteit: a f\u00e9rfiak ink\u00e1bb lazul\u00e1sra v\u00e1gynak, a n\u0151k az \u00e9lm\u00e9nyeket keresik.<\/em> <em>A f\u00e9rfiak 60 sz\u00e1zal\u00e9ka t\u00f6lten\u00e9 passz\u00edv pihen\u00e9ssel a nyaral\u00e1s\u00e1t, m\u00edg ez az ar\u00e1ny a n\u0151kn\u00e9l csup\u00e1n 48 sz\u00e1zal\u00e9k<\/em>. <em>Az idei kutat\u00e1s is r\u00e1vil\u00e1g\u00edtott n\u00e9h\u00e1ny fontos k\u00fcl\u00f6nbs\u00e9gre a nemek, illetve a koroszt\u00e1lyok utaz\u00e1si szok\u00e1sait illet\u0151en, amelyek seg\u00edthetnek jobban meg\u00e9rteni \u00fcgyfeleink ig\u00e9nyeit is.\u201d<\/em><em> &#8211; <\/em>mondta el <strong>K\u00e1d\u00e1r P\u00e9ter<\/strong>, a Groupama Biztos\u00edt\u00f3 term\u00e9kmenedzsment igazgat\u00f3ja<em>. <\/em><\/p>\n<p><strong><em>\u00a0<\/em><\/strong><\/p>\n<p><strong><em>A felm\u00e9r\u00e9s a Pulzus kutat\u00e1si applik\u00e1ci\u00f3val k\u00e9sz\u00fclt a Groupama Biztos\u00edt\u00f3 megb\u00edz\u00e1s\u00e1b\u00f3l. Az adatfelv\u00e9telre 2019 j\u00fanius\u00e1ban ker\u00fclt sor. Az 1000 f\u0151s v\u00e1laszad\u00f3i minta az akt\u00edv kor\u00fa, 18- 65 <\/em><\/strong><strong><em>\u00e9ves magyar alapsokas\u00e1got reprezent\u00e1lja<\/em><\/strong><strong><em> nem \u00e9s kor szerint.<\/em><\/strong><\/p>\n<p>&nbsp;<\/p>\n<p>&nbsp;<\/p>\n<p><strong>Groupama Biztos\u00edt\u00f3 Zrt.<\/strong><\/p>\n<p>A Groupama Biztos\u00edt\u00f3 k\u00f6zel 1,3 milli\u00f3 \u00fcgyfel\u00e9vel, teljes k\u00f6r\u0171 biztos\u00edt\u00e1si k\u00edn\u00e1lat\u00e1val a hazai biztos\u00edt\u00e1si piac egyik legjelent\u0151sebb szerepl\u0151je. 130 saj\u00e1t \u00fcgyf\u00e9lszolg\u00e1lati irod\u00e1j\u00e1n \u00e9s k\u00f6zel 1000 f\u0151s tan\u00e1csad\u00f3i h\u00e1l\u00f3zat\u00e1n k\u00edv\u00fcl online, a GroupamaDirekten, az OTP Bank 360 fi\u00f3kj\u00e1ban, valamint 400 alkuszpartner\u00e9n kereszt\u00fcl teszi el\u00e9rhet\u0151v\u00e9 szolg\u00e1ltat\u00e1sait.<\/p>\n","protected":false},"excerpt":{"rendered":"<p>Nyolc \u00e9rdekes t\u00e9ny a k\u00fclf\u00f6ldre l\u00e1togat\u00f3 magyar turist\u00e1kr\u00f3l<\/p>\n","protected":false},"author":1,"featured_media":0,"comment_status":"closed","ping_status":"open","sticky":false,"template":"","format":"standard","meta":[],"categories":[4],"tags":[],"_links":{"self":[{"href":"https:\/\/gazdasagportal.hu\/index.php\/wp-json\/wp\/v2\/posts\/117485"}],"collection":[{"href":"https:\/\/gazdasagportal.hu\/index.php\/wp-json\/wp\/v2\/posts"}],"about":[{"href":"https:\/\/gazdasagportal.hu\/index.php\/wp-json\/wp\/v2\/types\/post"}],"author":[{"embeddable":true,"href":"https:\/\/gazdasagportal.hu\/index.php\/wp-json\/wp\/v2\/users\/1"}],"replies":[{"embeddable":true,"href":"https:\/\/gazdasagportal.hu\/index.php\/wp-json\/wp\/v2\/comments?post=117485"}],"version-history":[{"count":1,"href":"https:\/\/gazdasagportal.hu\/index.php\/wp-json\/wp\/v2\/posts\/117485\/revisions"}],"predecessor-version":[{"id":117486,"href":"https:\/\/gazdasagportal.hu\/index.php\/wp-json\/wp\/v2\/posts\/117485\/revisions\/117486"}],"wp:attachment":[{"href":"https:\/\/gazdasagportal.hu\/index.php\/wp-json\/wp\/v2\/media?parent=117485"}],"wp:term":[{"taxonomy":"category","embeddable":true,"href":"https:\/\/gazdasagportal.hu\/index.php\/wp-json\/wp\/v2\/categories?post=117485"},{"taxonomy":"post_tag","embeddable":true,"href":"https:\/\/gazdasagportal.hu\/index.php\/wp-json\/wp\/v2\/tags?post=117485"}],"curies":[{"name":"wp","href":"https:\/\/api.w.org\/{rel}","templated":true}]}}