{"id":117479,"date":"2019-07-08T11:53:36","date_gmt":"2019-07-08T09:53:36","guid":{"rendered":"http:\/\/gazdasagportal.hu\/?p=117479"},"modified":"2019-07-08T11:53:36","modified_gmt":"2019-07-08T09:53:36","slug":"evtizedes-melyponton-a-nemet-oteves-melyponton-az-euroovezeti-befektetoi-hangulat","status":"publish","type":"post","link":"https:\/\/gazdasagportal.hu\/index.php\/evtizedes-melyponton-a-nemet-oteves-melyponton-az-euroovezeti-befektetoi-hangulat\/","title":{"rendered":"\u00c9vtizedes m\u00e9lyponton a n\u00e9met, \u00f6t\u00e9ves m\u00e9lyponton az eur\u00f3\u00f6vezeti befektet\u0151i hangulat"},"content":{"rendered":"<p><strong>K\u00f6zel t\u00edz \u00e9ve nem \u00edt\u00e9lt\u00e9k meg olyan bor\u00fal\u00e1t\u00f3an az int\u00e9zm\u00e9nyes befektet\u0151k a n\u00e9metorsz\u00e1gi konjunkt\u00far\u00e1lis kil\u00e1t\u00e1sokat, mint jelenleg, ami j\u00faliusra vonatkoz\u00f3an a Sentix gazdas\u00e1gkutat\u00f3 int\u00e9zet eur\u00f3\u00f6vezeti befektet\u0151i hangulatindex\u00e9t is \u00f6t\u00e9ves m\u00e9lypontra h\u00fazta le.\u00a0<\/strong><!--more--><\/p>\n<div class=\"ads-in-post1\"><div id=\"gazdasagportal.hu_fullbanner_wideboard\"><\/div>\r\n<\/div>\n<p>A Sentix t\u00f6bb mint kilencsz\u00e1z int\u00e9zm\u00e9nyes befektet\u0151 bevon\u00e1s\u00e1val havi rendszeress\u00e9ggel \u00f6ssze\u00e1ll\u00edtott befektet\u0151i hangulatindexe N\u00e9metorsz\u00e1gra vonatkoz\u00f3an j\u00faliusban m\u00ednusz 4,8 pontra, 2009 novembere \u00f3ta a legalacsonyabbra cs\u00f6kkent az el\u0151z\u0151 havi m\u00ednusz 0,7 pontr\u00f3l.<br \/>\nAz er\u0151sen exportf\u00fcgg\u0151 n\u00e9met gazdas\u00e1g sz\u00e1m\u00e1ra egyre nagyobb gondot okoznak a k\u00ednai felvev\u0151piac bizonytalans\u00e1gi t\u00e9nyez\u0151i &#8211; mutatott r\u00e1 Patrick Hussy, a Sentix \u00fcgyvezet\u0151 igazgat\u00f3ja. &#8222;A recesszi\u00f3 szinte m\u00e1r elker\u00fclhetetlennek t\u0171nik&#8221; &#8211; fogalmazott.<br \/>\n<div class=\"ads-in-post2\"><script async src=\"https:\/\/pagead2.googlesyndication.com\/pagead\/js\/adsbygoogle.js\"><\/script>\r\n<ins class=\"adsbygoogle\"\r\n     style=\"display:block\"\r\n     data-ad-format=\"fluid\"\r\n     data-ad-layout-key=\"-6t+ed+2i-1n-4w\"\r\n     data-ad-client=\"ca-pub-1959107119989764\"\r\n     data-ad-slot=\"4008251320\"><\/ins>\r\n<script>\r\n     (adsbygoogle = window.adsbygoogle || []).push({});\r\n<\/script><\/div>\nA Sentix felm\u00e9r\u00e9s\u00e9nek meg\u00e1llap\u00edt\u00e1sa szerint az exportorient\u00e1lt n\u00e9met gazdas\u00e1got er\u0151sen megviseli az importv\u00e1mok k\u00f6lcs\u00f6n\u00f6s kivet\u00e9s\u00e9vel eszkal\u00e1l\u00f3d\u00f3 vil\u00e1gkereskedelmi konfliktus, a vil\u00e1ggazdas\u00e1gi n\u00f6veked\u00e9s lassul\u00e1sa, valamint a Brexit k\u00f6r\u00fcl kialakult bizonytalans\u00e1g.<br \/>\nAz eur\u00f3\u00f6vezet j\u00faliusi befektet\u0151i hangulatindexe m\u00ednusz 5,8 pontra, 2014 novembere \u00f3ta a legalacsonyabbra cs\u00f6kkent j\u00faliusban a j\u00faniusi m\u00ednusz 3,3 pontr\u00f3l.<br \/>\n<a title=\"Hely megnyit\u00e1sa\" href=\"https:\/\/www.sentix.de\/index.php\/sentix-Economic-Factsheets\/deutschland.html\" target=\"_blank\" rel=\"noopener noreferrer\">https:\/\/www.sentix.de\/index.php\/sentix-Economic-Factsheets\/deutschland.html<\/a><br \/>\n<a title=\"Hely megnyit\u00e1sa\" href=\"https:\/\/www.sentix.de\/index.php\/sentix-Economic-Factsheets\/euroland.html\" target=\"_blank\" rel=\"noopener noreferrer\">https:\/\/www.sentix.de\/index.php\/sentix-Economic-Factsheets\/euroland.html<\/a><\/p>\n<p>(MTI)<\/p><div id=\"gazda-673020422\" class=\"gazda-tartalomban gazda-entity-placement\"><script async src=\"https:\/\/pagead2.googlesyndication.com\/pagead\/js\/adsbygoogle.js\"><\/script>\r\n<ins class=\"adsbygoogle\"\r\n     style=\"display:block\"\r\n     data-ad-format=\"fluid\"\r\n     data-ad-layout-key=\"-6t+ed+2i-1n-4w\"\r\n     data-ad-client=\"ca-pub-1959107119989764\"\r\n     data-ad-slot=\"4008251320\"><\/ins>\r\n<script>\r\n     (adsbygoogle = window.adsbygoogle || []).push({});\r\n<\/script><\/div>\n<p>&nbsp;<\/p>\n","protected":false},"excerpt":{"rendered":"<p>K\u00f6zel t\u00edz \u00e9ve nem \u00edt\u00e9lt\u00e9k meg olyan bor\u00fal\u00e1t\u00f3an az int\u00e9zm\u00e9nyes befektet\u0151k a n\u00e9metorsz\u00e1gi konjunkt\u00far\u00e1lis kil\u00e1t\u00e1sokat, mint jelenleg, ami j\u00faliusra vonatkoz\u00f3an a Sentix gazdas\u00e1gkutat\u00f3 int\u00e9zet eur\u00f3\u00f6vezeti befektet\u0151i hangulatindex\u00e9t is \u00f6t\u00e9ves m\u00e9lypontra h\u00fazta le.\u00a0<\/p>\n","protected":false},"author":1,"featured_media":0,"comment_status":"closed","ping_status":"open","sticky":false,"template":"","format":"standard","meta":[],"categories":[12,246],"tags":[],"_links":{"self":[{"href":"https:\/\/gazdasagportal.hu\/index.php\/wp-json\/wp\/v2\/posts\/117479"}],"collection":[{"href":"https:\/\/gazdasagportal.hu\/index.php\/wp-json\/wp\/v2\/posts"}],"about":[{"href":"https:\/\/gazdasagportal.hu\/index.php\/wp-json\/wp\/v2\/types\/post"}],"author":[{"embeddable":true,"href":"https:\/\/gazdasagportal.hu\/index.php\/wp-json\/wp\/v2\/users\/1"}],"replies":[{"embeddable":true,"href":"https:\/\/gazdasagportal.hu\/index.php\/wp-json\/wp\/v2\/comments?post=117479"}],"version-history":[{"count":1,"href":"https:\/\/gazdasagportal.hu\/index.php\/wp-json\/wp\/v2\/posts\/117479\/revisions"}],"predecessor-version":[{"id":117480,"href":"https:\/\/gazdasagportal.hu\/index.php\/wp-json\/wp\/v2\/posts\/117479\/revisions\/117480"}],"wp:attachment":[{"href":"https:\/\/gazdasagportal.hu\/index.php\/wp-json\/wp\/v2\/media?parent=117479"}],"wp:term":[{"taxonomy":"category","embeddable":true,"href":"https:\/\/gazdasagportal.hu\/index.php\/wp-json\/wp\/v2\/categories?post=117479"},{"taxonomy":"post_tag","embeddable":true,"href":"https:\/\/gazdasagportal.hu\/index.php\/wp-json\/wp\/v2\/tags?post=117479"}],"curies":[{"name":"wp","href":"https:\/\/api.w.org\/{rel}","templated":true}]}}