{"id":117475,"date":"2019-07-08T09:57:16","date_gmt":"2019-07-08T07:57:16","guid":{"rendered":"http:\/\/gazdasagportal.hu\/?p=117475"},"modified":"2019-07-08T09:57:16","modified_gmt":"2019-07-08T07:57:16","slug":"reggeli-elemzes-rc-sosem-volt-meg-trump-amerikai-elnok-nepszerubb-mint-jelenleg-2019-07-08","status":"publish","type":"post","link":"https:\/\/gazdasagportal.hu\/index.php\/reggeli-elemzes-rc-sosem-volt-meg-trump-amerikai-elnok-nepszerubb-mint-jelenleg-2019-07-08\/","title":{"rendered":"Reggeli elemz\u00e9s: RC \u2013 Sosem volt m\u00e9g Trump amerikai eln\u00f6k n\u00e9pszer\u0171bb, mint jelenleg \u2013 2019.07.08"},"content":{"rendered":"<p><strong>Sosem volt m\u00e9g Trump amerikai eln\u00f6k n\u00e9pszer\u0171bb, mint jelenleg. Tetszik az amerikaiaknak a kem\u00e9ny politikai ir\u00e1nyvonal \u00e9s a v\u00e9letlenszer\u0171 int\u00e9zked\u00e9sek garmada. (Mi nem nyilv\u00e1n\u00edtunk v\u00e9lem\u00e9nyt mi a j\u00f3 \u00e9s a rossz.)<\/strong><!--more--><\/p>\n<div class=\"ads-in-post1\"><div id=\"gazdasagportal.hu_fullbanner_wideboard\"><\/div>\r\n<\/div>\n<h2>Reggeli h\u00edrlev\u00e9l<\/h2>\n<table cellspacing=\"0\">\n<tbody>\n<tr>\n<th width=\"87%\"><strong>Nemzetk\u00f6zi<\/strong><\/th>\n<th width=\"13%\"><strong>\u00c9rt\u00e9kel\u00e9s<\/strong><\/th>\n<\/tr>\n<tr>\n<td>Tegnap elgondolkodtam a h\u00e1zakon, lak\u00e1sokon, otthonokon. Milyen \u00e9rz\u00e9s is az embernek, amikor van egy saj\u00e1t lak\u00e1sa, h\u00e1za? Egy sz\u00f3val? J\u00f3! Nem mintha nem lenne sz\u00e1mos m\u00e1s megold\u00e1s az alb\u00e9rlett\u0151l kezdve a s\u00e1toroz\u00e1son kereszt\u00fcl a panzi\u00f3kig. H\u0171ha ezek dr\u00e1ga megold\u00e1sok! Biztosan? Val\u00f3sz\u00edn\u0171leg igen. De most nem is az a k\u00e9rd\u00e9s, hogy melyik olcs\u00f3bb vagy dr\u00e1g\u00e1bb, hanem az, hogy mit \u00e9rz\u00fcnk, amikor valami \u00fagy igaz\u00e1n a mi\u00e9nk. Van valamink. Rendelkez\u00fcnk valamivel. Mi d\u00f6nt\u00fcnk r\u00f3la, alak\u00edtjuk, rendezz\u00fck&#8230; Hmm. Szerintem ezek fontos \u00e9rz\u00e9sek. A &#8222;van valamink&#8221; azt jelenti, hogy legyen az kicsi vagy nagy, sz\u00e9p vagy m\u00e9g szebb, esetleg legszebb, az a mi fels\u00e9gter\u00fclet\u00fcnk, az a mi tulajdonunk, az a mi lelk\u00fcnk, a sz\u00edv\u00fcnk, akik igaz\u00e1n mi vagyunk. Ki is val\u00f3j\u00e1ban egy gyerek? A mi v\u00e9r\u00fcnk? Ez mit jelent? Nem gondoln\u00e1m, hogy a v\u00e9r sz\u00e1m\u00edt. Az egy folyad\u00e9k az emberben r\u00e1ad\u00e1sul k\u00f6zel sem azonos a gyerek\u00fcnk v\u00e9re a mi\u00e9nkkel, r\u00e9szben val\u00f3ban bel\u0151l\u00fcnk van a gyerek, de k\u00e9tlem, hogy egy majom, a g\u00f3lya, a kutya \u00e9s a t\u00f6bbi \u00e9l\u0151l\u00e9ny az\u00e9rt szeretn\u00e9 a gyerek\u00e9t, mert az \u0151 v\u00e9re. Nincs is \u00edgy, csak j\u00f3l hangzik, vagy m\u00e9g j\u00f3l sem. \u00c9n att\u00f3l szeretek dolgokat, embereket, hogy hozz\u00e1m tartoznak. P\u00e9ld\u00e1ul a Feles\u00e9gemnek semmi k\u00f6ze nincsen v\u00e9rben, genetik\u00e1ban hozz\u00e1m (legal\u00e1bbis rem\u00e9lem) m\u00e9gis im\u00e1dom, szeretem, hozz\u00e1m tartozik. Emberek, t\u00e1rgyak, gondolatok, fogalmak, \u00e1lmok, materi\u00e1lis \u00e9s nem materi\u00e1lis dolgok \u00f6sszess\u00e9ge. Tegnap elgondolkodtam azon, hogy ki is vagyok \u00e9n. Egy ember, akinek vannak dolgai. Persze k\u00e9t f\u00fcle, egy sz\u00e1ja, k\u00e9t karja, k\u00e9t l\u00e1ba, egy feje \u00e9s persze egy\u00e1ltal\u00e1n nem igaz r\u00e1m: &#8222;pont, pont vessz\u0151cske, k\u00e9szen van a fejecske. Kicsi nyaka, nagy a hasa, k\u00e9szen van a t\u00f6r\u00f6k basa&#8221;. Akkor mi az igaz r\u00e1m? &#8222;Pont, hogy nem is vessz\u0151cske, toj\u00e1sb\u00f3l a fejecske. Vastag nyaka, nagy a hasa, r\u00e1 sem megy a r\u00f6vid gatya. De ha nevet, reng a sz\u00e1ja, f\u00f6l \u00e9s le j\u00e1r a tok\u00e1ja. Kopasz feje, f\u00e1z\u00f3s b\u0151re, kalapja a fejfed\u0151je. Mert a haja r\u00e9g elhagyta, elviselni \u0151 sem b\u00edrta. F\u00e9s\u00fclk\u00f6d\u0151s reggel, helyett, f\u00e9s\u0171 n\u00e1la nem kap helyet. Ej, de hetyke ez a gyerek!&#8221; J\u00f3 reggelt! Ez az &#8222;\u00e1tk\u00f6ltem\u00e9ny&#8221; p\u00e9ld\u00e1ul az eny\u00e9m. Rossz vagy j\u00f3, de bel\u0151lem van. Ezzel k\u00edv\u00e1nok Mindenkinek minden j\u00f3t a h\u00e9tre \u00e9s term\u00e9szetesen egy viccel is: &#8222;- Rend\u0151r b\u00e1csi! Rend\u0151r b\u00e1csi! Tess\u00e9k gyorsan j\u00f6nni, apuk\u00e1m felakasztotta mag\u00e1t! &#8211; Engeeem?&#8221;<\/td>\n<td>Semleges<\/td>\n<\/tr>\n<tr>\n<td>Megint megtorpan\u00e1s a cs\u00facson, de most nem volt \u00e9les fordulat lefel\u00e9. 26922 ponton z\u00e1rt a DOW 30 index a p\u00e9nteki amerikai z\u00e1r\u00e1sban, 44 ponttal ker\u00fclt lejjebb a mutat\u00f3.<\/td>\n<td>&#8211;<\/td>\n<\/tr>\n<tr>\n<td>A Deutsche Bank kil\u00e9p a glob\u00e1lis \u00e9rt\u00e9kpap\u00edr kereskedelemb\u0151l \u00e9s elbocs\u00e1jt 18 ezer embert. Zajlik tov\u00e1bb a T\u00e1rsas\u00e1gn\u00e1l a reorganiz\u00e1ci\u00f3.<\/td>\n<td>+<\/td>\n<\/tr>\n<tr>\n<td>Sosem volt m\u00e9g Trump amerikai eln\u00f6k n\u00e9pszer\u0171bb, mint jelenleg. Tetszik az amerikaiaknak a kem\u00e9ny politikai ir\u00e1nyvonal \u00e9s a v\u00e9letlenszer\u0171 int\u00e9zked\u00e9sek garmada. (Mi nem nyilv\u00e1n\u00edtunk v\u00e9lem\u00e9nyt mi a j\u00f3 \u00e9s a rossz.)<\/td>\n<td>Semleges<\/td>\n<\/tr>\n<tr>\n<td>K\u00f6zepesen er\u0151s m\u00ednuszban tart\u00f3zkodnak az amerikai hat\u00e1rid\u0151s index mutat\u00f3k a ma reggeli t\u0151zsd\u00e9n k\u00edv\u00fcli kereskedelemben. A DOW 30 index hat\u00e1rid\u0151s \u00e9rt\u00e9ke -115 pontot mutat.<\/td>\n<td>&#8212;<\/td>\n<\/tr>\n<\/tbody>\n<\/table>\n<table cellspacing=\"0\">\n<tbody>\n<tr>\n<th width=\"87%\"><strong>Magyar<\/strong><\/th>\n<th width=\"13%\"><strong>\u00c9rt\u00e9kel\u00e9s<\/strong><\/th>\n<\/tr>\n<tr>\n<td>Siker\u00fclt 41000 pont felett z\u00e1rni a p\u00e9nteki napon, r\u00e1ad\u00e1sul a h\u00e9t utols\u00f3 munkanapj\u00e1n, ami k\u00fcl\u00f6n\u00f6sen j\u00f3l mutat a k\u00fclf\u00f6ldiek \u00e1ltal kedvelt heti grafikonon. 43 pont plusszal \u00e9s 7 Mrd forintos gyenge forgalommal z\u00e1rt a Budapesti \u00c9rt\u00e9kt\u0151zsde indexe 41016 ponton. Innen m\u00e9g k\u00f6nnyed\u00e9n fordulhatunk lefel\u00e9, ha megint lanyhul a nemzetk\u00f6zi optimizmus.<\/td>\n<td>+<\/td>\n<\/tr>\n<tr>\n<td>12080 forinton z\u00e1rt az OTP r\u00e9szv\u00e9ny, ami a 11300 forintos \u00e1rfolyamr\u00f3l n\u00e9h\u00e1ny nap alatt emelkedett ism\u00e9t a 11580 forintos 200 napos mozg\u00f3 \u00e1tlag, majd az emelked\u00e9s sz\u00edn(t)vonal\u00e1t jelent\u0151 12000 forintos hat\u00e1r\u00e9rt\u00e9k f\u00f6l\u00e9.<\/td>\n<td>++<\/td>\n<\/tr>\n<tr>\n<td>3060 forinton gyeng\u00e9lkedik a MOL r\u00e9szv\u00e9ny \u00e1rfolyama, nem t\u00e9r mag\u00e1hoz az olajpap\u00edr az osztal\u00e9kszelv\u00e9ny lehull\u00e1sa \u00f3ta.<\/td>\n<td>&#8212;<\/td>\n<\/tr>\n<tr>\n<td>5270 forintra gyeng\u00fclt a Richter, nem b\u00edrta megugrani az 50 napos mozg\u00f3 \u00e1tlagot 5300 forintn\u00e1l. Egyel\u0151re&#8230;<\/td>\n<td>&#8211;<\/td>\n<\/tr>\n<tr>\n<td>A 427 forintos s\u00e1vtet\u0151 \u00fajra visszal\u00f6kte a Telekom \u00e1rfolyam\u00e1t, ami p\u00e9nteken 423 forinton fejezte be a napot. Zajlik a &#8222;semmi keresked\u00e9s&#8221; 410 \u00e9s 427 forint k\u00f6z\u00f6tt, a sz\u0171k s\u00e1vban.<\/td>\n<td>&#8211;<\/td>\n<\/tr>\n<\/tbody>\n<\/table>\n<p>&nbsp;<\/p>\n<div><a href=\"http:\/\/randomcapital.hu\/\" target=\"_blank\" rel=\"noopener noreferrer\" data-saferedirecturl=\"https:\/\/www.google.com\/url?q=http:\/\/randomcapital.hu\/&amp;source=gmail&amp;ust=1562655304874000&amp;usg=AFQjCNF6KIX5KTfJe6SQ8k-2IxfS0czabA\">Nemzetk\u00f6zi \u00e9s magyar\u00a0<strong>R\u00c9SZV\u00c9NYEK, ETF-ek<\/strong>\u00a0egy helyen, alacsony jutal\u00e9kok, ingyenes sz\u00e1mlavezet\u00e9s 2016. janu\u00e1r 1.-t\u0151l 30 milli\u00f3 Ft-os BEVA v\u00e9delemmel.<\/a><\/div>\n<p>&nbsp;<\/p><div id=\"gazda-2299000340\" class=\"gazda-tartalomban gazda-entity-placement\"><script async src=\"https:\/\/pagead2.googlesyndication.com\/pagead\/js\/adsbygoogle.js\"><\/script>\r\n<ins class=\"adsbygoogle\"\r\n     style=\"display:block\"\r\n     data-ad-format=\"fluid\"\r\n     data-ad-layout-key=\"-6t+ed+2i-1n-4w\"\r\n     data-ad-client=\"ca-pub-1959107119989764\"\r\n     data-ad-slot=\"4008251320\"><\/ins>\r\n<script>\r\n     (adsbygoogle = window.adsbygoogle || []).push({});\r\n<\/script><\/div>\n<table cellspacing=\"0\">\n<thead>\n<tr>\n<th colspan=\"2\">Indexek<\/th>\n<\/tr>\n<\/thead>\n<tbody>\n<tr>\n<td>S&amp;P 500<\/td>\n<td>2 990,41\u00a0<span style=\"font-size: xx-small;\">(-5,41 -0.18%)<\/span><\/td>\n<\/tr>\n<tr>\n<td>Dow Jones Ind<\/td>\n<td>26 922,12\u00a0<span style=\"font-size: xx-small;\">(-43,88 -0.16%)<\/span><\/td>\n<\/tr>\n<tr>\n<td>DAX<\/td>\n<td>12 568,53\u00a0<span style=\"font-size: xx-small;\">(-61,37 -0.49%)<\/span><\/td>\n<\/tr>\n<tr>\n<td>NIKKEI<\/td>\n<td>21 746,38\u00a0<span style=\"font-size: xx-small;\">(43,93 0.20%)<\/span><\/td>\n<\/tr>\n<\/tbody>\n<\/table>\n<p>&nbsp;<\/p>\n<table cellspacing=\"0\">\n<thead>\n<tr>\n<th colspan=\"2\">B\u00c9T el\u0151z\u0151 z\u00e1r\u00f3<\/th>\n<\/tr>\n<\/thead>\n<tbody>\n<tr>\n<td>BUX<\/td>\n<td>41 016,65\u00a0<span style=\"font-size: xx-small;\">(+43.73 +0.11%)<\/span><\/td>\n<\/tr>\n<tr>\n<td>OTP<\/td>\n<td>12 080\u00a0<span style=\"font-size: xx-small;\">(+80 +0.67%)<\/span><\/td>\n<\/tr>\n<tr>\n<td>MTELEKOM<\/td>\n<td>423\u00a0<span style=\"font-size: xx-small;\">(-0.5 -0.12%)<\/span><\/td>\n<\/tr>\n<tr>\n<td>RICHTER<\/td>\n<td>5 270\u00a0<span style=\"font-size: xx-small;\">(-25 -0.47%)<\/span><\/td>\n<\/tr>\n<tr>\n<td>MOL<\/td>\n<td>3 060\u00a0<span style=\"font-size: xx-small;\">(-4 -0.13%)<\/span><\/td>\n<\/tr>\n<\/tbody>\n<\/table>\n<div class=\"ads-in-post2\"><script async src=\"https:\/\/pagead2.googlesyndication.com\/pagead\/js\/adsbygoogle.js\"><\/script>\r\n<ins class=\"adsbygoogle\"\r\n     style=\"display:block\"\r\n     data-ad-format=\"fluid\"\r\n     data-ad-layout-key=\"-6t+ed+2i-1n-4w\"\r\n     data-ad-client=\"ca-pub-1959107119989764\"\r\n     data-ad-slot=\"4008251320\"><\/ins>\r\n<script>\r\n     (adsbygoogle = window.adsbygoogle || []).push({});\r\n<\/script><\/div>\n&nbsp;<\/p>\n<table border=\"0\" cellspacing=\"0\" cellpadding=\"0\">\n<tbody>\n<tr>\n<td><a href=\"http:\/\/randomcapital.hu\/\" target=\"_blank\" rel=\"noopener noreferrer\" data-saferedirecturl=\"https:\/\/www.google.com\/url?q=http:\/\/randomcapital.hu\/&amp;source=gmail&amp;ust=1562655304875000&amp;usg=AFQjCNEOihk2TyOSWrJExCP5SfLbXYWB5Q\">Tov\u00e1bb \u00bb<\/a><\/td>\n<\/tr>\n<\/tbody>\n<\/table>\n<p>&nbsp;<\/p>\n<hr \/>\n<h3>Kapcsolat:<\/h3>\n<p><a href=\"http:\/\/randomcapital.hu\/\" target=\"_blank\" rel=\"noopener noreferrer\" data-saferedirecturl=\"https:\/\/www.google.com\/url?q=http:\/\/randomcapital.hu&amp;source=gmail&amp;ust=1562655304875000&amp;usg=AFQjCNHy7ubz7T-GKhpJCUIhc2dh52-vDw\">www.randomcapital.hu<\/a><\/p>\n<p>Tel:\u00a0<b>+36 1 501 3300<\/b><br \/>\nEmail:\u00a0<a href=\"mailto:info@randomcapital.hu\" target=\"_blank\" rel=\"noopener noreferrer\">info@randomcapital.hu<\/a><\/p>\n","protected":false},"excerpt":{"rendered":"<p>Sosem volt m\u00e9g Trump amerikai eln\u00f6k n\u00e9pszer\u0171bb, mint jelenleg. Tetszik az amerikaiaknak a kem\u00e9ny politikai ir\u00e1nyvonal \u00e9s a v\u00e9letlenszer\u0171 int\u00e9zked\u00e9sek garmada. (Mi nem nyilv\u00e1n\u00edtunk v\u00e9lem\u00e9nyt mi a j\u00f3 \u00e9s a rossz.)<\/p>\n","protected":false},"author":1,"featured_media":0,"comment_status":"closed","ping_status":"open","sticky":false,"template":"","format":"standard","meta":[],"categories":[8,7],"tags":[],"_links":{"self":[{"href":"https:\/\/gazdasagportal.hu\/index.php\/wp-json\/wp\/v2\/posts\/117475"}],"collection":[{"href":"https:\/\/gazdasagportal.hu\/index.php\/wp-json\/wp\/v2\/posts"}],"about":[{"href":"https:\/\/gazdasagportal.hu\/index.php\/wp-json\/wp\/v2\/types\/post"}],"author":[{"embeddable":true,"href":"https:\/\/gazdasagportal.hu\/index.php\/wp-json\/wp\/v2\/users\/1"}],"replies":[{"embeddable":true,"href":"https:\/\/gazdasagportal.hu\/index.php\/wp-json\/wp\/v2\/comments?post=117475"}],"version-history":[{"count":1,"href":"https:\/\/gazdasagportal.hu\/index.php\/wp-json\/wp\/v2\/posts\/117475\/revisions"}],"predecessor-version":[{"id":117476,"href":"https:\/\/gazdasagportal.hu\/index.php\/wp-json\/wp\/v2\/posts\/117475\/revisions\/117476"}],"wp:attachment":[{"href":"https:\/\/gazdasagportal.hu\/index.php\/wp-json\/wp\/v2\/media?parent=117475"}],"wp:term":[{"taxonomy":"category","embeddable":true,"href":"https:\/\/gazdasagportal.hu\/index.php\/wp-json\/wp\/v2\/categories?post=117475"},{"taxonomy":"post_tag","embeddable":true,"href":"https:\/\/gazdasagportal.hu\/index.php\/wp-json\/wp\/v2\/tags?post=117475"}],"curies":[{"name":"wp","href":"https:\/\/api.w.org\/{rel}","templated":true}]}}