{"id":117453,"date":"2019-07-06T16:34:18","date_gmt":"2019-07-06T14:34:18","guid":{"rendered":"http:\/\/gazdasagportal.hu\/?p=117453"},"modified":"2019-07-06T08:53:40","modified_gmt":"2019-07-06T06:53:40","slug":"trenkwalder-celszeru-nyaron-kiadni-a-szabadsagokat","status":"publish","type":"post","link":"https:\/\/gazdasagportal.hu\/index.php\/trenkwalder-celszeru-nyaron-kiadni-a-szabadsagokat\/","title":{"rendered":"Trenkwalder: c\u00e9lszer\u0171 ny\u00e1ron kiadni a szabads\u00e1gokat"},"content":{"rendered":"<p><strong>A munkaer\u0151hi\u00e1ny miatt a v\u00e1llalatoknak a kor\u00e1bbin\u00e1l nagyobb figyelmet kell szentelni\u00fck a szabads\u00e1gok tervez\u00e9s\u00e9re, m\u00e1r most c\u00e9lszer\u0171 felm\u00e9rni, melyik munkav\u00e1llal\u00f3juk hol tart az \u00e9ves szabads\u00e1gkeret\u00e9nek felhaszn\u00e1l\u00e1s\u00e1ban, \u00e9s a ny\u00e1ri id\u0151szakban c\u00e9lszer\u0171 legal\u00e1bb az id\u0151ar\u00e1nyos szabads\u00e1got kiadniuk &#8211; k\u00f6z\u00f6lte a Trenkwalder munkaer\u0151-k\u00f6lcs\u00f6nz\u00e9ssel \u00e9s -k\u00f6zvet\u00edt\u00e9ssel foglalkoz\u00f3 c\u00e9g az MTI-vel.<\/strong><!--more--><\/p>\n<div class=\"ads-in-post1\"><div id=\"gazdasagportal.hu_fullbanner_wideboard\"><\/div>\r\n<\/div>\n<p>    A k\u00f6zlem\u00e9nyben eml\u00e9keztetnek: ha a munk\u00e1ltat\u00f3 nem adja ki az adott \u00e9vre j\u00e1r\u00f3 szabads\u00e1got, jogszab\u00e1lyt s\u00e9rt, ugyanis a Munka t\u00f6rv\u00e9nyk\u00f6nyve (Mt.) szerint csup\u00e1n az \u00e9letkor alapj\u00e1n j\u00e1r\u00f3 (az \u00e9letkort\u00f3l f\u00fcgg\u0151en 1-10 nap) p\u00f3tszabads\u00e1g vihet\u0151 \u00e1t &#8211; k\u00fcl\u00f6n meg\u00e1llapod\u00e1s alapj\u00e1n &#8211; az adott \u00e9vet k\u00f6vet\u0151 12 h\u00f3napra.<br \/>\n    A tapasztalatok azt mutatj\u00e1k, hogy f\u0151k\u00e9nt azoknak a kisebb v\u00e1llalkoz\u00e1soknak jelent nagyobb terhet az id\u0151ar\u00e1nyos szabads\u00e1g kiad\u00e1sa, amelyek az alacsonyabb l\u00e9tsz\u00e1m miatt nehezebben k\u00e9pesek megoldani a szabads\u00e1gon l\u00e9v\u0151 dolgoz\u00f3k helyettes\u00edt\u00e9s\u00e9t. A munkaer\u0151hi\u00e1ny miatt a nagyobb v\u00e1llalatok sz\u00e1m\u00e1ra is probl\u00e9m\u00e1t okozhatnak az \u00e9v utols\u00f3 h\u00f3napjaiban &#8222;bent ragadt&#8221; szabads\u00e1gok, k\u00fcl\u00f6n\u00f6sen olyan ter\u00fcleteken, mint a kereskedelem, vagy a sz\u00e1ll\u00edtm\u00e1nyoz\u00e1s, amelyeknek cs\u00facsszezonja \u00e9ppen az \u00e9v v\u00e9gi id\u0151szakra esik.<br \/>\n    A munkav\u00e1llal\u00f3k t\u00f6bbs\u00e9ge hagyom\u00e1nyosan a ny\u00e1ri szabads\u00e1got prefer\u00e1lja, a tervez\u00e9s sor\u00e1n c\u00e9lszer\u0171 nem csup\u00e1n az id\u0151ar\u00e1nyosan elmaradt szabadnapok p\u00f3tl\u00e1s\u00e1r\u00f3l, hanem lehet\u0151s\u00e9g szerint az \u00e9ves szabads\u00e1gkeret min\u00e9l nagyobb m\u00e9rt\u00e9k\u0171 cs\u00f6kkent\u00e9s\u00e9r\u0151l is int\u00e9zkedni ny\u00e1ron &#8211; mutatnak r\u00e1.<br \/>\n<div class=\"ads-in-post2\"><script async src=\"https:\/\/pagead2.googlesyndication.com\/pagead\/js\/adsbygoogle.js\"><\/script>\r\n<ins class=\"adsbygoogle\"\r\n     style=\"display:block\"\r\n     data-ad-format=\"fluid\"\r\n     data-ad-layout-key=\"-6t+ed+2i-1n-4w\"\r\n     data-ad-client=\"ca-pub-1959107119989764\"\r\n     data-ad-slot=\"4008251320\"><\/ins>\r\n<script>\r\n     (adsbygoogle = window.adsbygoogle || []).push({});\r\n<\/script><\/div>\n    A szabads\u00e1g id\u0151pontj\u00e1nak meghat\u00e1roz\u00e1s\u00e1ban a jogszab\u00e1ly a munk\u00e1ltat\u00f3 sz\u00e1m\u00e1ra biztos\u00edt nagyobb mozg\u00e1steret: a munkav\u00e1llal\u00f3 a szabads\u00e1gkeret\u00e9b\u0151l mind\u00f6ssze 7 munkanapr\u00f3l rendelkezhet szabadon. Ugyanakkor mindk\u00e9t f\u00e9l \u00e9rdeke, hogy a t\u00f6bbi szabadnapot is mindk\u00e9t f\u00e9l ig\u00e9nyeit figyelembe v\u00e9ve adj\u00e1k ki.<br \/>\n    A rugalmass\u00e1got korl\u00e1toz\u00f3 szab\u00e1ly, hogy a szabads\u00e1g kiad\u00e1s\u00e1nak id\u0151pontj\u00e1t a munkav\u00e1llal\u00f3val legk\u00e9s\u0151bb a szabads\u00e1g kezdete el\u0151tt tizen\u00f6t nappal k\u00f6z\u00f6lni kell, a munkav\u00e1llal\u00f3nak a szabads\u00e1gra vonatkoz\u00f3 ig\u00e9ny\u00e9t szint\u00e9n legal\u00e1bb tizen\u00f6t nappal a szabads\u00e1g kezdete el\u0151tt be kell jelentenie.<br \/>\n    K\u00f6z\u00f6lt\u00e9k: ha a munkav\u00e1llal\u00f3 az \u00e9v sor\u00e1n valamilyen okb\u00f3l m\u00e9gsem tudta felhaszn\u00e1lni a neki j\u00e1r\u00f3 szabads\u00e1got, annak kiad\u00e1s\u00e1t a munkaviszony tartama alatt k\u00e9s\u0151bb is k\u00f6vetelheti. A szabads\u00e1g p\u00e9nzben ekkor sem v\u00e1lthat\u00f3 meg, arra csup\u00e1n a munkaviszony megsz\u0171n\u00e9sekor van lehet\u0151s\u00e9g.<br \/>\n    A Magyarorsz\u00e1gon imm\u00e1r t\u00f6bb mint 25 \u00e9ve jelenl\u00e9v\u0151 Trenkwalder 2018-ban t\u00f6bb mint 8000 munkav\u00e1llal\u00f3t k\u00f6lcs\u00f6nz\u00f6tt \u00e9s k\u00f6zvet\u00edtett partnerei sz\u00e1m\u00e1ra, nett\u00f3 \u00e1rbev\u00e9tele pedig megk\u00f6zel\u00edtette a 20 milli\u00e1rd forintot.(MTI)<\/p>\n","protected":false},"excerpt":{"rendered":"<p>A munkaer\u0151hi\u00e1ny miatt a v\u00e1llalatoknak a kor\u00e1bbin\u00e1l nagyobb figyelmet kell szentelni\u00fck a szabads\u00e1gok tervez\u00e9s\u00e9re, m\u00e1r most c\u00e9lszer\u0171 felm\u00e9rni, melyik munkav\u00e1llal\u00f3juk hol tart az \u00e9ves szabads\u00e1gkeret\u00e9nek felhaszn\u00e1l\u00e1s\u00e1ban, \u00e9s a ny\u00e1ri id\u0151szakban c\u00e9lszer\u0171 legal\u00e1bb az id\u0151ar\u00e1nyos szabads\u00e1got kiadniuk &#8211; k\u00f6z\u00f6lte a Trenkwalder munkaer\u0151-k\u00f6lcs\u00f6nz\u00e9ssel \u00e9s -k\u00f6zvet\u00edt\u00e9ssel foglalkoz\u00f3 c\u00e9g az MTI-vel.<\/p>\n","protected":false},"author":1001003,"featured_media":0,"comment_status":"closed","ping_status":"open","sticky":false,"template":"","format":"standard","meta":[],"categories":[4,19],"tags":[],"_links":{"self":[{"href":"https:\/\/gazdasagportal.hu\/index.php\/wp-json\/wp\/v2\/posts\/117453"}],"collection":[{"href":"https:\/\/gazdasagportal.hu\/index.php\/wp-json\/wp\/v2\/posts"}],"about":[{"href":"https:\/\/gazdasagportal.hu\/index.php\/wp-json\/wp\/v2\/types\/post"}],"author":[{"embeddable":true,"href":"https:\/\/gazdasagportal.hu\/index.php\/wp-json\/wp\/v2\/users\/1001003"}],"replies":[{"embeddable":true,"href":"https:\/\/gazdasagportal.hu\/index.php\/wp-json\/wp\/v2\/comments?post=117453"}],"version-history":[{"count":1,"href":"https:\/\/gazdasagportal.hu\/index.php\/wp-json\/wp\/v2\/posts\/117453\/revisions"}],"predecessor-version":[{"id":117454,"href":"https:\/\/gazdasagportal.hu\/index.php\/wp-json\/wp\/v2\/posts\/117453\/revisions\/117454"}],"wp:attachment":[{"href":"https:\/\/gazdasagportal.hu\/index.php\/wp-json\/wp\/v2\/media?parent=117453"}],"wp:term":[{"taxonomy":"category","embeddable":true,"href":"https:\/\/gazdasagportal.hu\/index.php\/wp-json\/wp\/v2\/categories?post=117453"},{"taxonomy":"post_tag","embeddable":true,"href":"https:\/\/gazdasagportal.hu\/index.php\/wp-json\/wp\/v2\/tags?post=117453"}],"curies":[{"name":"wp","href":"https:\/\/api.w.org\/{rel}","templated":true}]}}