{"id":117434,"date":"2019-07-05T15:22:18","date_gmt":"2019-07-05T13:22:18","guid":{"rendered":"http:\/\/gazdasagportal.hu\/?p=117434"},"modified":"2019-07-05T15:22:18","modified_gmt":"2019-07-05T13:22:18","slug":"a-vartnal-nagyobb-mertekben-nott-a-foglalkoztatas-az-egyesult-allamokban-juniusban","status":"publish","type":"post","link":"https:\/\/gazdasagportal.hu\/index.php\/a-vartnal-nagyobb-mertekben-nott-a-foglalkoztatas-az-egyesult-allamokban-juniusban\/","title":{"rendered":"A v\u00e1rtn\u00e1l nagyobb m\u00e9rt\u00e9kben n\u0151tt a foglalkoztat\u00e1s az Egyes\u00fclt \u00c1llamokban j\u00faniusban"},"content":{"rendered":"<p><strong>A v\u00e1rtn\u00e1l j\u00f3val nagyobb m\u00e9rt\u00e9kben n\u0151tt a foglalkoztatottak sz\u00e1ma j\u00faniusban az Egyes\u00fclt \u00c1llamokban, mik\u00f6zben a munkan\u00e9lk\u00fclis\u00e9gi r\u00e1ta elrugaszkodott a k\u00f6zel \u00f6t \u00e9vtizedes m\u00e9lypontr\u00f3l.<\/strong><!--more--><\/p>\n<div class=\"ads-in-post1\"><div id=\"gazdasagportal.hu_fullbanner_wideboard\"><\/div>\r\n<\/div>\n<p>    A washingtoni munka\u00fcgyi miniszt\u00e9rium p\u00e9nteken nyilv\u00e1noss\u00e1gra hozott adatai szerint a nem mez\u0151gazdas\u00e1gi \u00e1gazatokban foglalkoztatottak sz\u00e1ma 224 ezerrel emelkedett, mik\u00f6zben elemz\u0151k 160 ezres b\u0151v\u00fcl\u00e9sre sz\u00e1m\u00edtottak.<br \/>\n    N\u00e9mileg \u00e1rnyalhatja a k\u00e9pet, hogy a 224 ezerb\u0151l 33 ezer \u00faj munkahely a korm\u00e1nyzati szektorban l\u00e9tes\u00fclt, val\u00f3sz\u00edn\u0171leg a 2020-as n\u00e9psz\u00e1ml\u00e1l\u00e1ssal \u00f6sszef\u00fcgg\u00e9sben.<br \/>\n    A foglalkoztatottak sz\u00e1m\u00e1nak m\u00e1jusi n\u00f6veked\u00e9s\u00e9t a miniszt\u00e9rium a fel\u00fclvizsg\u00e1lat ut\u00e1n 75 ezerr\u0151l 72 ezerre m\u00e9rs\u00e9kelte.<br \/>\n    A munkan\u00e9lk\u00fclis\u00e9gi r\u00e1ta 0,1 sz\u00e1zal\u00e9kponttal 3,7 sz\u00e1zal\u00e9kra emelkedett. Elemz\u0151k arra sz\u00e1m\u00edtottak, hogy a m\u00e1jusban \u00e9s \u00e1prilisban m\u00e9rt szinten, 3,6 sz\u00e1zal\u00e9kon, azaz k\u00f6zel \u00f6t \u00e9vtizedes m\u00e9lyponton marad a mutat\u00f3 \u00e9rt\u00e9ke.<br \/>\n<div class=\"ads-in-post2\"><script async src=\"https:\/\/pagead2.googlesyndication.com\/pagead\/js\/adsbygoogle.js\"><\/script>\r\n<ins class=\"adsbygoogle\"\r\n     style=\"display:block\"\r\n     data-ad-format=\"fluid\"\r\n     data-ad-layout-key=\"-6t+ed+2i-1n-4w\"\r\n     data-ad-client=\"ca-pub-1959107119989764\"\r\n     data-ad-slot=\"4008251320\"><\/ins>\r\n<script>\r\n     (adsbygoogle = window.adsbygoogle || []).push({});\r\n<\/script><\/div>\n    A munkak\u00e9pes kor\u00fa n\u00e9pess\u00e9gben a gazdas\u00e1gilag akt\u00edv szerepl\u0151k ar\u00e1nya 62,9 sz\u00e1zal\u00e9kra n\u0151tt a m\u00e1jusi 62,8 sz\u00e1zal\u00e9kr\u00f3l.<br \/>\n    Az \u00e1tlagos \u00f3rab\u00e9rek m\u00e1jushoz k\u00e9pest 0,2 sz\u00e1zal\u00e9kkal n\u0151ttek, mik\u00f6zben elemz\u0151k 0,3 sz\u00e1zal\u00e9kos emelked\u00e9sre sz\u00e1m\u00edtottak. \u00c9ves \u00f6sszevet\u00e9sben 3,1 sz\u00e1zal\u00e9kkal emelkedtek az \u00f3rab\u00e9rek j\u00faniusban, csak\u00fagy mint m\u00e1jusban, ez ugyancsak gyeng\u00e9bb adat a 3,2 sz\u00e1zal\u00e9kos elemz\u0151i v\u00e1rakoz\u00e1sokn\u00e1l.<br \/>\n    Az \u00e1tlagos heti munkaid\u0151 j\u00faniusban \u00e9s m\u00e1jusban egyar\u00e1nt 34,4 \u00f3ra volt, \u00f6sszhangban az elemz\u0151i v\u00e1rakoz\u00e1sokkal.(MTI)<\/p>\n","protected":false},"excerpt":{"rendered":"<p>A v\u00e1rtn\u00e1l j\u00f3val nagyobb m\u00e9rt\u00e9kben n\u0151tt a foglalkoztatottak sz\u00e1ma j\u00faniusban az Egyes\u00fclt \u00c1llamokban, mik\u00f6zben a munkan\u00e9lk\u00fclis\u00e9gi r\u00e1ta elrugaszkodott a k\u00f6zel \u00f6t \u00e9vtizedes m\u00e9lypontr\u00f3l.<\/p>\n","protected":false},"author":1,"featured_media":0,"comment_status":"closed","ping_status":"open","sticky":false,"template":"","format":"standard","meta":[],"categories":[246],"tags":[],"_links":{"self":[{"href":"https:\/\/gazdasagportal.hu\/index.php\/wp-json\/wp\/v2\/posts\/117434"}],"collection":[{"href":"https:\/\/gazdasagportal.hu\/index.php\/wp-json\/wp\/v2\/posts"}],"about":[{"href":"https:\/\/gazdasagportal.hu\/index.php\/wp-json\/wp\/v2\/types\/post"}],"author":[{"embeddable":true,"href":"https:\/\/gazdasagportal.hu\/index.php\/wp-json\/wp\/v2\/users\/1"}],"replies":[{"embeddable":true,"href":"https:\/\/gazdasagportal.hu\/index.php\/wp-json\/wp\/v2\/comments?post=117434"}],"version-history":[{"count":1,"href":"https:\/\/gazdasagportal.hu\/index.php\/wp-json\/wp\/v2\/posts\/117434\/revisions"}],"predecessor-version":[{"id":117435,"href":"https:\/\/gazdasagportal.hu\/index.php\/wp-json\/wp\/v2\/posts\/117434\/revisions\/117435"}],"wp:attachment":[{"href":"https:\/\/gazdasagportal.hu\/index.php\/wp-json\/wp\/v2\/media?parent=117434"}],"wp:term":[{"taxonomy":"category","embeddable":true,"href":"https:\/\/gazdasagportal.hu\/index.php\/wp-json\/wp\/v2\/categories?post=117434"},{"taxonomy":"post_tag","embeddable":true,"href":"https:\/\/gazdasagportal.hu\/index.php\/wp-json\/wp\/v2\/tags?post=117434"}],"curies":[{"name":"wp","href":"https:\/\/api.w.org\/{rel}","templated":true}]}}