{"id":117426,"date":"2019-07-05T13:39:04","date_gmt":"2019-07-05T11:39:04","guid":{"rendered":"http:\/\/gazdasagportal.hu\/?p=117426"},"modified":"2019-07-05T13:39:04","modified_gmt":"2019-07-05T11:39:04","slug":"tavozik-posztjarol-a-bmw-elnok-vezerigazgatoja","status":"publish","type":"post","link":"https:\/\/gazdasagportal.hu\/index.php\/tavozik-posztjarol-a-bmw-elnok-vezerigazgatoja\/","title":{"rendered":"T\u00e1vozik posztj\u00e1r\u00f3l a BMW eln\u00f6k-vez\u00e9rigazgat\u00f3ja"},"content":{"rendered":"<p><strong>Nem k\u00e9ri megb\u00edzat\u00e1s\u00e1nak meghosszabb\u00edt\u00e1s\u00e1t \u00e9s \u00edgy 2020 \u00e1prilis\u00e1nak v\u00e9g\u00e9n t\u00e1vozik posztj\u00e1r\u00f3l Harald Kr\u00fcger, a BMW n\u00e9met aut\u00f3gy\u00e1rt\u00f3 eln\u00f6k-vez\u00e9rigazgat\u00f3ja &#8211; jelentette be a bajor konszern p\u00e9nteken M\u00fcnchenben.<\/strong><!--more--><\/p>\n<div class=\"ads-in-post1\"><div id=\"gazdasagportal.hu_fullbanner_wideboard\"><\/div>\r\n<\/div>\n<p>    Kr\u00fcger 2015 m\u00e1jusa \u00f3ta vezeti a c\u00e9get. Ut\u00f3dl\u00e1s\u00e1r\u00f3l j\u00falius 18-\u00e1n t\u00e1rgyal a v\u00e1llalat vezet\u00e9se &#8211; tudatta a BMW. A c\u00e9g \u00fcgyeire r\u00e1l\u00e1t\u00f3 forr\u00e1sok szerint a jelenlegi fejleszt\u00e9si vezet\u0151, Klaus Fr\u00f6hlich, vagy a gy\u00e1rt\u00e1si igazgat\u00f3, Oliver Zipse v\u00e1lthatja j\u00f6v\u0151 tavasszal Kr\u00fcgert &#8211; \u00edrja az n-tv n\u00e9met h\u00edrcsatorna h\u00edroldala.<br \/>\n    &#8222;T\u00edz \u00e9vet t\u00f6lt\u00f6ttem el a c\u00e9g vezet\u00e9s\u00e9ben, ebb\u0151l n\u00e9gyet a v\u00e1llalat \u00e9l\u00e9n, s ezut\u00e1n most szakmailag \u00faj ir\u00e1nyba szeretn\u00e9k elindulni&#8221; &#8211; mondta Harald Kr\u00fcger.<br \/>\n    Kr\u00fcgert amiatt \u00e9rt\u00e9k b\u00edr\u00e1latok, mert a bajor aut\u00f3gy\u00e1rt\u00f3 \u00e1zsiai versenyt\u00e1rsaihoz k\u00e9pest megk\u00e9sve kezdett foglalkozni az elektromobilit\u00e1ssal, a villanyaut\u00f3k kifejleszt\u00e9s\u00e9vel \u00e9s gy\u00e1rt\u00e1s\u00e1val. Az n-tv azt \u00edrja, hogy az elm\u00falt napokban olyan pletyk\u00e1kat lehetett hallani a v\u00e1llalat m\u00fcncheni k\u00f6zpontj\u00e1nak folyos\u00f3in, hogy a c\u00e9gvezet\u00e9s nem hosszabb\u00edtja meg Kr\u00fcger megb\u00edzat\u00e1s\u00e1t.<br \/>\n<div class=\"ads-in-post2\"><script async src=\"https:\/\/pagead2.googlesyndication.com\/pagead\/js\/adsbygoogle.js\"><\/script>\r\n<ins class=\"adsbygoogle\"\r\n     style=\"display:block\"\r\n     data-ad-format=\"fluid\"\r\n     data-ad-layout-key=\"-6t+ed+2i-1n-4w\"\r\n     data-ad-client=\"ca-pub-1959107119989764\"\r\n     data-ad-slot=\"4008251320\"><\/ins>\r\n<script>\r\n     (adsbygoogle = window.adsbygoogle || []).push({});\r\n<\/script><\/div>\n    &#8222;M\u00e9lyen tisztelem Kr\u00fcger jelenlegi d\u00f6nt\u00e9s\u00e9t, \u00e9s teljesen meg\u00e9rtem a j\u00f6v\u0151re vonatkoz\u00f3 terveit&#8221; &#8211; magyar\u00e1zta Norbert Reithofer, a BMW igazgat\u00f3tan\u00e1cs\u00e1nak eln\u00f6ke, aki Kr\u00fcger el\u0151tt vezette a v\u00e1llalatot.<br \/>\n    Az 53 \u00e9ves, g\u00e9p\u00e9szm\u00e9rn\u00f6k v\u00e9gzetts\u00e9g\u0171 Harald Kr\u00fcger m\u00e1r 2003-ban vezet\u0151 beoszt\u00e1sban dolgozott a BMW-n\u00e9l; szem\u00e9lyzeti k\u00e9rd\u00e9sek\u00e9rt \u00e9s a Mini \u00e9s a Rolls-Royce m\u00e1rk\u00e1\u00e9rt felelt. De nem sokkal hivatalba l\u00e9p\u00e9se ut\u00e1n nyilv\u00e1nosan \u00f6sszeesett a frankfurti aut\u00f3szalonon. Eg\u00e9szs\u00e9g\u00e9vel kapcsolatban az\u00f3ta is sz\u00e1mos tal\u00e1lgat\u00e1s sz\u00fcletett.(MTI)<\/p>\n","protected":false},"excerpt":{"rendered":"<p>Nem k\u00e9ri megb\u00edzat\u00e1s\u00e1nak meghosszabb\u00edt\u00e1s\u00e1t \u00e9s \u00edgy 2020 \u00e1prilis\u00e1nak v\u00e9g\u00e9n t\u00e1vozik posztj\u00e1r\u00f3l Harald Kr\u00fcger, a BMW n\u00e9met aut\u00f3gy\u00e1rt\u00f3 eln\u00f6k-vez\u00e9rigazgat\u00f3ja &#8211; jelentette be a bajor konszern p\u00e9nteken M\u00fcnchenben.<\/p>\n","protected":false},"author":1,"featured_media":0,"comment_status":"closed","ping_status":"open","sticky":false,"template":"","format":"standard","meta":[],"categories":[8,246],"tags":[],"_links":{"self":[{"href":"https:\/\/gazdasagportal.hu\/index.php\/wp-json\/wp\/v2\/posts\/117426"}],"collection":[{"href":"https:\/\/gazdasagportal.hu\/index.php\/wp-json\/wp\/v2\/posts"}],"about":[{"href":"https:\/\/gazdasagportal.hu\/index.php\/wp-json\/wp\/v2\/types\/post"}],"author":[{"embeddable":true,"href":"https:\/\/gazdasagportal.hu\/index.php\/wp-json\/wp\/v2\/users\/1"}],"replies":[{"embeddable":true,"href":"https:\/\/gazdasagportal.hu\/index.php\/wp-json\/wp\/v2\/comments?post=117426"}],"version-history":[{"count":1,"href":"https:\/\/gazdasagportal.hu\/index.php\/wp-json\/wp\/v2\/posts\/117426\/revisions"}],"predecessor-version":[{"id":117427,"href":"https:\/\/gazdasagportal.hu\/index.php\/wp-json\/wp\/v2\/posts\/117426\/revisions\/117427"}],"wp:attachment":[{"href":"https:\/\/gazdasagportal.hu\/index.php\/wp-json\/wp\/v2\/media?parent=117426"}],"wp:term":[{"taxonomy":"category","embeddable":true,"href":"https:\/\/gazdasagportal.hu\/index.php\/wp-json\/wp\/v2\/categories?post=117426"},{"taxonomy":"post_tag","embeddable":true,"href":"https:\/\/gazdasagportal.hu\/index.php\/wp-json\/wp\/v2\/tags?post=117426"}],"curies":[{"name":"wp","href":"https:\/\/api.w.org\/{rel}","templated":true}]}}