{"id":117424,"date":"2019-07-05T13:02:08","date_gmt":"2019-07-05T11:02:08","guid":{"rendered":"http:\/\/gazdasagportal.hu\/?p=117424"},"modified":"2019-07-05T13:02:08","modified_gmt":"2019-07-05T11:02:08","slug":"ket-szazalek-kozeleben-a-munkanelkuliseg-komarom-esztergom-megyeben","status":"publish","type":"post","link":"https:\/\/gazdasagportal.hu\/index.php\/ket-szazalek-kozeleben-a-munkanelkuliseg-komarom-esztergom-megyeben\/","title":{"rendered":"K\u00e9t sz\u00e1zal\u00e9k k\u00f6zel\u00e9ben a munkan\u00e9lk\u00fclis\u00e9g Kom\u00e1rom-Esztergom megy\u00e9ben"},"content":{"rendered":"<p><strong>Kom\u00e1rom-Esztergom megy\u00e9ben 2,3 sz\u00e1zal\u00e9kra cs\u00f6kkent az \u00e1ll\u00e1skeres\u0151k ar\u00e1nya a gazdas\u00e1gilag akt\u00edv n\u00e9pess\u00e9gen bel\u00fcl &#8211; k\u00f6z\u00f6lte a megyei korm\u00e1nyhivatal vezet\u0151je az MTI-vel.<\/strong><!--more--><\/p>\n<div class=\"ads-in-post1\"><div id=\"gazdasagportal.hu_fullbanner_wideboard\"><\/div>\r\n<\/div>\n<p>    Kancz Csaba korm\u00e1nymegb\u00edzott t\u00e1j\u00e9koztat\u00e1sa szerint m\u00e1jusban \u00f6sszesen 1084 f\u0151s l\u00e9tsz\u00e1mig\u00e9nyt jelentettek be a megyei foglalkoztat\u00f3k, ami az el\u0151z\u0151 havit 12,4 sz\u00e1zal\u00e9kkal haladta meg.<br \/>\n    Az \u00faj \u00e1ll\u00e1sig\u00e9nyek meghat\u00e1roz\u00f3 r\u00e9sz\u00e9t a norm\u00e1l aj\u00e1nlatok adt\u00e1k. A t\u00e1mogatott munkahelyek 158 \u00e1ll\u00e1skeres\u0151 sz\u00e1m\u00e1ra k\u00edn\u00e1ltak elhelyezked\u00e9si lehet\u0151s\u00e9get. A k\u00f6zfoglalkoztat\u00e1si programok munkaer\u0151ig\u00e9nye tov\u00e1bb cs\u00f6kkenve, \u00f6sszesen 35 embert \u00e9rt el.(MTI)<br \/>\n<div class=\"ads-in-post2\"><script async src=\"https:\/\/pagead2.googlesyndication.com\/pagead\/js\/adsbygoogle.js\"><\/script>\r\n<ins class=\"adsbygoogle\"\r\n     style=\"display:block\"\r\n     data-ad-format=\"fluid\"\r\n     data-ad-layout-key=\"-6t+ed+2i-1n-4w\"\r\n     data-ad-client=\"ca-pub-1959107119989764\"\r\n     data-ad-slot=\"4008251320\"><\/ins>\r\n<script>\r\n     (adsbygoogle = window.adsbygoogle || []).push({});\r\n<\/script><\/div>\n","protected":false},"excerpt":{"rendered":"<p>Kom\u00e1rom-Esztergom megy\u00e9ben 2,3 sz\u00e1zal\u00e9kra cs\u00f6kkent az \u00e1ll\u00e1skeres\u0151k ar\u00e1nya a gazdas\u00e1gilag akt\u00edv n\u00e9pess\u00e9gen bel\u00fcl &#8211; k\u00f6z\u00f6lte a megyei korm\u00e1nyhivatal vezet\u0151je az MTI-vel.<\/p>\n","protected":false},"author":1,"featured_media":0,"comment_status":"closed","ping_status":"open","sticky":false,"template":"","format":"standard","meta":[],"categories":[19],"tags":[],"_links":{"self":[{"href":"https:\/\/gazdasagportal.hu\/index.php\/wp-json\/wp\/v2\/posts\/117424"}],"collection":[{"href":"https:\/\/gazdasagportal.hu\/index.php\/wp-json\/wp\/v2\/posts"}],"about":[{"href":"https:\/\/gazdasagportal.hu\/index.php\/wp-json\/wp\/v2\/types\/post"}],"author":[{"embeddable":true,"href":"https:\/\/gazdasagportal.hu\/index.php\/wp-json\/wp\/v2\/users\/1"}],"replies":[{"embeddable":true,"href":"https:\/\/gazdasagportal.hu\/index.php\/wp-json\/wp\/v2\/comments?post=117424"}],"version-history":[{"count":1,"href":"https:\/\/gazdasagportal.hu\/index.php\/wp-json\/wp\/v2\/posts\/117424\/revisions"}],"predecessor-version":[{"id":117425,"href":"https:\/\/gazdasagportal.hu\/index.php\/wp-json\/wp\/v2\/posts\/117424\/revisions\/117425"}],"wp:attachment":[{"href":"https:\/\/gazdasagportal.hu\/index.php\/wp-json\/wp\/v2\/media?parent=117424"}],"wp:term":[{"taxonomy":"category","embeddable":true,"href":"https:\/\/gazdasagportal.hu\/index.php\/wp-json\/wp\/v2\/categories?post=117424"},{"taxonomy":"post_tag","embeddable":true,"href":"https:\/\/gazdasagportal.hu\/index.php\/wp-json\/wp\/v2\/tags?post=117424"}],"curies":[{"name":"wp","href":"https:\/\/api.w.org\/{rel}","templated":true}]}}