{"id":117420,"date":"2019-07-05T12:10:51","date_gmt":"2019-07-05T10:10:51","guid":{"rendered":"http:\/\/gazdasagportal.hu\/?p=117420"},"modified":"2019-07-05T12:10:51","modified_gmt":"2019-07-05T10:10:51","slug":"nebih-evente-hat-kilo-zoldseget-es-gyumolcsot-dob-ki-egy-ember","status":"publish","type":"post","link":"https:\/\/gazdasagportal.hu\/index.php\/nebih-evente-hat-kilo-zoldseget-es-gyumolcsot-dob-ki-egy-ember\/","title":{"rendered":"N\u00e9bih: \u00e9vente hat kil\u00f3 z\u00f6lds\u00e9get \u00e9s gy\u00fcm\u00f6lcs\u00f6t dob ki egy ember"},"content":{"rendered":"<p><strong>\u00c9vente \u00e1tlagosan hat kilogramm z\u00f6lds\u00e9get \u00e9s gy\u00fcm\u00f6lcs\u00f6t dob ki egy ember Magyarorsz\u00e1gon &#8211; k\u00f6z\u00f6lte a Nemzeti \u00c9lelmiszerl\u00e1nc-biztons\u00e1gi Hivatal (N\u00e9bih) N\u00f6v\u00e9ny-, Talaj- \u00e9s Agr\u00e1rk\u00f6rnyezet-v\u00e9delmi Igazgat\u00f3s\u00e1g\u00e1nak oszt\u00e1lyvezet\u0151je az M1 aktu\u00e1lis csatorn\u00e1n.<\/strong><!--more--><\/p>\n<div class=\"ads-in-post1\"><div id=\"gazdasagportal.hu_fullbanner_wideboard\"><\/div>\r\n<\/div>\n<p>    Ecsedi Istv\u00e1n azt mondta, ennek f\u0151 oka az, hogy a pultokra kitett hib\u00e1tlan gy\u00fcm\u00f6lcs\u00f6k r\u00e1szoktatt\u00e1k az embereket arra,  ami nem sz\u00e9p, az nem ehet\u0151.<br \/>\n    A termel\u0151knek is sokat ki kell dobniuk, mert nem felelnek meg az \u00e1ruh\u00e1zl\u00e1ncok min\u0151s\u00e9gi felt\u00e9teleinek &#8211; tette hozz\u00e1.<br \/>\n<div class=\"ads-in-post2\"><script async src=\"https:\/\/pagead2.googlesyndication.com\/pagead\/js\/adsbygoogle.js\"><\/script>\r\n<ins class=\"adsbygoogle\"\r\n     style=\"display:block\"\r\n     data-ad-format=\"fluid\"\r\n     data-ad-layout-key=\"-6t+ed+2i-1n-4w\"\r\n     data-ad-client=\"ca-pub-1959107119989764\"\r\n     data-ad-slot=\"4008251320\"><\/ins>\r\n<script>\r\n     (adsbygoogle = window.adsbygoogle || []).push({});\r\n<\/script><\/div>\n    A pazarl\u00e1s ellen a N\u00e9bih Vegy\u00e9l sz\u00e1mba c\u00edmmel kamp\u00e1nyt ind\u00edtott. A legal\u00e1bb \u00e9v v\u00e9gig tart\u00f3 kamp\u00e1ny c\u00e9lja t\u00f6bbek k\u00f6z\u00f6tt, hogy t\u00e1rol\u00e1si tan\u00e1csokkal l\u00e1ss\u00e1k el az embereket \u00e9s a magyar term\u00e9kek v\u00e1laszt\u00e1s\u00e1ra \u00f6szt\u00f6n\u00f6zzenek &#8211; mondta.(MTI)<\/p>\n","protected":false},"excerpt":{"rendered":"<p>\u00c9vente \u00e1tlagosan hat kilogramm z\u00f6lds\u00e9get \u00e9s gy\u00fcm\u00f6lcs\u00f6t dob ki egy ember Magyarorsz\u00e1gon &#8211; k\u00f6z\u00f6lte a Nemzeti \u00c9lelmiszerl\u00e1nc-biztons\u00e1gi Hivatal (N\u00e9bih) N\u00f6v\u00e9ny-, Talaj- \u00e9s Agr\u00e1rk\u00f6rnyezet-v\u00e9delmi Igazgat\u00f3s\u00e1g\u00e1nak oszt\u00e1lyvezet\u0151je az M1 aktu\u00e1lis csatorn\u00e1n.<\/p>\n","protected":false},"author":1,"featured_media":0,"comment_status":"closed","ping_status":"open","sticky":false,"template":"","format":"standard","meta":[],"categories":[4],"tags":[],"_links":{"self":[{"href":"https:\/\/gazdasagportal.hu\/index.php\/wp-json\/wp\/v2\/posts\/117420"}],"collection":[{"href":"https:\/\/gazdasagportal.hu\/index.php\/wp-json\/wp\/v2\/posts"}],"about":[{"href":"https:\/\/gazdasagportal.hu\/index.php\/wp-json\/wp\/v2\/types\/post"}],"author":[{"embeddable":true,"href":"https:\/\/gazdasagportal.hu\/index.php\/wp-json\/wp\/v2\/users\/1"}],"replies":[{"embeddable":true,"href":"https:\/\/gazdasagportal.hu\/index.php\/wp-json\/wp\/v2\/comments?post=117420"}],"version-history":[{"count":1,"href":"https:\/\/gazdasagportal.hu\/index.php\/wp-json\/wp\/v2\/posts\/117420\/revisions"}],"predecessor-version":[{"id":117421,"href":"https:\/\/gazdasagportal.hu\/index.php\/wp-json\/wp\/v2\/posts\/117420\/revisions\/117421"}],"wp:attachment":[{"href":"https:\/\/gazdasagportal.hu\/index.php\/wp-json\/wp\/v2\/media?parent=117420"}],"wp:term":[{"taxonomy":"category","embeddable":true,"href":"https:\/\/gazdasagportal.hu\/index.php\/wp-json\/wp\/v2\/categories?post=117420"},{"taxonomy":"post_tag","embeddable":true,"href":"https:\/\/gazdasagportal.hu\/index.php\/wp-json\/wp\/v2\/tags?post=117420"}],"curies":[{"name":"wp","href":"https:\/\/api.w.org\/{rel}","templated":true}]}}