{"id":117416,"date":"2019-07-05T11:32:11","date_gmt":"2019-07-05T09:32:11","guid":{"rendered":"http:\/\/gazdasagportal.hu\/?p=117416"},"modified":"2019-07-05T11:32:11","modified_gmt":"2019-07-05T09:32:11","slug":"felulmulta-az-elemzok-varakozasat-az-ipari-termeles-bovulese","status":"publish","type":"post","link":"https:\/\/gazdasagportal.hu\/index.php\/felulmulta-az-elemzok-varakozasat-az-ipari-termeles-bovulese\/","title":{"rendered":"Fel\u00fclm\u00falta az elemz\u0151k v\u00e1rakoz\u00e1s\u00e1t az ipari termel\u00e9s b\u0151v\u00fcl\u00e9se"},"content":{"rendered":"<p><strong>Az elemz\u0151i v\u00e1rakoz\u00e1sokat fel\u00fclm\u00falva b\u0151v\u00fclt az ipari termel\u00e9s m\u00e1jusban, ugyanakkor az MTI-nek nyilatkoz\u00f3 szak\u00e9rt\u0151k szerint kih\u00edv\u00e1st jelent majd az els\u0151 \u00f6t h\u00f3nap 6,7 sz\u00e1zal\u00e9kos n\u00f6veked\u00e9s\u00e9nek fenntart\u00e1sa. A Sz\u00e1zadv\u00e9g 5 sz\u00e1zal\u00e9k k\u00f6r\u00fcli, az ING  ink\u00e1bb 6 sz\u00e1zal\u00e9k k\u00f6r\u00fcli n\u00f6veked\u00e9st v\u00e1r 2019 eg\u00e9sz\u00e9re.<\/strong><!--more--><\/p>\n<div class=\"ads-in-post1\"><div id=\"gazdasagportal.hu_fullbanner_wideboard\"><\/div>\r\n<\/div>\n<p>    A K\u00f6zponti Statisztikai Hivatal p\u00e9nteken k\u00f6z\u00f6lt adatai szerint m\u00e1jusban 8,7 sz\u00e1zal\u00e9kkal n\u0151tt az ipari termel\u00e9s az egy \u00e9vvel kor\u00e1bbihoz k\u00e9pest, a munkanaphat\u00e1st\u00f3l megtiszt\u00edtott adatok alapj\u00e1n a termel\u00e9s 6,1 sz\u00e1zal\u00e9kkal b\u0151v\u00fclt. Az el\u0151z\u0151 h\u00f3naphoz m\u00e9rten 1,4 sz\u00e1zal\u00e9kkal n\u0151tt az ipar kibocs\u00e1t\u00e1sa a szezon\u00e1lisan \u00e9s munkanapt\u00e9nyez\u0151vel kiigaz\u00edtott adatok szerint.<br \/>\n    Reg\u0151s G\u00e1bor, a Sz\u00e1zadv\u00e9g Gazdas\u00e1gkutat\u00f3 Zrt. makrogazdas\u00e1gi \u00fczlet\u00e1gvezet\u0151je az MTI-hez eljuttatott komment\u00e1rj\u00e1ban kiemelte: az ipar kifejezetten er\u0151s h\u00f3napot z\u00e1rt m\u00e1jusban, ami m\u00e9g a v\u00e1rakoz\u00e1sokat is meghaladta. Az el\u0151z\u0151 h\u00f3naphoz hasonl\u00f3an \u00fagy tudott a magyar ipar kedvez\u0151 eredm\u00e9nyt el\u00e9rni, hogy k\u00f6zben a n\u00e9met ipar gyeng\u00e9lkedett &#8211; mutatott r\u00e1. Az \u00e9rt\u00e9kes\u00edt\u00e9s volumene N\u00e9metorsz\u00e1gban az el\u0151z\u0151 h\u00f3naphoz k\u00e9pest 1,2 sz\u00e1zal\u00e9kkal cs\u00f6kkent, m\u00edg a feldolgoz\u00f3ipar \u00faj rendel\u00e9sei 8,6 sz\u00e1zal\u00e9kkal cs\u00f6kkentek az el\u0151z\u0151 \u00e9v azonos id\u0151szak\u00e1hoz viszony\u00edtva.<br \/>\n<div class=\"ads-in-post2\"><script async src=\"https:\/\/pagead2.googlesyndication.com\/pagead\/js\/adsbygoogle.js\"><\/script>\r\n<ins class=\"adsbygoogle\"\r\n     style=\"display:block\"\r\n     data-ad-format=\"fluid\"\r\n     data-ad-layout-key=\"-6t+ed+2i-1n-4w\"\r\n     data-ad-client=\"ca-pub-1959107119989764\"\r\n     data-ad-slot=\"4008251320\"><\/ins>\r\n<script>\r\n     (adsbygoogle = window.adsbygoogle || []).push({});\r\n<\/script><\/div>\n    Reg\u0151s G\u00e1bor k\u00f6z\u00f6lte: v\u00e1rakoz\u00e1saik szerint az ipar teljes\u00edtm\u00e9nye a beruh\u00e1z\u00e1sok eredm\u00e9nyek\u00e9nt az \u00e9v eg\u00e9sz\u00e9ben 5 sz\u00e1zal\u00e9k k\u00f6r\u00fcli \u00fctemben n\u00f6vekedhet, \u00e9s \u00edgy a gazdas\u00e1g b\u0151v\u00fcl\u00e9s\u00e9hez \u00e9rdemben hozz\u00e1 tud j\u00e1rulni. Kock\u00e1zatot jelent azonban a k\u00fcls\u0151 k\u00f6rnyezet, p\u00e9ld\u00e1ul n\u00e9met gazdas\u00e1gi teljes\u00edtm\u00e9ny, \u00e9s az amerikai-k\u00ednai kereskedelmi h\u00e1bor\u00fa alakul\u00e1sa &#8211; v\u00e9lekedett a Sz\u00e1zadv\u00e9g szakembere.<br \/>\n    Virov\u00e1cz P\u00e9ter, az ING senior elemz\u0151je azt \u00edrta: nem csak a piaci v\u00e1rakoz\u00e1st felm\u00falva n\u00f6vekedett az ipari kibocs\u00e1t\u00e1s, hanem m\u00e9g gyorsult is az \u00e1prilisihoz k\u00e9pest. Hozz\u00e1tette, hogy az els\u0151 \u00f6t h\u00f3napban l\u00e1tott 6,7 sz\u00e1zal\u00e9k k\u00f6r\u00fcli magyar ipari n\u00f6veked\u00e9s fenntart\u00e1sa jelent\u0151s kih\u00edv\u00e1s lesz a gyeng\u00e9lked\u0151 k\u00fcls\u0151 k\u00f6rnyezet t\u00fckr\u00e9ben, emiatt ink\u00e1bb 6 sz\u00e1zal\u00e9k k\u00f6r\u00fcli n\u00f6veked\u00e9st v\u00e1r az \u00e9v eg\u00e9sz\u00e9re. A m\u00e1jusi korrekci\u00f3val a m\u00e1sodik negyed\u00e9v eddigi ipari teljes\u00edtm\u00e9nye csak kis m\u00e9rt\u00e9kben marad el az els\u0151 negyed\u00e9vit\u0151l, ugyanakkor tov\u00e1bbra is lassul\u00e1s l\u00e1tsz\u00f3dik &#8211; \u00edrta.<br \/>\n    Kit\u00e9rt arra, hogy b\u00e1r a KSH el\u0151zetes adatk\u00f6zl\u00e9s\u00e9ben t\u00fal sok r\u00e9szletet nem \u00e1rult el, de azt igen, hogy a j\u00f3 teljes\u00edtm\u00e9ny gyakorlatilag kiz\u00e1r\u00f3lag az aut\u00f3iparhoz k\u00f6thet\u0151. K\u00f6zben a m\u00e1sik k\u00e9t nagyobb feldolgoz\u00f3ipari \u00e1gazat, az elektronikai- \u00e9s az \u00e9lelmiszeripar \u00e1tlag alatti b\u0151v\u00fcl\u00e9st mutatott fel.<br \/>\n    Arra is r\u00e1mutatott, hogy egyel\u0151re Magyarorsz\u00e1got \u00e9rdemben m\u00e9g nem \u00e9rte el a n\u00e9met feldolgoz\u00f3ipari \u00f6sszeoml\u00e1s. Az \u00e1prilis-m\u00e1jusi kiskereskedelmi \u00e9s ipari adatok a GDP-n\u00f6veked\u00e9s m\u00e1sodik negyed\u00e9ves lassul\u00e1s\u00e1t t\u00e1masztj\u00e1k al\u00e1 Virov\u00e1cz P\u00e9ter szerint.<br \/>\n    N\u00e9meth D\u00e1vid, a K&#038;H Bank vezet\u0151 makrogazdas\u00e1gi elemz\u0151je az adatokhoz f\u0171z\u00f6tt komment\u00e1rj\u00e1ban szint\u00e9n kiemelte, hogy a magyar ipar m\u00e1jusban is tudta tartani az el\u0151z\u0151 h\u00f3napokban el\u00e9rt n\u00f6veked\u00e9si \u00fctemet, annak ellen\u00e9re, hogy a k\u00fcls\u0151 k\u00f6rnyezet kedvez\u0151tlen\u00fcl alakult.<br \/>\n    V\u00e9lem\u00e9nye szerint a jelenlegi kil\u00e1t\u00e1sok alapj\u00e1n id\u00e9n 5 sz\u00e1zal\u00e9k k\u00f6r\u00fcli n\u00f6veked\u00e9s v\u00e1rhat\u00f3 a magyar ipart\u00f3l.<br \/>\n    Az \u00e9v h\u00e1tral\u00e9v\u0151 r\u00e9sz\u00e9ben az ipar teljes\u00edtm\u00e9ny\u00e9t k\u00e9t egym\u00e1ssal ellent\u00e9tes t\u00e9nyez\u0151 hat\u00e1rozza majd meg. Egyfel\u0151l az elm\u00falt \u00e9vekben indult beruh\u00e1z\u00e1sok eredm\u00e9nyek\u00e9nt \u00e9rkez\u0151 \u00faj kapacit\u00e1sok t\u00f6bbletmun\u00edci\u00f3t adnak az \u00e1gazatnak. Ugyanakkor az egyik legfontosabb felvev\u0151piac, az eur\u00f3pai gazdas\u00e1g gyeng\u00e9lkedik, ami kedvez\u0151tlen\u00fcl \u00e9rinti a magyar termel\u00e9st- fejtette ki. Erre utal szerinte az is, hogy t\u00f6bb gy\u00e1rt\u00f3b\u00e1zis r\u00f6vid\u00edtett munkahetet vezet be. Az els\u0151 \u00f6thavi adatok alapj\u00e1n az \u00faj kapacit\u00e1sok kompenz\u00e1lni tudt\u00e1k a lanyha k\u00fcls\u0151 keresletet. A k\u00e9rd\u00e9s az, hogy ezek a t\u00f6bbletkapacit\u00e1sok meddig tudj\u00e1k ellens\u00falyozni a visszafogott exportkeresletet &#8211; \u00edrta N\u00e9meth D\u00e1vid.(MTI)<\/p>\n","protected":false},"excerpt":{"rendered":"<p>Az elemz\u0151i v\u00e1rakoz\u00e1sokat fel\u00fclm\u00falva b\u0151v\u00fclt az ipari termel\u00e9s m\u00e1jusban, ugyanakkor az MTI-nek nyilatkoz\u00f3 szak\u00e9rt\u0151k szerint kih\u00edv\u00e1st jelent majd az els\u0151 \u00f6t h\u00f3nap 6,7 sz\u00e1zal\u00e9kos n\u00f6veked\u00e9s\u00e9nek fenntart\u00e1sa. A Sz\u00e1zadv\u00e9g 5 sz\u00e1zal\u00e9k k\u00f6r\u00fcli, az ING ink\u00e1bb 6 sz\u00e1zal\u00e9k k\u00f6r\u00fcli n\u00f6veked\u00e9st v\u00e1r 2019 eg\u00e9sz\u00e9re.<\/p>\n","protected":false},"author":1,"featured_media":0,"comment_status":"closed","ping_status":"open","sticky":false,"template":"","format":"standard","meta":[],"categories":[19],"tags":[],"_links":{"self":[{"href":"https:\/\/gazdasagportal.hu\/index.php\/wp-json\/wp\/v2\/posts\/117416"}],"collection":[{"href":"https:\/\/gazdasagportal.hu\/index.php\/wp-json\/wp\/v2\/posts"}],"about":[{"href":"https:\/\/gazdasagportal.hu\/index.php\/wp-json\/wp\/v2\/types\/post"}],"author":[{"embeddable":true,"href":"https:\/\/gazdasagportal.hu\/index.php\/wp-json\/wp\/v2\/users\/1"}],"replies":[{"embeddable":true,"href":"https:\/\/gazdasagportal.hu\/index.php\/wp-json\/wp\/v2\/comments?post=117416"}],"version-history":[{"count":1,"href":"https:\/\/gazdasagportal.hu\/index.php\/wp-json\/wp\/v2\/posts\/117416\/revisions"}],"predecessor-version":[{"id":117417,"href":"https:\/\/gazdasagportal.hu\/index.php\/wp-json\/wp\/v2\/posts\/117416\/revisions\/117417"}],"wp:attachment":[{"href":"https:\/\/gazdasagportal.hu\/index.php\/wp-json\/wp\/v2\/media?parent=117416"}],"wp:term":[{"taxonomy":"category","embeddable":true,"href":"https:\/\/gazdasagportal.hu\/index.php\/wp-json\/wp\/v2\/categories?post=117416"},{"taxonomy":"post_tag","embeddable":true,"href":"https:\/\/gazdasagportal.hu\/index.php\/wp-json\/wp\/v2\/tags?post=117416"}],"curies":[{"name":"wp","href":"https:\/\/api.w.org\/{rel}","templated":true}]}}