{"id":117402,"date":"2019-07-04T17:48:46","date_gmt":"2019-07-04T15:48:46","guid":{"rendered":"http:\/\/gazdasagportal.hu\/?p=117402"},"modified":"2019-07-04T16:50:25","modified_gmt":"2019-07-04T14:50:25","slug":"a-takarekbank-elemzoi-44-szazalekrol-47-szazalekra-emeltek-az-idei-gdp-novekedesre-vonatkozo-elorejelzest","status":"publish","type":"post","link":"https:\/\/gazdasagportal.hu\/index.php\/a-takarekbank-elemzoi-44-szazalekrol-47-szazalekra-emeltek-az-idei-gdp-novekedesre-vonatkozo-elorejelzest\/","title":{"rendered":"A Takar\u00e9kbank elemz\u0151i 4,4 sz\u00e1zal\u00e9kr\u00f3l 4,7 sz\u00e1zal\u00e9kra emelt\u00e9k az idei GDP-n\u00f6veked\u00e9sre vonatkoz\u00f3 el\u0151rejelz\u00e9st"},"content":{"rendered":"<p><strong>A Takar\u00e9kbank elemz\u0151i 4,4 sz\u00e1zal\u00e9kr\u00f3l 4,7 sz\u00e1zal\u00e9kra emelt\u00e9k az idei, valamint 3,6 sz\u00e1zal\u00e9kr\u00f3l 3,7 sz\u00e1zal\u00e9kra a j\u00f6v\u0151 \u00e9vi GDP-n\u00f6veked\u00e9sre vonatkoz\u00f3 el\u0151rejelz\u00e9s\u00fcket &#8211; mondta Suppan Gergely, a Takar\u00e9kbank vezet\u0151 elemz\u0151je cs\u00fct\u00f6rt\u00f6k\u00f6n Budapesten, sajt\u00f3t\u00e1j\u00e9koztat\u00f3n. <\/strong><!--more--><\/p>\n<div class=\"ads-in-post1\"><div id=\"gazdasagportal.hu_fullbanner_wideboard\"><\/div>\r\n<\/div>\n<p>    Kiemelte: el\u0151rejelz\u00e9s\u00fck szerint ugyan kiss\u00e9 lassulhat, de  er\u0151teljes marad a b\u00e9rki\u00e1raml\u00e1s, \u00edgy a fogyaszt\u00e1s b\u0151v\u00fcl\u00e9se tov\u00e1bbra is t\u00e1mogatja a gazdas\u00e1gi n\u00f6veked\u00e9st, amihez m\u00e1r az id\u00e9n hozz\u00e1j\u00e1rulhatnak az \u00faj csal\u00e1dt\u00e1mogat\u00e1si int\u00e9zked\u00e9sek.<br \/>\n    Jelezte: az infl\u00e1ci\u00f3 az \u0151szre 3 sz\u00e1zal\u00e9k k\u00f6zel\u00e9be m\u00e9rs\u00e9kl\u0151dhet, \u00edgy \u00e9ves \u00e1tlagban 3,4 sz\u00e1zal\u00e9kos infl\u00e1ci\u00f3 v\u00e1rhat\u00f3, j\u00f6v\u0151re a fogyaszt\u00f3i \u00e1rak \u00e9ves \u00e1tlagos n\u00f6veked\u00e9se 3,1 sz\u00e1zal\u00e9k lesz.<br \/>\n    Suppan Gergely kiemelte: az \u00e9p\u00edt\u0151ipar d\u00fcb\u00f6r\u00f6g, az irodafejleszt\u00e9si boom 2021-ig biztosan kitart, az \u00e9p\u00edt\u0151ipari c\u00e9gek tele vannak megrendel\u00e9ssel.<br \/>\n    R\u00e1mutatott: tov\u00e1bbra is er\u0151teljes marad a b\u00e9rki\u00e1raml\u00e1s, az id\u00e9n 10,3 sz\u00e1zal\u00e9kkal, j\u00f6v\u0151re 8,3 sz\u00e1zal\u00e9kkal n\u0151nek a brutt\u00f3 \u00e1tlagkeresetek, amit a munkaer\u0151hi\u00e1ny, a szoci\u00e1lis hozz\u00e1j\u00e1rul\u00e1si ad\u00f3 (szocho) cs\u00f6kkent\u00e9se, a minim\u00e1lb\u00e9r-emel\u00e9sek, valamint egyes nagyv\u00e1llalatok b\u00e9rmeg\u00e1llapod\u00e1sai is t\u00e1mogatnak, \u00edgy a fogyaszt\u00e1s n\u00f6veked\u00e9se tov\u00e1bbra is er\u0151teljes marad. A h\u00e1ztart\u00e1sok fogyaszt\u00e1sa id\u00e9n 4,4 sz\u00e1zal\u00e9kkal, 2020-ban 3,9 sz\u00e1zal\u00e9kkal b\u0151v\u00fcl majd.<br \/>\n    A beruh\u00e1z\u00e1si dinamika az el\u0151z\u0151 \u00e9vihez hasonl\u00f3 m\u00e9rt\u00e9k\u0171 lehet a magas b\u00e1zis \u00e9s a kapacit\u00e1skorl\u00e1tok ellen\u00e9re. A beruh\u00e1z\u00e1sokat id\u00e9n els\u0151sorban a lak\u00e1s\u00e1tad\u00e1si hull\u00e1m felfut\u00e1sa fogja uralni, de tov\u00e1bbra is er\u0151s a beruh\u00e1z\u00e1si tev\u00e9kenys\u00e9g az iroda, kereskedelmi, ipari, logisztikai, sz\u00e1ll\u00e1shely szolg\u00e1ltat\u00e1si ter\u00fcleteken.<br \/>\n<div class=\"ads-in-post2\"><script async src=\"https:\/\/pagead2.googlesyndication.com\/pagead\/js\/adsbygoogle.js\"><\/script>\r\n<ins class=\"adsbygoogle\"\r\n     style=\"display:block\"\r\n     data-ad-format=\"fluid\"\r\n     data-ad-layout-key=\"-6t+ed+2i-1n-4w\"\r\n     data-ad-client=\"ca-pub-1959107119989764\"\r\n     data-ad-slot=\"4008251320\"><\/ins>\r\n<script>\r\n     (adsbygoogle = window.adsbygoogle || []).push({});\r\n<\/script><\/div>\n    A beruh\u00e1z\u00e1si r\u00e1ta nagyon magas, most 26 sz\u00e1zal\u00e9kot \u00e9r el, de az idei \u00e9v v\u00e9g\u00e9re az ar\u00e1ny felmehet 28-29 sz\u00e1zal\u00e9kra &#8211; jelezte az elemz\u0151.<br \/>\n    Hozz\u00e1tette, hogy tavaly az uni\u00f3s forr\u00e1sbe\u00e1raml\u00e1ssal k\u00f6zel megegyez\u0151, 4,3 milli\u00e1rd eur\u00f3 (mintegy 1380-1400 milli\u00e1rd forint) m\u0171k\u00f6d\u0151t\u0151ke-beruh\u00e1z\u00e1sr\u00f3l sz\u00fcletett d\u00f6nt\u00e9s, amelyek szint\u00e9n a k\u00f6vetkez\u0151 \u00e9vekben val\u00f3sulnak meg. Az id\u00e9n m\u00e1r eddig a tavalyi \u00e9vi bejelent\u00e9sek majdnem h\u00e1romnegyed\u00e9r\u0151l, 1020 milli\u00e1rd forint beruh\u00e1z\u00e1sr\u00f3l d\u00f6nt\u00f6ttek.<br \/>\n    Eml\u00e9keztetett, hogy a monet\u00e1ris politika hat\u00e9konys\u00e1g\u00e1nak jav\u00edt\u00e1sa \u00e9rdek\u00e9ben a monet\u00e1ris tan\u00e1cs j\u00falius 1-j\u00e9n 300 milli\u00e1rd forintos keret\u00f6sszeggel elind\u00edtotta a v\u00e1llalati k\u00f6tv\u00e9nyv\u00e1s\u00e1rl\u00e1si programj\u00e1t. Az \u00faj monet\u00e1ris politikai eszk\u00f6zzel, a n\u00f6veked\u00e9si k\u00f6tv\u00e9nyprogrammal (nkp) a tan\u00e1cs c\u00e9lzottan k\u00edv\u00e1nja el\u0151seg\u00edteni a hazai v\u00e1llalati szektor finansz\u00edroz\u00e1s\u00e1nak diverzifik\u00e1l\u00e1s\u00e1t.<br \/>\n    A tart\u00f3san magas hazai megtakar\u00edt\u00e1si t\u00f6bblet miatt a bank elemz\u0151i nem sz\u00e1m\u00edtanak a kamatok gyors emelked\u00e9s\u00e9re &#8211; mondta Suppan Gergely.(MTI)<\/p>\n","protected":false},"excerpt":{"rendered":"<p>A Takar\u00e9kbank elemz\u0151i 4,4 sz\u00e1zal\u00e9kr\u00f3l 4,7 sz\u00e1zal\u00e9kra emelt\u00e9k az idei, valamint 3,6 sz\u00e1zal\u00e9kr\u00f3l 3,7 sz\u00e1zal\u00e9kra a j\u00f6v\u0151 \u00e9vi GDP-n\u00f6veked\u00e9sre vonatkoz\u00f3 el\u0151rejelz\u00e9s\u00fcket &#8211; mondta Suppan Gergely, a Takar\u00e9kbank vezet\u0151 elemz\u0151je cs\u00fct\u00f6rt\u00f6k\u00f6n Budapesten, sajt\u00f3t\u00e1j\u00e9koztat\u00f3n.<\/p>\n","protected":false},"author":1,"featured_media":0,"comment_status":"closed","ping_status":"open","sticky":false,"template":"","format":"standard","meta":[],"categories":[19],"tags":[],"_links":{"self":[{"href":"https:\/\/gazdasagportal.hu\/index.php\/wp-json\/wp\/v2\/posts\/117402"}],"collection":[{"href":"https:\/\/gazdasagportal.hu\/index.php\/wp-json\/wp\/v2\/posts"}],"about":[{"href":"https:\/\/gazdasagportal.hu\/index.php\/wp-json\/wp\/v2\/types\/post"}],"author":[{"embeddable":true,"href":"https:\/\/gazdasagportal.hu\/index.php\/wp-json\/wp\/v2\/users\/1"}],"replies":[{"embeddable":true,"href":"https:\/\/gazdasagportal.hu\/index.php\/wp-json\/wp\/v2\/comments?post=117402"}],"version-history":[{"count":1,"href":"https:\/\/gazdasagportal.hu\/index.php\/wp-json\/wp\/v2\/posts\/117402\/revisions"}],"predecessor-version":[{"id":117403,"href":"https:\/\/gazdasagportal.hu\/index.php\/wp-json\/wp\/v2\/posts\/117402\/revisions\/117403"}],"wp:attachment":[{"href":"https:\/\/gazdasagportal.hu\/index.php\/wp-json\/wp\/v2\/media?parent=117402"}],"wp:term":[{"taxonomy":"category","embeddable":true,"href":"https:\/\/gazdasagportal.hu\/index.php\/wp-json\/wp\/v2\/categories?post=117402"},{"taxonomy":"post_tag","embeddable":true,"href":"https:\/\/gazdasagportal.hu\/index.php\/wp-json\/wp\/v2\/tags?post=117402"}],"curies":[{"name":"wp","href":"https:\/\/api.w.org\/{rel}","templated":true}]}}