{"id":117400,"date":"2019-07-04T17:06:48","date_gmt":"2019-07-04T15:06:48","guid":{"rendered":"http:\/\/gazdasagportal.hu\/?p=117400"},"modified":"2019-07-04T16:48:08","modified_gmt":"2019-07-04T14:48:08","slug":"mnb-tovabb-merseklodtek-a-kulso-adossagmutatok","status":"publish","type":"post","link":"https:\/\/gazdasagportal.hu\/index.php\/mnb-tovabb-merseklodtek-a-kulso-adossagmutatok\/","title":{"rendered":"MNB: tov\u00e1bb m\u00e9rs\u00e9kl\u0151dtek a k\u00fcls\u0151 ad\u00f3ss\u00e1gmutat\u00f3k"},"content":{"rendered":"<p><strong>Magyarorsz\u00e1g k\u00fcls\u0151 s\u00e9r\u00fcl\u00e9kenys\u00e9g\u00e9nek \u00e9s kock\u00e1zati meg\u00edt\u00e9l\u00e9s\u00e9nek szempontj\u00e1b\u00f3l kedvez\u0151 folyamatok 2019 els\u0151 negyed\u00e9v\u00e9ben is folytat\u00f3dtak. A v\u00e1ltozatlanul jelent\u0151s m\u00e9rt\u00e9k\u0171 k\u00fcls\u0151 finansz\u00edroz\u00e1si k\u00e9pess\u00e9g mellett a gazdas\u00e1g k\u00fcls\u0151 ad\u00f3ss\u00e1gr\u00e1t\u00e1i \u00fajabb historikusan alacsony szintre cs\u00f6kkentek &#8211; k\u00f6z\u00f6lte a Magyar Nemzeti Bank (MNB) cs\u00fct\u00f6rt\u00f6k\u00f6n a honlapj\u00e1n.<\/strong><!--more--><\/p>\n<div class=\"ads-in-post1\"><div id=\"gazdasagportal.hu_fullbanner_wideboard\"><\/div>\r\n<\/div>\n<p>    A k\u00fcls\u0151 egyens\u00falyi mutat\u00f3k tov\u00e1bbra is meghaladj\u00e1k a r\u00e9gi\u00f3s orsz\u00e1gokban jellemz\u0151 szintet.<br \/>\n    Az MNB k\u00f6z\u00f6lte: 2019 els\u0151 negyed\u00e9v\u00e9ben a gazdas\u00e1g k\u00fcls\u0151 finansz\u00edroz\u00e1si k\u00e9pess\u00e9ge a GDP 2,1 sz\u00e1zal\u00e9k\u00e1t, m\u00edg a foly\u00f3 fizet\u00e9si m\u00e9rleg t\u00f6bblete a GDP 0,1 sz\u00e1zal\u00e9k\u00e1t tette ki. A k\u00fcls\u0151 egyens\u00falyi mutat\u00f3k m\u00e9rs\u00e9kl\u0151d\u00e9se a k\u00fclkereskedelmi egyenleg \u00e9s az EU-transzferek enyhe cs\u00f6kken\u00e9s\u00e9re vezethet\u0151 vissza. Az \u00e1ruegyenleg alakul\u00e1s\u00e1ban tov\u00e1bbra is meghat\u00e1roz\u00f3 az er\u0151s bels\u0151 kereslet, azonban az els\u0151 negyed\u00e9vben a kor\u00e1bban felhalmozott k\u00e9szletek felhaszn\u00e1l\u00e1sa jelent\u0151sen jav\u00edtotta a k\u00fclkereskedelmi egyenleget &#8211; \u00edrt\u00e1k. A dinamikusan b\u0151v\u00fcl\u0151 import h\u00e1tter\u00e9ben els\u0151sorban a v\u00e1llalatok \u00e9l\u00e9nk beruh\u00e1z\u00e1si aktivit\u00e1sa \u00e1ll, ami jav\u00edtja a gazdas\u00e1g hosszabb t\u00e1v\u00fa n\u00f6veked\u00e9si k\u00e9pess\u00e9g\u00e9t. A j\u00f6vedelemegyenleg hi\u00e1nya a k\u00fclf\u00f6ldre fizetett kamat cs\u00f6kken\u00e9s\u00e9vel tov\u00e1bb m\u00e9rs\u00e9kl\u0151d\u00f6tt.<br \/>\n    Az elemz\u00e9sben azt \u00edrt\u00e1k: a finansz\u00edroz\u00e1si oldal szerint az els\u0151 negyed\u00e9vben jelent\u0151s, 1,5 milli\u00e1rd eur\u00f3s nett\u00f3 k\u00fclf\u00f6ldi m\u0171k\u00f6d\u0151t\u0151ke-be\u00e1raml\u00e1s (FDI) t\u00f6rt\u00e9nt, mik\u00f6zben k\u00f6zel 1 milli\u00e1rd eur\u00f3t tett ki a nett\u00f3 k\u00fcls\u0151 ad\u00f3ss\u00e1gki\u00e1raml\u00e1s; az \u00e1llam \u00e9s a v\u00e1llalatok ad\u00f3ss\u00e1gle\u00e9p\u00edt\u00e9s\u00e9vel szemben a bankrendszer nett\u00f3 k\u00fcls\u0151 ad\u00f3ss\u00e1ga b\u0151v\u00fclt.<br \/>\n<div class=\"ads-in-post2\"><script async src=\"https:\/\/pagead2.googlesyndication.com\/pagead\/js\/adsbygoogle.js\"><\/script>\r\n<ins class=\"adsbygoogle\"\r\n     style=\"display:block\"\r\n     data-ad-format=\"fluid\"\r\n     data-ad-layout-key=\"-6t+ed+2i-1n-4w\"\r\n     data-ad-client=\"ca-pub-1959107119989764\"\r\n     data-ad-slot=\"4008251320\"><\/ins>\r\n<script>\r\n     (adsbygoogle = window.adsbygoogle || []).push({});\r\n<\/script><\/div>\n    Az MNB kiemelte: a GDP-ar\u00e1nyos nett\u00f3 k\u00fcls\u0151 ad\u00f3ss\u00e1g \u00edgy historikus m\u00e9lypontra, 8 sz\u00e1zal\u00e9k k\u00f6zel\u00e9be m\u00e9rs\u00e9kl\u0151d\u00f6tt, m\u00edg a brutt\u00f3 k\u00fcls\u0151 ad\u00f3ss\u00e1g &#8211; els\u0151sorban az \u00e1llam cs\u00f6kken\u0151 k\u00fclf\u00f6ldi r\u00e1utalts\u00e1g\u00e1nak k\u00f6sz\u00f6nhet\u0151en &#8211; a GDP 57 sz\u00e1zal\u00e9ka al\u00e1 esett. Az orsz\u00e1g r\u00f6vid k\u00fcls\u0151 ad\u00f3ss\u00e1ga 19,3 milli\u00e1rd eur\u00f3t tett ki, a devizatartal\u00e9k 27,5 milli\u00e1rd eur\u00f3s m\u00e1rciusi szintje \u00edgy tov\u00e1bbra is \u00e9rdemben meghaladja a befektet\u0151k \u00e1ltal elv\u00e1rt, biztons\u00e1gosnak tartott szintet &#8211; \u00edrt\u00e1k.<br \/>\n    A megtakar\u00edt\u00e1si folyamatokr\u00f3l azt emelt\u00e9k ki, hogy a mag\u00e1nszektor nett\u00f3 poz\u00edci\u00f3ja cs\u00f6kkent, mik\u00f6zben folytat\u00f3dott az \u00e1llam finansz\u00edroz\u00e1si ig\u00e9ny\u00e9nek m\u00e9rs\u00e9kl\u0151d\u00e9se. A v\u00e1llalatok b\u0151v\u00fcl\u0151 forr\u00e1sig\u00e9nye m\u00f6g\u00f6tt els\u0151sorban a magas beruh\u00e1z\u00e1si aktivit\u00e1s \u00e1ll. A h\u00e1ztart\u00e1sok nett\u00f3 p\u00e9nz\u00fcgyi megtakar\u00edt\u00e1s\u00e1t m\u00e9rs\u00e9kelte a lakoss\u00e1gi fogyaszt\u00e1s \u00e9l\u00e9nk\u00fcl\u00e9se, ugyanakkor a szektor finansz\u00edroz\u00e1si poz\u00edci\u00f3ja tov\u00e1bbra is jelent\u0151s maradt. A negyed\u00e9vben tov\u00e1bb b\u0151v\u00fclt a lakoss\u00e1g &#8211; els\u0151sorban hossz\u00fa lej\u00e1rat\u00fa &#8211; \u00e1llampap\u00edr \u00e1llom\u00e1nya, ami tov\u00e1bb m\u00e9rs\u00e9kelte a s\u00e9r\u00fcl\u00e9kenys\u00e9gi kock\u00e1zatokat &#8211; k\u00f6z\u00f6lte a jegybank.(MTI)<\/p>\n","protected":false},"excerpt":{"rendered":"<p>Magyarorsz\u00e1g k\u00fcls\u0151 s\u00e9r\u00fcl\u00e9kenys\u00e9g\u00e9nek \u00e9s kock\u00e1zati meg\u00edt\u00e9l\u00e9s\u00e9nek szempontj\u00e1b\u00f3l kedvez\u0151 folyamatok 2019 els\u0151 negyed\u00e9v\u00e9ben is folytat\u00f3dtak. A v\u00e1ltozatlanul jelent\u0151s m\u00e9rt\u00e9k\u0171 k\u00fcls\u0151 finansz\u00edroz\u00e1si k\u00e9pess\u00e9g mellett a gazdas\u00e1g k\u00fcls\u0151 ad\u00f3ss\u00e1gr\u00e1t\u00e1i \u00fajabb historikusan alacsony szintre cs\u00f6kkentek &#8211; k\u00f6z\u00f6lte a Magyar Nemzeti Bank (MNB) cs\u00fct\u00f6rt\u00f6k\u00f6n a honlapj\u00e1n.<\/p>\n","protected":false},"author":1,"featured_media":0,"comment_status":"closed","ping_status":"open","sticky":false,"template":"","format":"standard","meta":[],"categories":[19],"tags":[],"_links":{"self":[{"href":"https:\/\/gazdasagportal.hu\/index.php\/wp-json\/wp\/v2\/posts\/117400"}],"collection":[{"href":"https:\/\/gazdasagportal.hu\/index.php\/wp-json\/wp\/v2\/posts"}],"about":[{"href":"https:\/\/gazdasagportal.hu\/index.php\/wp-json\/wp\/v2\/types\/post"}],"author":[{"embeddable":true,"href":"https:\/\/gazdasagportal.hu\/index.php\/wp-json\/wp\/v2\/users\/1"}],"replies":[{"embeddable":true,"href":"https:\/\/gazdasagportal.hu\/index.php\/wp-json\/wp\/v2\/comments?post=117400"}],"version-history":[{"count":1,"href":"https:\/\/gazdasagportal.hu\/index.php\/wp-json\/wp\/v2\/posts\/117400\/revisions"}],"predecessor-version":[{"id":117401,"href":"https:\/\/gazdasagportal.hu\/index.php\/wp-json\/wp\/v2\/posts\/117400\/revisions\/117401"}],"wp:attachment":[{"href":"https:\/\/gazdasagportal.hu\/index.php\/wp-json\/wp\/v2\/media?parent=117400"}],"wp:term":[{"taxonomy":"category","embeddable":true,"href":"https:\/\/gazdasagportal.hu\/index.php\/wp-json\/wp\/v2\/categories?post=117400"},{"taxonomy":"post_tag","embeddable":true,"href":"https:\/\/gazdasagportal.hu\/index.php\/wp-json\/wp\/v2\/tags?post=117400"}],"curies":[{"name":"wp","href":"https:\/\/api.w.org\/{rel}","templated":true}]}}