{"id":117398,"date":"2019-07-04T15:51:07","date_gmt":"2019-07-04T13:51:07","guid":{"rendered":"http:\/\/gazdasagportal.hu\/?p=117398"},"modified":"2019-07-04T15:51:07","modified_gmt":"2019-07-04T13:51:07","slug":"szazmillios-karok-a-mezogazdasagban-az-extrem-idojaras-miatt","status":"publish","type":"post","link":"https:\/\/gazdasagportal.hu\/index.php\/szazmillios-karok-a-mezogazdasagban-az-extrem-idojaras-miatt\/","title":{"rendered":"Sz\u00e1zmilli\u00f3s k\u00e1rok a mez\u0151gazdas\u00e1gban az extr\u00e9m id\u0151j\u00e1r\u00e1s miatt"},"content":{"rendered":"<p><strong>A Groupama Biztos\u00edt\u00f3hoz az elm\u00falt heti extr\u00e9m id\u0151j\u00e1r\u00e1s miatt k\u00f6zel 200 mez\u0151gazdas\u00e1gi k\u00e1rbejelent\u00e9s \u00e9rkezett, melynek k\u00e1r\u00e9rt\u00e9ke el\u00e9rheti ak\u00e1r a k\u00e9tsz\u00e1zmilli\u00f3 forintos \u00e9rt\u00e9ket is. A j\u00fanius v\u00e9gi viharok a betakar\u00edt\u00e1s el\u0151tt \u00e1ll\u00f3 n\u00f6v\u00e9nyekben okoztak komoly k\u00e1rokat. A j\u00e9gver\u00e9s mind a repc\u00e9n\u00e9l mind a gabon\u00e1n\u00e1l jelent\u0151sen n\u00f6veli a szemperg\u00e9s vesz\u00e9ly\u00e9t.<\/strong><!--more--><\/p>\n<div class=\"ads-in-post1\"><div id=\"gazdasagportal.hu_fullbanner_wideboard\"><\/div>\r\n<\/div>\n<p>A m\u00falt h\u00e9t szerd\u00e1n \u00e9s cs\u00fct\u00f6rt\u00f6k\u00f6n tombol\u00f3 viharok nem csak a lak\u00f3ingatlanokban okoztak k\u00fcl\u00f6n\u00f6sen sok k\u00e1rt, de a mez\u0151gazdas\u00e1gi n\u00f6v\u00e9nyeket sem k\u00edm\u00e9lt\u00e9k. Els\u0151sorban \u00c9szakkelet-Magyarorsz\u00e1gon, illetve d\u00e9lnyugaton, Baranya megy\u00e9ben \u00e9rz\u00e9kelt\u00e9k a gazd\u00e1k a legnagyobb puszt\u00edt\u00e1st. A Groupama Biztos\u00edt\u00f3hoz csak az elm\u00falt napokban k\u00f6zel 200 darab mez\u0151gazdas\u00e1gi k\u00e1rbejelent\u00e9s \u00e9rkezett, melyek egy\u00fcttes k\u00e1r\u00e9rt\u00e9ke el\u00e9rheti ak\u00e1r a k\u00e9tsz\u00e1zmilli\u00f3 forintot is.<\/p>\n<p>A bejelentett k\u00e1rok mintegy fele j\u00e9gver\u00e9s miatt \u00e9rkezett a biztos\u00edt\u00f3hoz, 30 sz\u00e1zal\u00e9kot tesznek ki a vihark\u00e1rok, emellett a felh\u0151szakad\u00e1s okozott m\u00e9g jelent\u0151s gondokat a n\u00f6v\u00e9nyi kult\u00far\u00e1kban.<\/p><div id=\"gazda-3311194745\" class=\"gazda-tartalomban gazda-entity-placement\"><script async src=\"https:\/\/pagead2.googlesyndication.com\/pagead\/js\/adsbygoogle.js\"><\/script>\r\n<ins class=\"adsbygoogle\"\r\n     style=\"display:block\"\r\n     data-ad-format=\"fluid\"\r\n     data-ad-layout-key=\"-6t+ed+2i-1n-4w\"\r\n     data-ad-client=\"ca-pub-1959107119989764\"\r\n     data-ad-slot=\"4008251320\"><\/ins>\r\n<script>\r\n     (adsbygoogle = window.adsbygoogle || []).push({});\r\n<\/script><\/div>\n<p>\u201eAz, hogy ilyen r\u00f6vid id\u0151 alatt, ilyen nagys\u00e1grend\u0171 k\u00e1r keletkezett, a kor\u00e1bbi \u00e9vekben nem volt jellemz\u0151. Az is \u00fajszer\u0171 sz\u00e1munkra, hogy a j\u00e9gver\u00e9s \u00e1ltal okozott k\u00e1rok mellett, a vihark\u00e1rok ar\u00e1nya ennyire megn\u0151tt\u201d \u2013 h\u00edvta fel a figyelmet Baranyi Szabolcs, a Groupama Biztos\u00edt\u00f3 mez\u0151gazdas\u00e1gi \u00fczleti igazgat\u00f3ja.<\/p>\n<div class=\"ads-in-post2\"><script async src=\"https:\/\/pagead2.googlesyndication.com\/pagead\/js\/adsbygoogle.js\"><\/script>\r\n<ins class=\"adsbygoogle\"\r\n     style=\"display:block\"\r\n     data-ad-format=\"fluid\"\r\n     data-ad-layout-key=\"-6t+ed+2i-1n-4w\"\r\n     data-ad-client=\"ca-pub-1959107119989764\"\r\n     data-ad-slot=\"4008251320\"><\/ins>\r\n<script>\r\n     (adsbygoogle = window.adsbygoogle || []).push({});\r\n<\/script><\/div>\nAz elm\u00falt hetekben tapasztalt nagy intenzit\u00e1s\u00fa \u00e9s v\u00e1ratlan viharoknak az\u00e9rt is kiemelt a jelent\u0151s\u00e9ge, mert az orsz\u00e1g egyes r\u00e9szeiben a repce \u00e9s az \u0151szi vet\u00e9s\u0171 gabon\u00e1k m\u00e1r betakar\u00edthat\u00f3 \u00e1llapotban vannak, \u00e9s ilyenkor a n\u00f6v\u00e9nykult\u00far\u00e1k k\u00fcl\u00f6n\u00f6sen s\u00e9r\u00fcl\u00e9kenyek.<\/p>\n<p>A Groupama Biztos\u00edt\u00f3 szakemberei folyamatosan v\u00e9gzik a k\u00e1rok felm\u00e9r\u00e9s\u00e9t, mindent megtesznek a lehet\u0151 leggyorsabb k\u00e1rrendez\u00e9s \u00e9rdek\u00e9ben. A bejelentett k\u00e1rok k\u00f6z\u00fcl megk\u00fcl\u00f6nb\u00f6ztetett figyelmet ford\u00edtanak a betakar\u00edt\u00e1s el\u0151tt \u00e1ll\u00f3 n\u00f6v\u00e9nyekkel kapcsolatos k\u00e1rok rendez\u00e9s\u00e9re.<\/p>\n<p>&nbsp;<\/p>\n<p>&nbsp;<\/p>\n<p><strong>Groupama Biztos\u00edt\u00f3 Zrt.<\/strong><\/p>\n<p>A Groupama Biztos\u00edt\u00f3 k\u00f6zel 1,3 milli\u00f3 \u00fcgyfel\u00e9vel, teljes k\u00f6r\u0171 biztos\u00edt\u00e1si k\u00edn\u00e1lat\u00e1val a hazai biztos\u00edt\u00e1si piac egyik legjelent\u0151sebb szerepl\u0151je. 130 saj\u00e1t \u00fcgyf\u00e9lszolg\u00e1lati irod\u00e1j\u00e1n \u00e9s 1000 f\u0151s tan\u00e1csad\u00f3i h\u00e1l\u00f3zat\u00e1n k\u00edv\u00fcl online, a GroupamaDirekten, az OTP Bank 360 fi\u00f3kj\u00e1ban, valamint 400 alkuszpartner\u00e9n kereszt\u00fcl teszi el\u00e9rhet\u0151v\u00e9 szolg\u00e1ltat\u00e1sait.<\/p>\n","protected":false},"excerpt":{"rendered":"<p>A Groupama Biztos\u00edt\u00f3hoz az elm\u00falt heti extr\u00e9m id\u0151j\u00e1r\u00e1s miatt k\u00f6zel 200 mez\u0151gazdas\u00e1gi k\u00e1rbejelent\u00e9s \u00e9rkezett, melynek k\u00e1r\u00e9rt\u00e9ke el\u00e9rheti ak\u00e1r a k\u00e9tsz\u00e1zmilli\u00f3 forintos \u00e9rt\u00e9ket is. A j\u00fanius v\u00e9gi viharok a betakar\u00edt\u00e1s el\u0151tt \u00e1ll\u00f3 n\u00f6v\u00e9nyekben okoztak komoly k\u00e1rokat. A j\u00e9gver\u00e9s mind a repc\u00e9n\u00e9l mind a gabon\u00e1n\u00e1l jelent\u0151sen n\u00f6veli a szemperg\u00e9s vesz\u00e9ly\u00e9t.<\/p>\n","protected":false},"author":1,"featured_media":0,"comment_status":"closed","ping_status":"open","sticky":false,"template":"","format":"standard","meta":[],"categories":[19],"tags":[],"_links":{"self":[{"href":"https:\/\/gazdasagportal.hu\/index.php\/wp-json\/wp\/v2\/posts\/117398"}],"collection":[{"href":"https:\/\/gazdasagportal.hu\/index.php\/wp-json\/wp\/v2\/posts"}],"about":[{"href":"https:\/\/gazdasagportal.hu\/index.php\/wp-json\/wp\/v2\/types\/post"}],"author":[{"embeddable":true,"href":"https:\/\/gazdasagportal.hu\/index.php\/wp-json\/wp\/v2\/users\/1"}],"replies":[{"embeddable":true,"href":"https:\/\/gazdasagportal.hu\/index.php\/wp-json\/wp\/v2\/comments?post=117398"}],"version-history":[{"count":1,"href":"https:\/\/gazdasagportal.hu\/index.php\/wp-json\/wp\/v2\/posts\/117398\/revisions"}],"predecessor-version":[{"id":117399,"href":"https:\/\/gazdasagportal.hu\/index.php\/wp-json\/wp\/v2\/posts\/117398\/revisions\/117399"}],"wp:attachment":[{"href":"https:\/\/gazdasagportal.hu\/index.php\/wp-json\/wp\/v2\/media?parent=117398"}],"wp:term":[{"taxonomy":"category","embeddable":true,"href":"https:\/\/gazdasagportal.hu\/index.php\/wp-json\/wp\/v2\/categories?post=117398"},{"taxonomy":"post_tag","embeddable":true,"href":"https:\/\/gazdasagportal.hu\/index.php\/wp-json\/wp\/v2\/tags?post=117398"}],"curies":[{"name":"wp","href":"https:\/\/api.w.org\/{rel}","templated":true}]}}