{"id":117390,"date":"2019-07-04T12:16:21","date_gmt":"2019-07-04T10:16:21","guid":{"rendered":"http:\/\/gazdasagportal.hu\/?p=117390"},"modified":"2019-07-04T12:16:21","modified_gmt":"2019-07-04T10:16:21","slug":"elemzok-elmaradt-a-varttol-a-kiskereskedelem-majusi-bovulese","status":"publish","type":"post","link":"https:\/\/gazdasagportal.hu\/index.php\/elemzok-elmaradt-a-varttol-a-kiskereskedelem-majusi-bovulese\/","title":{"rendered":"Elemz\u0151k: elmaradt a v\u00e1rtt\u00f3l a kiskereskedelem m\u00e1jusi b\u0151v\u00fcl\u00e9se"},"content":{"rendered":"<p><strong>Meglepte az elemz\u0151ket a kiskereskedelmi forgalom v\u00e1rtn\u00e1l alacsonyabb \u00fctem\u0171 m\u00e1jusi b\u0151v\u00fcl\u00e9se, t\u00f6bbs\u00e9g\u00fck arra sz\u00e1m\u00edt, hogy az \u00e9v m\u00e1sodik fel\u00e9ben tov\u00e1bb lassul a forgalom az \u00e9v els\u0151 h\u00f3napjaiban l\u00e1totthoz k\u00e9pest. <\/strong><!--more--><\/p>\n<div class=\"ads-in-post1\"><div id=\"gazdasagportal.hu_fullbanner_wideboard\"><\/div>\r\n<\/div>\n<p>    A K\u00f6zponti Statisztikai Hivatal cs\u00fct\u00f6rt\u00f6k\u00f6n k\u00f6zz\u00e9tett adatai szerint m\u00e1jusban a kiskereskedelmi \u00fczletek forgalma a nyers adat szerint 3,0 sz\u00e1zal\u00e9kkal, a napt\u00e1rhat\u00e1st\u00f3l megtiszt\u00edtva 2,6 sz\u00e1zal\u00e9kkal haladta meg az egy \u00e9vvel kor\u00e1bbit. 2019 els\u0151 \u00f6t h\u00f3napj\u00e1ban a forgalom a napt\u00e1rhat\u00e1st\u00f3l megtiszt\u00edtott adatok szerint 5,8 sz\u00e1zal\u00e9kkal b\u0151v\u00fclt.<br \/>\n    Meglepet\u00e9snek sz\u00e1m\u00edt az er\u0151teljes lassul\u00e1s &#8211; \u00e9rt\u00e9kelte az adatot N\u00e9meth D\u00e1vid, a K&#038;H Bank vezet\u0151 makrogazdas\u00e1gi elemz\u0151je az MTI-hez eljuttatott komment\u00e1rj\u00e1ban. Hozz\u00e1tette: egyel\u0151re k\u00e9rd\u00e9s, hogy egyszeri megtorpan\u00e1sr\u00f3l van-e sz\u00f3. A szektor teljes\u00edtm\u00e9ny\u00e9r\u0151l pontosabb k\u00e9pet ad\u00f3 napt\u00e1rhat\u00e1ssal tiszt\u00edtott adatok szerint m\u00e1jusban a n\u00f6veked\u00e9s mind\u00f6ssze 2,6 sz\u00e1zal\u00e9kot tett ki, ez j\u00f3csk\u00e1n elmarad az el\u0151z\u0151 h\u00f3napokban l\u00e1tott 5,4-8,4 sz\u00e1zal\u00e9kos emelked\u00e9st\u0151l \u00e9s az els\u0151 \u00f6t h\u00f3napra vonatkoz\u00f3 5,8 sz\u00e1zal\u00e9kos t\u00f6bblett\u0151l &#8211; fejtette ki. Kiemelte, hogy m\u00e1jusban szinte minden kiskereskedelmi al\u00e1gazat gyeng\u00e9n szerepelt a napt\u00e1rhat\u00e1st\u00f3l tiszt\u00edtott adatok szerint, kiv\u00e9ve az internetes \u00e9s csomagk\u00fcld\u0151 forgalmat, amely 38 sz\u00e1zal\u00e9kkal n\u0151tt.<br \/>\n<div class=\"ads-in-post2\"><script async src=\"https:\/\/pagead2.googlesyndication.com\/pagead\/js\/adsbygoogle.js\"><\/script>\r\n<ins class=\"adsbygoogle\"\r\n     style=\"display:block\"\r\n     data-ad-format=\"fluid\"\r\n     data-ad-layout-key=\"-6t+ed+2i-1n-4w\"\r\n     data-ad-client=\"ca-pub-1959107119989764\"\r\n     data-ad-slot=\"4008251320\"><\/ins>\r\n<script>\r\n     (adsbygoogle = window.adsbygoogle || []).push({});\r\n<\/script><\/div>\n    A mostani kil\u00e1t\u00e1sok szerint az \u00e9v m\u00e1sodik fel\u00e9ben lassabban n\u00f6vekedhet a kiskereskedelem, mint az \u00e9v els\u0151 n\u00e9gy h\u00f3napj\u00e1ban, \u00f6sszess\u00e9g\u00e9ben pedig az id\u00e9n 5-5,5 sz\u00e1zal\u00e9kos lehet b\u0151v\u00fcl\u00e9s a K&#038;H Bank el\u0151rejelz\u00e9se szerint.<br \/>\n    Varga Zsombor, az Erste Bank junior makrogazdas\u00e1gi elemz\u0151je szerint els\u0151sorban az \u00fczemanyag-forgalom visszaes\u00e9se okozhatta a lassul\u00e1st, de az \u00e9lelmiszer-kiskereskedelem is visszaesett. A m\u00e1jusi lassul\u00e1sban nemzetk\u00f6zi folyamatok is szerepet j\u00e1tszhattak, ugyanis a rom\u00e1n \u00e9s szlov\u00e1k kiskereskedelmi forgalom is esett, \u00edgy a glob\u00e1lis lassul\u00e1s m\u00e1r a r\u00e9gi\u00f3s folyamatokban is jelentkezhetett &#8211; jegyezte meg. Megl\u00e1t\u00e1sa szerint azonban a nagym\u00e9rt\u00e9k\u0171 visszaes\u00e9s nem jelent tart\u00f3s trendt\u00f6r\u00e9st, a bels\u0151 kereslet a GDP-n\u00f6veked\u00e9s hajt\u00f3ereje maradhat a tov\u00e1bbiakban is, a stabil b\u00e9rn\u00f6veked\u00e9s, a feszes munkapiac \u00e9s az er\u0151teljes hitelki\u00e1raml\u00e1s nem utal a bels\u0151 n\u00f6veked\u00e9si motorok jelent\u0151s lassul\u00e1s\u00e1ra.<br \/>\n    Suppan Gergely, a Takar\u00e9kbank elemz\u0151je \u00fagy v\u00e9li, a v\u00e1rtn\u00e1l alacsonyabb m\u00e1jusi forgalomb\u0151v\u00fcl\u00e9s ellen\u00e9re folytat\u00f3dhat id\u00e9n a kiskereskedelmi forgalom dinamikus n\u00f6veked\u00e9se, azonban ennek m\u00e9rt\u00e9ke 5,5 sz\u00e1zal\u00e9kra lassulhat a tavalyi 6,5 sz\u00e1zal\u00e9k ut\u00e1n.<br \/>\n    A kiskereskedelemnek tov\u00e1bbi l\u00f6k\u00e9st adhat az \u00faj lak\u00e1sok id\u00e9n \u00e9s j\u00f6v\u0151re v\u00e1rhat\u00f3 \u00e1tad\u00e1si hull\u00e1ma, valamint a csal\u00e1dv\u00e9delmi akci\u00f3terv is. A h\u00e1ztart\u00e1sok ugyanakkor nem csup\u00e1n a kiskereskedelemben n\u00f6velik fogyaszt\u00e1sukat, \u00edgy a vend\u00e9gl\u00e1t\u00e1s, belf\u00f6ldi turizmus, szabadid\u0151, sz\u00f3rakoz\u00e1s, valamint egy\u00e9b szolg\u00e1ltat\u00e1sok ter\u00fclet\u00e9n is jelent\u0151s n\u00f6veked\u00e9sre lehet sz\u00e1m\u00edtani. Az \u00fajaut\u00f3-regisztr\u00e1ci\u00f3k pedig az els\u0151 hat h\u00f3napban 5,4 sz\u00e1zal\u00e9kkal emelkedtek. A minden \u00e1gazatban jelentkez\u0151 munkaer\u0151hi\u00e1ny miatt a b\u00e9rek n\u00f6veked\u00e9si \u00fcteme meghaladhatja a v\u00e1rakoz\u00e1sokat, ami a fogyaszt\u00e1s, valamint a kiskereskedelmi forgalom m\u00e9g gyorsabb n\u00f6veked\u00e9s\u00e9t eredm\u00e9nyezheti &#8211; fejtette ki.<br \/>\n    Virov\u00e1cz P\u00e9ter, az ING senior elemz\u0151je azt \u00edrta: hatalmas negat\u00edv meglepet\u00e9st okozott a kiskereskedelmi \u00fczletek forgalm\u00e1nak m\u00e1jusi volumene, a 2,6 sz\u00e1zal\u00e9kos (napt\u00e1rhat\u00e1st\u00f3l megtiszt\u00edtott) \u00e9v\/\u00e9v n\u00f6veked\u00e9si adat 2017 febru\u00e1rja \u00f3ta a leggyeng\u00e9bb. A m\u00e1jusi adat er\u0151sen k\u00e9ts\u00e9gess\u00e9 teszi az idei \u00e9v elej\u00e9n l\u00e1tott dinamikus n\u00f6veked\u00e9s fenntarthat\u00f3s\u00e1g\u00e1t, mik\u00f6zben beleillik a 2018 eleje \u00f3ta tapasztalt lassul\u00f3 trendvonalba. Azt, hogy egy \u00e1ltal\u00e1nos lassul\u00e1sr\u00f3l van sz\u00f3 \u00e9s nem csup\u00e1n egyedi hat\u00e1sr\u00f3l, az is al\u00e1t\u00e1masztja, hogy minden f\u0151bb kiskereskedelmi szegmensben jelent\u0151sen m\u00e9rs\u00e9kl\u0151d\u00f6tt a n\u00f6veked\u00e9s \u00fcteme &#8211; v\u00e9lekedett. Megjegyezte azt is, lehet, hogy m\u00e1r az \u00faj lakoss\u00e1gi \u00e1llampap\u00edr megtakar\u00edt\u00e1sra gyakorolt pozit\u00edv (\u00e9s a fogyaszt\u00e1sra gyakorolt negat\u00edv) hat\u00e1s\u00e1t l\u00e1tjuk. Ennek meg\u00edt\u00e9l\u00e9s\u00e9hez azonban tov\u00e1bbi adatok sz\u00fcks\u00e9gesek &#8211; tette hozz\u00e1.<br \/>\n    Reg\u0151s G\u00e1bor, a Sz\u00e1zadv\u00e9g Gazdas\u00e1gkutat\u00f3 Zrt. makrogazdas\u00e1gi \u00fczlet\u00e1gvezet\u0151je \u00fagy v\u00e9li, egy havi adatb\u00f3l nem lehet meg\u00e1llap\u00edtani, hogy a lassabb n\u00f6veked\u00e9s \u00e1tmeneti vagy tart\u00f3s lesz, ugyanakkor a b\u00e9rek n\u00f6veked\u00e9se nem indokolja a n\u00f6veked\u00e9s lassul\u00e1s\u00e1t. A kisebb m\u00e9rt\u00e9k\u0171 b\u0151v\u00fcl\u00e9shez hozz\u00e1j\u00e1rulhatott az er\u0151teljesebb, 4 sz\u00e1zal\u00e9kot alulr\u00f3l s\u00farol\u00f3 m\u00e1jusi infl\u00e1ci\u00f3. Tekintettel azonban arra, hogy az \u00e9v m\u00e1sodik fel\u00e9ben az infl\u00e1ci\u00f3 a 3 \u00e9s 4 sz\u00e1zal\u00e9k k\u00f6z\u00f6tti s\u00e1vban normaliz\u00e1l\u00f3dhat, a b\u00e9remelked\u00e9s pedig \u00e9ves \u00e1tlagban k\u00e9tsz\u00e1mjegy\u0171 lehet, az \u00e9v eg\u00e9sz\u00e9ben a fogyaszt\u00e1s \u00e9rdemben hozz\u00e1j\u00e1rulhat a gazdas\u00e1gi n\u00f6veked\u00e9shez &#8211; \u00edrta az elemz\u0151.(MTI)<\/p>\n","protected":false},"excerpt":{"rendered":"<p>Meglepte az elemz\u0151ket a kiskereskedelmi forgalom v\u00e1rtn\u00e1l alacsonyabb \u00fctem\u0171 m\u00e1jusi b\u0151v\u00fcl\u00e9se, t\u00f6bbs\u00e9g\u00fck arra sz\u00e1m\u00edt, hogy az \u00e9v m\u00e1sodik fel\u00e9ben tov\u00e1bb lassul a forgalom az \u00e9v els\u0151 h\u00f3napjaiban l\u00e1totthoz k\u00e9pest.<\/p>\n","protected":false},"author":1,"featured_media":0,"comment_status":"closed","ping_status":"open","sticky":false,"template":"","format":"standard","meta":[],"categories":[19],"tags":[],"_links":{"self":[{"href":"https:\/\/gazdasagportal.hu\/index.php\/wp-json\/wp\/v2\/posts\/117390"}],"collection":[{"href":"https:\/\/gazdasagportal.hu\/index.php\/wp-json\/wp\/v2\/posts"}],"about":[{"href":"https:\/\/gazdasagportal.hu\/index.php\/wp-json\/wp\/v2\/types\/post"}],"author":[{"embeddable":true,"href":"https:\/\/gazdasagportal.hu\/index.php\/wp-json\/wp\/v2\/users\/1"}],"replies":[{"embeddable":true,"href":"https:\/\/gazdasagportal.hu\/index.php\/wp-json\/wp\/v2\/comments?post=117390"}],"version-history":[{"count":1,"href":"https:\/\/gazdasagportal.hu\/index.php\/wp-json\/wp\/v2\/posts\/117390\/revisions"}],"predecessor-version":[{"id":117391,"href":"https:\/\/gazdasagportal.hu\/index.php\/wp-json\/wp\/v2\/posts\/117390\/revisions\/117391"}],"wp:attachment":[{"href":"https:\/\/gazdasagportal.hu\/index.php\/wp-json\/wp\/v2\/media?parent=117390"}],"wp:term":[{"taxonomy":"category","embeddable":true,"href":"https:\/\/gazdasagportal.hu\/index.php\/wp-json\/wp\/v2\/categories?post=117390"},{"taxonomy":"post_tag","embeddable":true,"href":"https:\/\/gazdasagportal.hu\/index.php\/wp-json\/wp\/v2\/tags?post=117390"}],"curies":[{"name":"wp","href":"https:\/\/api.w.org\/{rel}","templated":true}]}}