{"id":117388,"date":"2019-07-04T11:43:36","date_gmt":"2019-07-04T09:43:36","guid":{"rendered":"http:\/\/gazdasagportal.hu\/?p=117388"},"modified":"2019-07-04T11:43:36","modified_gmt":"2019-07-04T09:43:36","slug":"orban-viktor-az-audi-igazgatotanacsanak-elnokevel-targyalt","status":"publish","type":"post","link":"https:\/\/gazdasagportal.hu\/index.php\/orban-viktor-az-audi-igazgatotanacsanak-elnokevel-targyalt\/","title":{"rendered":"Orb\u00e1n Viktor az Audi igazgat\u00f3tan\u00e1cs\u00e1nak eln\u00f6k\u00e9vel t\u00e1rgyalt"},"content":{"rendered":"<p><strong>Az Audi Hungaria eredm\u00e9nyeir\u0151l \u00e9s terveir\u0151l t\u00e1rgyalt Orb\u00e1n Viktor minisztereln\u00f6k \u00e9s Bram Schot, az Audi AG igazgat\u00f3tan\u00e1cs\u00e1nak eln\u00f6ke cs\u00fct\u00f6rt\u00f6k\u00f6n Budapesten, a Karmelita kolostorban &#8211; t\u00e1j\u00e9koztatta az MTI-t Havasi Bertalan, a minisztereln\u00f6k sajt\u00f3f\u0151n\u00f6ke cs\u00fct\u00f6rt\u00f6k\u00f6n.<\/strong><!--more--><\/p>\n<div class=\"ads-in-post1\"><div id=\"gazdasagportal.hu_fullbanner_wideboard\"><\/div>\r\n<\/div>\n<p>    A megbesz\u00e9l\u00e9sen Palkovics L\u00e1szl\u00f3 innov\u00e1ci\u00f3s \u00e9s technol\u00f3giai miniszter, Borkai Zsolt, Gy\u0151r polg\u00e1rmestere, \u00c9sik R\u00f3bert, a Nemzeti Befektet\u00e9si \u00dcgyn\u00f6ks\u00e9g (HIPA) eln\u00f6ke, valamint Peter K\u00f6ssler, az Audi AG igazgat\u00f3tan\u00e1cs\u00e1nak termel\u00e9s\u00e9rt felel\u0151s tagja \u00e9s Achim Heinfling, az Audi Hungaria Zrt. igazgat\u00f3s\u00e1g\u00e1nak eln\u00f6ke is r\u00e9szt vett.<br \/>\n<div class=\"ads-in-post2\"><script async src=\"https:\/\/pagead2.googlesyndication.com\/pagead\/js\/adsbygoogle.js\"><\/script>\r\n<ins class=\"adsbygoogle\"\r\n     style=\"display:block\"\r\n     data-ad-format=\"fluid\"\r\n     data-ad-layout-key=\"-6t+ed+2i-1n-4w\"\r\n     data-ad-client=\"ca-pub-1959107119989764\"\r\n     data-ad-slot=\"4008251320\"><\/ins>\r\n<script>\r\n     (adsbygoogle = window.adsbygoogle || []).push({});\r\n<\/script><\/div>\n    Bram Schot a kinevez\u00e9se \u00f3ta most t\u00e1rgyalt el\u0151sz\u00f6r a magyar korm\u00e1ny k\u00e9pvisel\u0151ivel. A szem\u00e9lyes bemutatkoz\u00e1s ut\u00e1n ismertette Orb\u00e1n Viktorral az Audi Hungaria eredm\u00e9nyeit. A megbesz\u00e9l\u00e9sen sz\u00f3ba ker\u00fcltek Magyarorsz\u00e1g mint beruh\u00e1z\u00e1si c\u00e9lpont versenyk\u00e9pess\u00e9g\u00e9nek a c\u00e9g sz\u00e1m\u00e1ra fontos szempontjai is &#8211; k\u00f6z\u00f6lte a sajt\u00f3f\u0151n\u00f6k.(MTI)<\/p>\n","protected":false},"excerpt":{"rendered":"<p>Az Audi Hungaria eredm\u00e9nyeir\u0151l \u00e9s terveir\u0151l t\u00e1rgyalt Orb\u00e1n Viktor minisztereln\u00f6k \u00e9s Bram Schot, az Audi AG igazgat\u00f3tan\u00e1cs\u00e1nak eln\u00f6ke cs\u00fct\u00f6rt\u00f6k\u00f6n Budapesten, a Karmelita kolostorban &#8211; t\u00e1j\u00e9koztatta az MTI-t Havasi Bertalan, a minisztereln\u00f6k sajt\u00f3f\u0151n\u00f6ke cs\u00fct\u00f6rt\u00f6k\u00f6n.<\/p>\n","protected":false},"author":1,"featured_media":0,"comment_status":"closed","ping_status":"open","sticky":false,"template":"","format":"standard","meta":[],"categories":[19],"tags":[],"_links":{"self":[{"href":"https:\/\/gazdasagportal.hu\/index.php\/wp-json\/wp\/v2\/posts\/117388"}],"collection":[{"href":"https:\/\/gazdasagportal.hu\/index.php\/wp-json\/wp\/v2\/posts"}],"about":[{"href":"https:\/\/gazdasagportal.hu\/index.php\/wp-json\/wp\/v2\/types\/post"}],"author":[{"embeddable":true,"href":"https:\/\/gazdasagportal.hu\/index.php\/wp-json\/wp\/v2\/users\/1"}],"replies":[{"embeddable":true,"href":"https:\/\/gazdasagportal.hu\/index.php\/wp-json\/wp\/v2\/comments?post=117388"}],"version-history":[{"count":1,"href":"https:\/\/gazdasagportal.hu\/index.php\/wp-json\/wp\/v2\/posts\/117388\/revisions"}],"predecessor-version":[{"id":117389,"href":"https:\/\/gazdasagportal.hu\/index.php\/wp-json\/wp\/v2\/posts\/117388\/revisions\/117389"}],"wp:attachment":[{"href":"https:\/\/gazdasagportal.hu\/index.php\/wp-json\/wp\/v2\/media?parent=117388"}],"wp:term":[{"taxonomy":"category","embeddable":true,"href":"https:\/\/gazdasagportal.hu\/index.php\/wp-json\/wp\/v2\/categories?post=117388"},{"taxonomy":"post_tag","embeddable":true,"href":"https:\/\/gazdasagportal.hu\/index.php\/wp-json\/wp\/v2\/tags?post=117388"}],"curies":[{"name":"wp","href":"https:\/\/api.w.org\/{rel}","templated":true}]}}