{"id":117370,"date":"2019-07-03T15:15:24","date_gmt":"2019-07-03T13:15:24","guid":{"rendered":"http:\/\/gazdasagportal.hu\/?p=117370"},"modified":"2019-07-03T15:05:03","modified_gmt":"2019-07-03T13:05:03","slug":"mikozben-magyarorszagon-az-autoipar-kiemelkedo-elso-negyedevet-zart-a-globalis-piac-lassul-2019-ben","status":"publish","type":"post","link":"https:\/\/gazdasagportal.hu\/index.php\/mikozben-magyarorszagon-az-autoipar-kiemelkedo-elso-negyedevet-zart-a-globalis-piac-lassul-2019-ben\/","title":{"rendered":"Mik\u00f6zben Magyarorsz\u00e1gon az aut\u00f3ipar kiemelked\u0151 els\u0151 negyed\u00e9vet z\u00e1rt, a glob\u00e1lis piac lassul 2019-ben"},"content":{"rendered":"<p><strong>A glob\u00e1lis g\u00e9pj\u00e1rm\u0171piac n\u00f6veked\u00e9se lelassul 2019-ben az Euler Hermes Hitelbiztos\u00edt\u00f3 legfrissebb ipar\u00e1gi el\u0151rejelz\u00e9se szerint. A 2018-as 3 sz\u00e1zal\u00e9kos n\u00f6veked\u00e9st k\u00f6vet\u0151en a szektor b\u0151v\u00fcl\u00e9se 1,9 sz\u00e1zal\u00e9kra eshet vissza 2019-ben. A gy\u00e1rt\u00f3k \u00e9s besz\u00e1ll\u00edt\u00f3ik sz\u00e1m\u00e1ra a legjelent\u0151sebb bizonytalans\u00e1got a technol\u00f3giai v\u00e1ltoz\u00e1sok, az elektromos j\u00e1rm\u0171vekre val\u00f3 \u00e1t\u00e1ll\u00e1s, az Egyes\u00fclt \u00c1llamok protekcionizmusa \u00e9s a kereskedelmi h\u00e1bor\u00fa alakul\u00e1s\u00e1nak hat\u00e1sa jelentik. Ezzel szemben Magyarorsz\u00e1g els\u0151 negyed\u00e9ves adatai meglep\u0151en j\u00f3k, \u00e1m az egyre s\u00falyosbod\u00f3 munkaer\u0151hi\u00e1ny miatt v\u00e1rhat\u00f3an a magyar aut\u00f3ipar is k\u00f6vetni fogja a lassul\u00f3 trendet &#8211; figyelmeztetnek az Euler Hermes szak\u00e9rt\u0151i. <\/strong><!--more--><\/p>\n<div class=\"ads-in-post1\"><div id=\"gazdasagportal.hu_fullbanner_wideboard\"><\/div>\r\n<\/div>\n<p>&nbsp;<\/p>\n<p>Az elm\u00falt nyolc \u00e9vben a glob\u00e1lis aut\u00f3ipar kil\u00e1balt a kor\u00e1bbi v\u00e1ls\u00e1gb\u00f3l, az \u00e1gazatot szer\u00e9ny, de eg\u00e9szs\u00e9ges n\u00f6veked\u00e9s jellemezte. Ugyanakkor figyelembe v\u00e9ve a jelenlegi glob\u00e1lis gazdas\u00e1gi trendeket, 2019-ben lassul\u00f3 n\u00f6veked\u00e9sre, 1,9 sz\u00e1zal\u00e9kos b\u0151v\u00fcl\u00e9sre sz\u00e1m\u00edthat az ipar\u00e1g az Euler Hermes Hitelbiztos\u00edt\u00f3 legfrissebb \u00e1gazati elemz\u00e9se szerint, amelyben a szektor k\u00f6z\u00e9pt\u00e1v\u00fa kil\u00e1t\u00e1sait, illetve lehets\u00e9ges kock\u00e1zatait vizsg\u00e1lta. Az adatok elemz\u00e9s\u00e9b\u0151l kider\u00fcl: a glob\u00e1lis g\u00e9pj\u00e1rm\u0171piac n\u00f6veked\u00e9s\u00e9hez legink\u00e1bb az \u00e1zsiai orsz\u00e1gok j\u00e1rulnak hozz\u00e1. K\u00edna az \u00e9rt\u00e9kes\u00edt\u00e9sek enyhe visszaes\u00e9s\u00e9nek ellen\u00e9re is folyamatosan n\u00f6vekszik. Jelenleg a vil\u00e1g legnagyobb aut\u00f3piacak\u00e9nt az \u00faj elad\u00e1sok 29%-a K\u00edn\u00e1ban t\u00f6rt\u00e9nik, m\u00e1sodik helyen USA, harmadik helyen Jap\u00e1n, negyedik helyen a tov\u00e1bbra is dinamikusan n\u00f6vekv\u0151 indiai piac \u00e1ll, N\u00e9metorsz\u00e1g pedig az \u00f6t\u00f6dik helyen szerepel az \u00e9rt\u00e9kes\u00edt\u00e9si vil\u00e1granglist\u00e1n.<\/p><div id=\"gazda-2079019217\" class=\"gazda-tartalomban gazda-entity-placement\"><script async src=\"https:\/\/pagead2.googlesyndication.com\/pagead\/js\/adsbygoogle.js\"><\/script>\r\n<ins class=\"adsbygoogle\"\r\n     style=\"display:block\"\r\n     data-ad-format=\"fluid\"\r\n     data-ad-layout-key=\"-6t+ed+2i-1n-4w\"\r\n     data-ad-client=\"ca-pub-1959107119989764\"\r\n     data-ad-slot=\"4008251320\"><\/ins>\r\n<script>\r\n     (adsbygoogle = window.adsbygoogle || []).push({});\r\n<\/script><\/div>\n<p><strong>\u00a0<\/strong><\/p>\n<p><strong>A j\u00f6v\u0151 m\u00e9g nem f\u00e9nyes, de biztosan z\u00f6ld <\/strong><\/p>\n<p>T\u00e9nyk\u00e9nt kezelhet\u0151, hogy a\u00a0 d\u00edzelnek a jelenleg \u00e9rv\u00e9nyben lev\u0151 k\u00f6rnyezetv\u00e9delmi el\u0151\u00edr\u00e1sok\u00a0 miatt egyre korl\u00e1tozottabb a j\u00f6v\u0151k\u00e9pe. 2019 \u00e1prilis\u00e1ban d\u00f6nt\u00f6tt az Eur\u00f3pai Parlament miszerint 2030-ra a 2021-es \u00e9vi szinthez m\u00e9rten 37,5 sz\u00e1zal\u00e9kkal kell cs\u00f6kkenteni az \u00faj g\u00e9pkocsik sz\u00e9ndioxid kibocs\u00e1jt\u00e1s\u00e1t. Az aut\u00f3gy\u00e1rt\u00f3k \u00e9s besz\u00e1ll\u00edt\u00f3k \u00faj technol\u00f3giai trendjein\u00e9l ez a norma egy\u00e9rtelm\u0171en meghat\u00e1roz\u00f3 lesz. Emellett a c\u00e9gek gazd\u00e1lkod\u00e1s\u00e1t is szigor\u00faan \u00e9rinteni fogja ez a v\u00e1ltoz\u00e1s, hiszen el\u0151zetes felm\u00e9r\u00e9sek szerint az el\u0151\u00e1ll\u00edt\u00e1si k\u00f6lts\u00e9gek kb. 7 sz\u00e1zal\u00e9kkal fognak n\u0151ni \u2013 ami m\u00e9g az aut\u00f3iparban is komoly profitmarzs-vesztes\u00e9ggel j\u00e1rhat. Az extra k\u00f6lts\u00e9gek a fogyaszt\u00e1si oldalon is meg fognak jelenni \u00e9s egy\u00e9rtelm\u0171en m\u00e9rs\u00e9keltebb j\u00e1rm\u0171elad\u00e1st fog eredm\u00e9nyezni. Becsl\u00e9sek szerint 2020-ig 9 sz\u00e1zal\u00e9kos, 2025-ig pedig 18 sz\u00e1zal\u00e9kos visszaes\u00e9s v\u00e1rhat\u00f3 Eur\u00f3p\u00e1ban. Ezzel p\u00e1rhuzamosan 2020-ig 2,6 sz\u00e1zal\u00e9kos \u00e1remelked\u00e9st prognesztiz\u00e1lnak az Euler Hermes elemz\u0151i.<\/p>\n<p>&nbsp;<\/p>\n<p>&nbsp;<\/p>\n<p>Ami a z\u00f6ld szeml\u00e9let egyre meghat\u00e1roz\u00f3bb\u00e1 v\u00e1l\u00e1s\u00e1t illeti, az Euler Hermes elemz\u0151i kimelt\u00e9k, hogy az elektromos aut\u00f3k tekintet\u00e9ben k\u00f6rnyezetv\u00e9delmi szempontb\u00f3l az akkumul\u00e1tor okozza a legt\u00f6bb fejt\u00f6r\u00e9st, hiszen mind az akumul\u00e1tor el\u0151\u00e1ll\u00edt\u00e1sa, mind a haszn\u00e1lt akkumul\u00e1torok elhelyez\u00e9se komoly k\u00f6rnyezeti probl\u00e9m\u00e1t jelent. A j\u00f6v\u0151ben az elektromos t\u00f6lt\u00e9s minden\u00fctt fizet\u0151ss\u00e9 v\u00e1lik (a folyamat m\u00e1r Magyarorsz\u00e1gon is elkezd\u0151d\u00f6tt). A vil\u00e1gpiacon egyre t\u00f6bb sz\u00f3 esik a hidrog\u00e9nhajt\u00e1sr\u00f3l &#8211; h\u00edvj\u00e1k fel a figyelmet az elemz\u0151k. Ennek terrjed\u00e9s\u00e9t els\u0151sorban az akad\u00e1lyozza, hogy a hidrog\u00e9n sz\u00e1ll\u00edt\u00e1sa m\u00e9g nem megoldott. De a m\u0171anyag-probl\u00e9ma is egyre jelent\u0151sebb\u00e9 v\u00e1lhat, hiszen az ac\u00e9lipar volatilit\u00e1sa az aut\u00f3ipari besz\u00e1ll\u00edt\u00f3k k\u00f6r\u00e9ben a felhaszn\u00e1lt m\u0171anyag alkatr\u00e9szek mennyis\u00e9gi n\u00f6veked\u00e9s\u00e9hez vezethet.<\/p>\n<div class=\"ads-in-post2\"><script async src=\"https:\/\/pagead2.googlesyndication.com\/pagead\/js\/adsbygoogle.js\"><\/script>\r\n<ins class=\"adsbygoogle\"\r\n     style=\"display:block\"\r\n     data-ad-format=\"fluid\"\r\n     data-ad-layout-key=\"-6t+ed+2i-1n-4w\"\r\n     data-ad-client=\"ca-pub-1959107119989764\"\r\n     data-ad-slot=\"4008251320\"><\/ins>\r\n<script>\r\n     (adsbygoogle = window.adsbygoogle || []).push({});\r\n<\/script><\/div>\n<strong>\u00a0<\/strong><\/p>\n<p><strong>Eur\u00f3pai kil\u00e1t\u00e1sok \u2013 R\u00f6vid t\u00e1von lass\u00fa, de stabil n\u00f6veked\u00e9s <\/strong><\/p>\n<p>B\u00e1r N\u00e9metorsz\u00e1g a 2009-es rekordn\u00f6veked\u00e9st a 2018-as 3 sz\u00e1zal\u00e9kos b\u0151v\u00fcl\u00e9ssel sem tudta t\u00falsz\u00e1rnyalni, tov\u00e1bbra is Eur\u00f3pa legnagyobb aut\u00f3piac\u00e1nak sz\u00e1m\u00edt. Ugyanakkor 2019-ben legfeljebb 1 sz\u00e1zal\u00e9kos tov\u00e1bbi n\u00f6veked\u00e9st prognosztiz\u00e1lnak az Euler Hermes elemz\u0151i, vagyis a n\u00e9met piac is lelassul. A m\u00e1sodik helyen \u00e1ll\u00f3 Franciaorsz\u00e1gnak minden es\u00e9lye megvan r\u00e1, hogy 2 sz\u00e1zal\u00e9kos n\u00f6veked\u00e9ssel \u00fajra el\u00e9rje a 10 \u00e9vvel ezel\u0151tti t\u00f6rt\u00e9nelmi cs\u00facs\u00e1t. Az olasz piacon 2018-ban \u00e9s 2019-ben is legal\u00e1bb 1 sz\u00e1zal\u00e9kos cs\u00f6kken\u00e9s v\u00e1rhat\u00f3, vagyis tov\u00e1bbra is sokkal kevesebb \u00faj aut\u00f3 \u00e9rt\u00e9kes\u00edt\u00e9s\u00e9re sz\u00e1m\u00edthatnak, mint 2007-ben, annak ellen\u00e9re is, hogy 2013 \u00e9s 2017 k\u00f6z\u00f6tt Olaszorsz\u00e1gban n\u00e9gy \u00e9ven \u00e1t er\u0151s, \u00f6sszesen 11 sz\u00e1zal\u00e9kot meghalad\u00f3 fellend\u00fcl\u00e9s volt tapasztalhat\u00f3. Ebben a mez\u0151nyben nagy kiv\u00e9telt jelent az Egyes\u00fclt Kir\u00e1lys\u00e1g, ahol a d\u00edzelad\u00f3ztat\u00e1s, a leveg\u0151min\u0151s\u00e9gre vonatkoz\u00f3 tervek, a fogyaszt\u00f3i v\u00e1s\u00e1rl\u00f3er\u0151 cs\u00f6kken\u00e9se \u00e9s a Brexittel j\u00e1r\u00f3 bizonytalans\u00e1gok mind negat\u00edvan befoly\u00e1solj\u00e1k az \u00faj aut\u00f3k \u00e9rt\u00e9kes\u00edt\u00e9s\u00e9t. Az idei 6 sz\u00e1zal\u00e9kos visszaes\u00e9s ut\u00e1n j\u00f6v\u0151re 3 sz\u00e1zal\u00e9kkal cs\u00f6kkenhet a szigetorsz\u00e1gi piac teljes\u00edtm\u00e9nye.<\/p>\n<p>Az Euler Hermes legut\u00f3bbi szektorelemz\u00e9s\u00e9ben az els\u0151 negyed\u00e9vben 38 lemin\u0151s\u00edt\u00e9s t\u00f6rt\u00e9nt, amelyb\u0151l 16 lemin\u0151s\u00edt\u00e9s \u00e9rintette az aut\u00f3ipart, m\u00edg a m\u00e1sodik negyed\u00e9vben 23 lemin\u0151s\u00edt\u00e9sb\u0151l 7 \u00e9rintette az aut\u00f3ipart. Az aut\u00f3ipari gy\u00e1rt\u00f3k, illetve besz\u00e1ll\u00edt\u00f3k szektora t\u00f6bbek k\u00f6z\u00f6tt Spanyolorsz\u00e1gban, Olaszorsz\u00e1gban, N\u00e9metorsz\u00e1gban, Sv\u00e9dorsz\u00e1gban, Csehorsz\u00e1gban, Lengyelorsz\u00e1gban \u00e9s K\u00edn\u00e1ban ker\u00fclt a 4 min\u0151s\u00edt\u00e9si kateg\u00f3ria egyik\u00e9b\u0151l egy min\u0151s\u00edt\u00e9ssel lejjebb.<\/p>\n<p>&nbsp;<\/p>\n<p><strong>Magyarorsz\u00e1g a pozit\u00edv meglepet\u00e9s &#8211; egyel\u0151re <\/strong><\/p>\n<p>Term\u00e9szetesen haz\u00e1nk sem tudja f\u00fcggetlen\u00edteni mag\u00e1t a nemzetk\u00f6zi trendekt\u0151l. 2018-ban 460 ezer g\u00e9pj\u00e1rm\u0171vet gy\u00e1rtottak haz\u00e1nkban, ami hozz\u00e1vet\u0151legesen 4 sz\u00e1zal\u00e9kos cs\u00f6kken\u00e9st jelent 2017-hez k\u00e9pes. Ugyanakkor a 2019-es els\u0151 negyed\u00e9v meglep\u0151en pozit\u00edvan startolt, hiszen janu\u00e1rban 4,8 sz\u00e1zal\u00e9kos, febru\u00e1rban 10 sz\u00e1zal\u00e9kos, m\u00edg m\u00e1rciusban 12,8 sz\u00e1zal\u00e9kos n\u00f6veked\u00e9s volt tapasztalhat\u00f3 az el\u0151z\u0151 \u00e9v azonos id\u0151szak\u00e1hoz k\u00e9pest, ami \u2013 figyelembe v\u00e9ve az Audi-sztr\u00e1jkot &#8211; meglep\u0151en j\u00f3 eredm\u00e9ny. A kiv\u00e1l\u00f3 eredm\u00e9ny els\u0151sorban a kompakt kateg\u00f3ri\u00e1j\u00fa szem\u00e9lyg\u00e9pkocsik magyar aut\u00f3gy\u00e1rt\u00e1son bel\u00fcli magas ar\u00e1ny\u00e1val magyar\u00e1zhat\u00f3. Ugyanakkor figyelembe kell venn\u00fcnk, hogy a magyar aut\u00f3gy\u00e1rt\u00e1s 92 sz\u00e1zal\u00e9ka exportra ir\u00e1nyul \u00e9s gyakorlatilag minden h\u00e1rom, Magyarorsz\u00e1gon el\u0151\u00e1ll\u00edtott aut\u00f3b\u00f3l kett\u0151 a n\u00e9met gazdas\u00e1ghoz k\u00f6t\u0151dik. \u00cdgy a hazai trendek elemz\u00e9sekor er\u0151sen fokusz\u00e1lnunk kell a nemzetk\u00f6zi, azonbel\u00fcl f\u0151leg az eur\u00f3pai piacra, hiszen itt a legjobb esetben is csak maximum 1 sz\u00e1zal\u00e9kos n\u00f6veked\u00e9s v\u00e1rhat\u00f3 2019-ben.<\/p>\n<p>&nbsp;<\/p>\n<p>&nbsp;<\/p>\n<p>A magyar piacot \u00e9rdemes kett\u00e9bontani aut\u00f3ipari besz\u00e1ll\u00edt\u00f3 \u00e9s gy\u00e1rt\u00f3 kapacit\u00e1sokra. Nemr\u00e9giben olyan h\u00edrek l\u00e1ttak napvil\u00e1got, hogy a Mercedes \u00faj \u00fczem\u00e9nek \u00e9p\u00edt\u00e9se legal\u00e1bb egy \u00e9vvel elh\u00faz\u00f3dik. F\u00fcggetlen\u00fcl att\u00f3l, hogy \u00edgy lesz-e, a massz\u00edv munkaer\u0151hi\u00e1ny tov\u00e1bbra is a legfontosabb rizik\u00f3faktor a gy\u00e1rt\u00f3i oldalon. Ami a besz\u00e1ll\u00edt\u00f3kat illeti, Magyarorsz\u00e1g el\u0151kel\u0151 helyen van a vil\u00e1gpiaci rangsorban, hiszen a vil\u00e1g 20 legnagyobb aut\u00f3ipari besz\u00e1ll\u00edt\u00f3j\u00e1b\u00f3l 15 Magyarorsz\u00e1gon is jelen van. M\u00e9gink\u00e1bb megvil\u00e1g\u00edtja a szektor jelent\u0151s\u00e9g\u00e9t, hogy 2018-ban a megval\u00f3sult k\u00f6zel 100 jelent\u0151s beruh\u00e1z\u00e1sb\u00f3l 36 az aut\u00f3iparban realiz\u00e1l\u00f3dott, \u00f6sszesen 2,64 milli\u00e1rd eur\u00f3 \u00e9rt\u00e9kben. Ugyanakkor az aut\u00f3ipari besz\u00e1ll\u00edt\u00f3kra is jelent\u0151s hat\u00e1st gyakorolnak a nemzetk\u00f6zi trendek. A folyamatosan jelentkez\u0151 munkaer\u0151hi\u00e1ny mellett az aut\u00f3ipari gy\u00e1rt\u00f3k restrikt\u00edv d\u00f6nt\u00e9sei, technol\u00f3giai v\u00e1ltoz\u00e1sok, az alapanyagok ter\u00fclet\u00e9n komplementer technik\u00e1k alkalmaz\u00e1sa komoly kih\u00edv\u00e1st jelenthetnek az elk\u00f6vetkez\u0151 id\u0151szakban a besz\u00e1ll\u00edt\u00f3i piac szerepl\u0151ire is. A v\u00e1ltoz\u00e1sokra fel lehet k\u00e9sz\u00fclni: igazodni kell az eur\u00f3pai piaci trendekhez \u00e9s a multinacion\u00e1lis szervezetek d\u00f6nt\u00e9seit pedig megfelel\u0151en kell tudni kezelni. Ha komolyabb cs\u0151dhull\u00e1m nem is v\u00e1rhat\u00f3 m\u00e9g az \u00e1gazatban, a kisz\u00e1m\u00edthatatlans\u00e1g egyre fokoz\u00f3d\u00f3 kock\u00e1zatot jelent a szektor szerepl\u0151i sz\u00e1m\u00e1ra.<\/p>\n<p><em>\u201eA nemzetk\u00f6zi folyamatok, a folyamatos munkaer\u0151hi\u00e1ny, a fogyaszt\u00e1s ciklikuss\u00e1ga, az egyre szigorod\u00f3 k\u00f6rnyezetv\u00e9delmi el\u0151\u00edr\u00e1sok, az \u00faj technol\u00f3giai ir\u00e1nyok \u00e9s a Brexit miatti bizonytalans\u00e1gok vesz\u00e9lyeztethetik a nyugat-eur\u00f3pai aut\u00f3ipar n\u00f6veked\u00e9si kil\u00e1t\u00e1sait. A magyar aut\u00f3ipari termel\u00e9s 92 sz\u00e1zal\u00e9ka exportra ir\u00e1nyul, \u00edgy ezt a szektort lehetetlen elszigetelten, csak a hazai folyamatokra f\u00f3kusz\u00e1lva elemezni. A glob\u00e1lis trendek \u00e9s hat\u00e1sok begy\u0171r\u0171zve \u00e9reztetik hat\u00e1sukat. Az instabilit\u00e1s fokoz\u00f3d\u00e1sa a nemzetk\u00f6zi kereskedelemben befoly\u00e1solhatja a v\u00e1llalati strat\u00e9gi\u00e1k \u00e9s beruh\u00e1z\u00e1sok alakul\u00e1s\u00e1t, kisz\u00e1m\u00edthatatlanabb\u00e1 teheti a gy\u00e1rt\u00f3kkal, besz\u00e1ll\u00edt\u00f3kkal val\u00f3 egy\u00fcttm\u0171k\u00f6d\u00e9st. Tov\u00e1bb\u00e1 mivel a hazai GDP k\u00f6zel egytized\u00e9t a j\u00e1rm\u0171gy\u00e1rt\u00e1s teszi ki, \u00edgy ez a hat\u00e1s a gazdas\u00e1g eg\u00e9sz\u00e9ben \u00e9rezhet\u0151 lesz. Mindez a hazai els\u0151 negyed\u00e9ves sz\u00e1mokban m\u00e9g nem l\u00e1that\u00f3, ugyanakkor az eur\u00f3pai aut\u00f3iparban koncentr\u00e1l\u00f3d\u00f3 dekonjunkt\u00fara t\u00f6bbek k\u00f6z\u00f6tt komoly hat\u00e1ssal van m\u00e1r most is a fuvaroz\u00e1si \u00fczlet\u00e1gra, az ac\u00e9liparra, m\u0171anyaggy\u00e1rt\u00e1sra is. A probl\u00e9ma komplex \u00e9s az egyes hat\u00e1sok egy\u00fcttesen \u00e9s egyedileg is nehezen tervezhet\u0151ek, \u00edgy a kereskedelmi partnerek min\u0151s\u00edt\u00e9se \u00e9s nemzetk\u00f6zi folyamataiknak elemz\u00e9se megfelel\u0151 kontextusba helyez\u00e9ssel elengedhetetlen a szektor szerepl\u0151i sz\u00e1m\u00e1ra.\u201d <\/em>\u2013 foglalta \u00f6ssze a magyar \u00e9s nemzetk\u00f6zi trendeket <strong>Bujdos\u00f3 T\u00fcnde<\/strong>, az Euler Hermes kock\u00e1zatkezel\u00e9si igazgat\u00f3ja.<em> \u00a0\u00a0<\/em><\/p>\n<p>&nbsp;<\/p>\n<p><strong>\u00a0<\/strong><\/p>\n<p><strong>Az Euler Hermes elemz\u00e9seir\u0151l<\/strong><\/p>\n<p>A nemzetk\u00f6zi \u00e9s hazai szinten piacvezet\u0151 hitelbiztos\u00edt\u00f3, az Euler Hermes negyed\u00e9vente k\u00e9sz\u00edti el orsz\u00e1gkock\u00e1zati elemz\u00e9s\u00e9t a vil\u00e1g minden orsz\u00e1g\u00e1r\u00f3l, melynek sor\u00e1n felm\u00e9rik egy adott orsz\u00e1g v\u00e1llalkoz\u00e1sainak eset\u00e9ben a nemfizet\u00e9s kock\u00e1zatait, ez\u00e1ltal seg\u00edts\u00e9get ny\u00fajtanak a k\u00fclkereskedelemben \u00e9rintett v\u00e1llalatoknak \u00fczleti d\u00f6nt\u00e9seik meghozatal\u00e1ban. A hitelbiztos\u00edt\u00f3 az orsz\u00e1gkock\u00e1zati elemz\u00e9seken fel\u00fcl szektorkock\u00e1zat-el\u0151rejelz\u00e9st \u00e9s egy\u00e9ni szint\u0171 c\u00e9gkock\u00e1zatot is vizsg\u00e1l. Sz\u00e1mos szektorr\u00f3l, t\u00f6bbek k\u00f6z\u00f6tt a g\u00e9pj\u00e1rm\u0171iparr\u00f3l, kereskedelemr\u0151l \u00e9s az \u00e9lelmiszeriparr\u00f3l is rendszeresen k\u00e9sz\u00edtenek elemz\u00e9st az Euler Hermes szak\u00e9rt\u0151i.<\/p>\n","protected":false},"excerpt":{"rendered":"<p>A glob\u00e1lis g\u00e9pj\u00e1rm\u0171piac n\u00f6veked\u00e9se lelassul 2019-ben az Euler Hermes Hitelbiztos\u00edt\u00f3 legfrissebb ipar\u00e1gi el\u0151rejelz\u00e9se szerint. A 2018-as 3 sz\u00e1zal\u00e9kos n\u00f6veked\u00e9st k\u00f6vet\u0151en a szektor b\u0151v\u00fcl\u00e9se 1,9 sz\u00e1zal\u00e9kra eshet vissza 2019-ben. A gy\u00e1rt\u00f3k \u00e9s besz\u00e1ll\u00edt\u00f3ik sz\u00e1m\u00e1ra a legjelent\u0151sebb bizonytalans\u00e1got a technol\u00f3giai v\u00e1ltoz\u00e1sok, az elektromos j\u00e1rm\u0171vekre val\u00f3 \u00e1t\u00e1ll\u00e1s, az Egyes\u00fclt \u00c1llamok protekcionizmusa \u00e9s a kereskedelmi h\u00e1bor\u00fa alakul\u00e1s\u00e1nak hat\u00e1sa jelentik. &#8230;<\/p>\n","protected":false},"author":1,"featured_media":94128,"comment_status":"closed","ping_status":"open","sticky":false,"template":"","format":"standard","meta":[],"categories":[146,19,246],"tags":[],"_links":{"self":[{"href":"https:\/\/gazdasagportal.hu\/index.php\/wp-json\/wp\/v2\/posts\/117370"}],"collection":[{"href":"https:\/\/gazdasagportal.hu\/index.php\/wp-json\/wp\/v2\/posts"}],"about":[{"href":"https:\/\/gazdasagportal.hu\/index.php\/wp-json\/wp\/v2\/types\/post"}],"author":[{"embeddable":true,"href":"https:\/\/gazdasagportal.hu\/index.php\/wp-json\/wp\/v2\/users\/1"}],"replies":[{"embeddable":true,"href":"https:\/\/gazdasagportal.hu\/index.php\/wp-json\/wp\/v2\/comments?post=117370"}],"version-history":[{"count":1,"href":"https:\/\/gazdasagportal.hu\/index.php\/wp-json\/wp\/v2\/posts\/117370\/revisions"}],"predecessor-version":[{"id":117371,"href":"https:\/\/gazdasagportal.hu\/index.php\/wp-json\/wp\/v2\/posts\/117370\/revisions\/117371"}],"wp:featuredmedia":[{"embeddable":true,"href":"https:\/\/gazdasagportal.hu\/index.php\/wp-json\/wp\/v2\/media\/94128"}],"wp:attachment":[{"href":"https:\/\/gazdasagportal.hu\/index.php\/wp-json\/wp\/v2\/media?parent=117370"}],"wp:term":[{"taxonomy":"category","embeddable":true,"href":"https:\/\/gazdasagportal.hu\/index.php\/wp-json\/wp\/v2\/categories?post=117370"},{"taxonomy":"post_tag","embeddable":true,"href":"https:\/\/gazdasagportal.hu\/index.php\/wp-json\/wp\/v2\/tags?post=117370"}],"curies":[{"name":"wp","href":"https:\/\/api.w.org\/{rel}","templated":true}]}}