{"id":117323,"date":"2019-07-02T08:44:08","date_gmt":"2019-07-02T06:44:08","guid":{"rendered":"http:\/\/gazdasagportal.hu\/?p=117323"},"modified":"2019-07-02T08:44:08","modified_gmt":"2019-07-02T06:44:08","slug":"tozsdenyitas-elott-szakertok-mersekelt-pozitiv-tartomanyban-nyithat-a-magyar-tozsde","status":"publish","type":"post","link":"https:\/\/gazdasagportal.hu\/index.php\/tozsdenyitas-elott-szakertok-mersekelt-pozitiv-tartomanyban-nyithat-a-magyar-tozsde\/","title":{"rendered":"T\u0151zsdenyit\u00e1s el\u0151tt &#8211; Szak\u00e9rt\u0151k: m\u00e9rs\u00e9kelt pozit\u00edv tartom\u00e1nyban nyithat a magyar t\u0151zsde"},"content":{"rendered":"<p><strong>Szak\u00e9rt\u0151k szerint a kedvez\u0151 nemzetk\u00f6zi hangulat hat\u00e1s\u00e1ra m\u00e9rs\u00e9kelt pozit\u00edv tartom\u00e1nyban nyithat a Budapesti \u00c9rt\u00e9kt\u0151zsde (B\u00c9T) kedden. <\/strong><!--more--><\/p>\n<div class=\"ads-in-post1\"><div id=\"gazdasagportal.hu_fullbanner_wideboard\"><\/div>\r\n<\/div>\n<p>    Ballai Zolt\u00e1n, a Raiffeisen Bank \u00fczletk\u00f6t\u0151je az MTI-nek elmondta, hogy a h\u00e9tv\u00e9gi G20-as cs\u00facs ut\u00e1n pozit\u00edv hangulat alakult ki a nemzetk\u00f6zi t\u0151zsd\u00e9ken, miut\u00e1n a k\u00ednai-amerikai kereskedelmi h\u00e1bor\u00fa a m\u00e1sf\u00e9l \u00e9vvel kor\u00e1bbi szintre enyh\u00fclt, b\u00e1r a pozit\u00edv hangulatot m\u00e9rs\u00e9kelt\u00e9k a h\u00e9tf\u0151i amerikai gyenge adatok.<br \/>\n    A Raiffeisen Bank \u00fczletk\u00f6t\u0151je \u00fagy l\u00e1tja, hogy kedden a nemzetk\u00f6zi piacokon ir\u00e1nykeres\u00e9s lehet ir\u00e1nyad\u00f3, ugyanakkor a magyar t\u0151zsd\u00e9n h\u00e9tf\u0151n er\u0151sebb napot lehetett l\u00e1tni, ez\u00e9rt v\u00e1rakoz\u00e1sa szerint a magyar piac a nemzetk\u00f6zit fel\u00fclteljes\u00edtheti.<br \/>\n    T\u00f3th B\u00e1lint, az Equilor Befektet\u00e9si Zrt. junior elemz\u0151je az MTI-nek k\u00fcld\u00f6tt elemz\u00e9se szerint m\u00e9rs\u00e9kelt pozit\u00edv tartom\u00e1nyban nyithat a Budapesti \u00c9rt\u00e9kt\u0151zsde a kedvez\u0151 nemzetk\u00f6zi hangulat f\u00e9ny\u00e9ben kedden. Az el\u0151z\u0151 heti cs\u00f6kken\u00e9s ut\u00e1n az OTP h\u00e9tf\u0151n emelkedett \u00e9s a 200 napos mozg\u00f3\u00e1tlag felett z\u00e1rt, ezzel megny\u00edlt a t\u00e9r a 11 875 forintos szint fel\u00e9. A Richter tov\u00e1bb araszol felfel\u00e9, az 5270 forintos ellen\u00e1ll\u00e1s szignifik\u00e1ns \u00e1tt\u00f6r\u00e9s\u00e9vel pr\u00f3b\u00e1lkozhat. A Molnak h\u00e9tf\u0151n sem siker\u00fclt \u00e1tt\u00f6rnie a 200 napos mozg\u00f3\u00e1tlagot, kedden \u00fajra megk\u00eds\u00e9relheti ezt, a Magyar Telekom a 425 forintos szintet c\u00e9lozhatja meg &#8211; \u00edrja T\u00f3th B\u00e1lint.<br \/>\n<div class=\"ads-in-post2\"><script async src=\"https:\/\/pagead2.googlesyndication.com\/pagead\/js\/adsbygoogle.js\"><\/script>\r\n<ins class=\"adsbygoogle\"\r\n     style=\"display:block\"\r\n     data-ad-format=\"fluid\"\r\n     data-ad-layout-key=\"-6t+ed+2i-1n-4w\"\r\n     data-ad-client=\"ca-pub-1959107119989764\"\r\n     data-ad-slot=\"4008251320\"><\/ins>\r\n<script>\r\n     (adsbygoogle = window.adsbygoogle || []).push({});\r\n<\/script><\/div>\n    A Budapesti \u00c9rt\u00e9kt\u0151zsde r\u00e9szv\u00e9nyindexe, a BUX 338,77 pontos, 0,84 sz\u00e1zal\u00e9kos emelked\u00e9ssel, 40 618,08 ponton z\u00e1rt h\u00e9tf\u0151n. A r\u00e9szv\u00e9nypiac forgalma 9,2 milli\u00e1rd forint volt, a vezet\u0151 r\u00e9szv\u00e9nyek vegyesen teljes\u00edtettek a p\u00e9nteki z\u00e1r\u00e1shoz k\u00e9pest. A Mol \u00e1rfolyama 34 forinttal, 1,08 sz\u00e1zal\u00e9kkal 3118 forintra cs\u00f6kkent, 1,4 milli\u00e1rd forintos forgalomban. Az OTP-r\u00e9szv\u00e9nyek \u00e1ra 320 forinttal, 2,83 sz\u00e1zal\u00e9kkal 11 620 forintra er\u0151s\u00f6d\u00f6tt, forgalmuk 6,1 milli\u00e1rd forintot tett ki. A Magyar Telekom 0,50 forinttal, 0,12 sz\u00e1zal\u00e9kkal 420,50 forintra gyeng\u00fclt, forgalma 97,8 milli\u00f3 forint volt. A Richter-pap\u00edrok \u00e1rfolyama 35 forinttal, 0,67 sz\u00e1zal\u00e9kkal 5270 forintra n\u0151tt, a r\u00e9szv\u00e9nyek forgalma 827,8 milli\u00f3 forintot \u00e9rt el.(MTI)<\/p>\n","protected":false},"excerpt":{"rendered":"<p>Szak\u00e9rt\u0151k szerint a kedvez\u0151 nemzetk\u00f6zi hangulat hat\u00e1s\u00e1ra m\u00e9rs\u00e9kelt pozit\u00edv tartom\u00e1nyban nyithat a Budapesti \u00c9rt\u00e9kt\u0151zsde (B\u00c9T) kedden.<\/p>\n","protected":false},"author":1,"featured_media":0,"comment_status":"closed","ping_status":"open","sticky":false,"template":"","format":"standard","meta":[],"categories":[8],"tags":[],"_links":{"self":[{"href":"https:\/\/gazdasagportal.hu\/index.php\/wp-json\/wp\/v2\/posts\/117323"}],"collection":[{"href":"https:\/\/gazdasagportal.hu\/index.php\/wp-json\/wp\/v2\/posts"}],"about":[{"href":"https:\/\/gazdasagportal.hu\/index.php\/wp-json\/wp\/v2\/types\/post"}],"author":[{"embeddable":true,"href":"https:\/\/gazdasagportal.hu\/index.php\/wp-json\/wp\/v2\/users\/1"}],"replies":[{"embeddable":true,"href":"https:\/\/gazdasagportal.hu\/index.php\/wp-json\/wp\/v2\/comments?post=117323"}],"version-history":[{"count":1,"href":"https:\/\/gazdasagportal.hu\/index.php\/wp-json\/wp\/v2\/posts\/117323\/revisions"}],"predecessor-version":[{"id":117324,"href":"https:\/\/gazdasagportal.hu\/index.php\/wp-json\/wp\/v2\/posts\/117323\/revisions\/117324"}],"wp:attachment":[{"href":"https:\/\/gazdasagportal.hu\/index.php\/wp-json\/wp\/v2\/media?parent=117323"}],"wp:term":[{"taxonomy":"category","embeddable":true,"href":"https:\/\/gazdasagportal.hu\/index.php\/wp-json\/wp\/v2\/categories?post=117323"},{"taxonomy":"post_tag","embeddable":true,"href":"https:\/\/gazdasagportal.hu\/index.php\/wp-json\/wp\/v2\/tags?post=117323"}],"curies":[{"name":"wp","href":"https:\/\/api.w.org\/{rel}","templated":true}]}}