{"id":117301,"date":"2019-07-01T11:20:41","date_gmt":"2019-07-01T09:20:41","guid":{"rendered":"http:\/\/gazdasagportal.hu\/?p=117301"},"modified":"2019-07-01T11:20:41","modified_gmt":"2019-07-01T09:20:41","slug":"julius-1-megkezdte-mukodeset-az-nkm-energia-zrt","status":"publish","type":"post","link":"https:\/\/gazdasagportal.hu\/index.php\/julius-1-megkezdte-mukodeset-az-nkm-energia-zrt\/","title":{"rendered":"J\u00falius 1. &#8211; Megkezdte m\u0171k\u00f6d\u00e9s\u00e9t az NKM Energia Zrt."},"content":{"rendered":"<p><strong>Megkezdte m\u0171k\u00f6d\u00e9s\u00e9t az NKM Energia Zrt., amely az NKM f\u00f6ldg\u00e1zszolg\u00e1ltat\u00f3 \u00e9s \u00e1ramszolg\u00e1ltat\u00f3 t\u00e1rsas\u00e1ga \u00f6sszeolvad\u00e1s\u00e1val j\u00f6tt l\u00e9tre &#8211; k\u00f6z\u00f6lte az NKM Nemzeti K\u00f6zm\u0171vek Zrt. h\u00e9tf\u0151n az MTI-vel.<\/strong><!--more--><\/p>\n<div class=\"ads-in-post1\"><div id=\"gazdasagportal.hu_fullbanner_wideboard\"><\/div>\r\n<\/div>\n<p>    Az \u00faj c\u00e9get a c\u00e9gb\u00edr\u00f3s\u00e1g 2019. j\u00fanius 30-i hat\u00e1llyal bejegyezte. A t\u00e1rsas\u00e1g eln\u00f6k-vez\u00e9rigazgat\u00f3ja Hiezl G\u00e1bor lett.<br \/>\n    Az \u00fcgyfeleknek nincs tennival\u00f3juk, az energiaszolg\u00e1ltat\u00e1st a tov\u00e1bbiakban az \u00faj t\u00e1rsas\u00e1g biztos\u00edtja, amely \u00edgy egyszerre ny\u00fajt f\u00f6ldg\u00e1z \u00e9s villamos energia szolg\u00e1ltat\u00e1st az orsz\u00e1g eg\u00e9sz ter\u00fclet\u00e9n &#8211; \u00edrt\u00e1k.(MTI)<br \/>\n<div class=\"ads-in-post2\"><script async src=\"https:\/\/pagead2.googlesyndication.com\/pagead\/js\/adsbygoogle.js\"><\/script>\r\n<ins class=\"adsbygoogle\"\r\n     style=\"display:block\"\r\n     data-ad-format=\"fluid\"\r\n     data-ad-layout-key=\"-6t+ed+2i-1n-4w\"\r\n     data-ad-client=\"ca-pub-1959107119989764\"\r\n     data-ad-slot=\"4008251320\"><\/ins>\r\n<script>\r\n     (adsbygoogle = window.adsbygoogle || []).push({});\r\n<\/script><\/div>\n","protected":false},"excerpt":{"rendered":"<p>Megkezdte m\u0171k\u00f6d\u00e9s\u00e9t az NKM Energia Zrt., amely az NKM f\u00f6ldg\u00e1zszolg\u00e1ltat\u00f3 \u00e9s \u00e1ramszolg\u00e1ltat\u00f3 t\u00e1rsas\u00e1ga \u00f6sszeolvad\u00e1s\u00e1val j\u00f6tt l\u00e9tre &#8211; k\u00f6z\u00f6lte az NKM Nemzeti K\u00f6zm\u0171vek Zrt. h\u00e9tf\u0151n az MTI-vel.<\/p>\n","protected":false},"author":1,"featured_media":0,"comment_status":"closed","ping_status":"open","sticky":false,"template":"","format":"standard","meta":[],"categories":[19],"tags":[],"_links":{"self":[{"href":"https:\/\/gazdasagportal.hu\/index.php\/wp-json\/wp\/v2\/posts\/117301"}],"collection":[{"href":"https:\/\/gazdasagportal.hu\/index.php\/wp-json\/wp\/v2\/posts"}],"about":[{"href":"https:\/\/gazdasagportal.hu\/index.php\/wp-json\/wp\/v2\/types\/post"}],"author":[{"embeddable":true,"href":"https:\/\/gazdasagportal.hu\/index.php\/wp-json\/wp\/v2\/users\/1"}],"replies":[{"embeddable":true,"href":"https:\/\/gazdasagportal.hu\/index.php\/wp-json\/wp\/v2\/comments?post=117301"}],"version-history":[{"count":1,"href":"https:\/\/gazdasagportal.hu\/index.php\/wp-json\/wp\/v2\/posts\/117301\/revisions"}],"predecessor-version":[{"id":117302,"href":"https:\/\/gazdasagportal.hu\/index.php\/wp-json\/wp\/v2\/posts\/117301\/revisions\/117302"}],"wp:attachment":[{"href":"https:\/\/gazdasagportal.hu\/index.php\/wp-json\/wp\/v2\/media?parent=117301"}],"wp:term":[{"taxonomy":"category","embeddable":true,"href":"https:\/\/gazdasagportal.hu\/index.php\/wp-json\/wp\/v2\/categories?post=117301"},{"taxonomy":"post_tag","embeddable":true,"href":"https:\/\/gazdasagportal.hu\/index.php\/wp-json\/wp\/v2\/tags?post=117301"}],"curies":[{"name":"wp","href":"https:\/\/api.w.org\/{rel}","templated":true}]}}