{"id":117299,"date":"2019-07-01T10:22:57","date_gmt":"2019-07-01T08:22:57","guid":{"rendered":"http:\/\/gazdasagportal.hu\/?p=117299"},"modified":"2019-07-01T10:22:57","modified_gmt":"2019-07-01T08:22:57","slug":"a-magyar-allampapir-plusz-allomanya-atlepte-az-1000-milliard-forintot","status":"publish","type":"post","link":"https:\/\/gazdasagportal.hu\/index.php\/a-magyar-allampapir-plusz-allomanya-atlepte-az-1000-milliard-forintot\/","title":{"rendered":"A Magyar \u00c1llampap\u00edr Plusz \u00e1llom\u00e1nya \u00e1tl\u00e9pte az 1000 milli\u00e1rd forintot"},"content":{"rendered":"<p><strong>A Magyar \u00c1llampap\u00edr Plusz \u00e1llom\u00e1nya \u00e1tl\u00e9pte az 1000 milli\u00e1rd forintot &#8211; err\u0151l Varga Mih\u00e1ly p\u00e9nz\u00fcgyminiszter besz\u00e9lt h\u00e9tf\u0151n facebook oldal\u00e1n.<\/strong><!--more--><\/p>\n<div class=\"ads-in-post1\"><div id=\"gazdasagportal.hu_fullbanner_wideboard\"><\/div>\r\n<\/div>\n<p>    Hangs\u00falyozta, az \u00faj lakoss\u00e1gi \u00e1llampap\u00edr egyszer\u0171, \u00e1tl\u00e1that\u00f3 term\u00e9k, kiemelked\u0151en magas hozamot ad, k\u00f6nny\u0171 az el\u00e9rhet\u0151s\u00e9ge, az \u00e9vente n\u00f6vekv\u0151 kamatoz\u00e1s r\u00f6vid \u00e9s hossz\u00fa t\u00e1von is kiemelked\u0151 befektet\u00e9st k\u00edn\u00e1l, kamatad\u00f3t sem kell ut\u00e1na fizetni &#8211; tette hozz\u00e1.<br \/>\n<div class=\"ads-in-post2\"><script async src=\"https:\/\/pagead2.googlesyndication.com\/pagead\/js\/adsbygoogle.js\"><\/script>\r\n<ins class=\"adsbygoogle\"\r\n     style=\"display:block\"\r\n     data-ad-format=\"fluid\"\r\n     data-ad-layout-key=\"-6t+ed+2i-1n-4w\"\r\n     data-ad-client=\"ca-pub-1959107119989764\"\r\n     data-ad-slot=\"4008251320\"><\/ins>\r\n<script>\r\n     (adsbygoogle = window.adsbygoogle || []).push({});\r\n<\/script><\/div>\n    Mint fogalmazott, ennek is k\u00f6sz\u00f6nhet\u0151, hogy az \u00faj lakoss\u00e1gi \u00e1llampap\u00edr a v\u00e1rtn\u00e1l n\u00e9pszer\u0171bb \u00e9s eredm\u00e9nyesebb, az elm\u00falt n\u00e9h\u00e1ny h\u00e9t alatt t\u00f6bb mint 1000 milli\u00e1rd forintot jegyeztek a magyar emberek.<br \/>\n    Ezzel az eg\u00e9sz orsz\u00e1g j\u00f3l j\u00e1r, az embereknek biztons\u00e1gos \u00e9s j\u00f3l j\u00f6vedelmez\u0151 befektet\u00e9st ad, az \u00e1llam gazd\u00e1lkod\u00e1s\u00e1nak pedig stabilit\u00e1st ny\u00fajt &#8211; mondta Varga Mih\u00e1ly.(MTI)<\/p>\n","protected":false},"excerpt":{"rendered":"<p>A Magyar \u00c1llampap\u00edr Plusz \u00e1llom\u00e1nya \u00e1tl\u00e9pte az 1000 milli\u00e1rd forintot &#8211; err\u0151l Varga Mih\u00e1ly p\u00e9nz\u00fcgyminiszter besz\u00e9lt h\u00e9tf\u0151n facebook oldal\u00e1n.<\/p>\n","protected":false},"author":1,"featured_media":0,"comment_status":"closed","ping_status":"open","sticky":false,"template":"","format":"standard","meta":[],"categories":[19],"tags":[],"_links":{"self":[{"href":"https:\/\/gazdasagportal.hu\/index.php\/wp-json\/wp\/v2\/posts\/117299"}],"collection":[{"href":"https:\/\/gazdasagportal.hu\/index.php\/wp-json\/wp\/v2\/posts"}],"about":[{"href":"https:\/\/gazdasagportal.hu\/index.php\/wp-json\/wp\/v2\/types\/post"}],"author":[{"embeddable":true,"href":"https:\/\/gazdasagportal.hu\/index.php\/wp-json\/wp\/v2\/users\/1"}],"replies":[{"embeddable":true,"href":"https:\/\/gazdasagportal.hu\/index.php\/wp-json\/wp\/v2\/comments?post=117299"}],"version-history":[{"count":1,"href":"https:\/\/gazdasagportal.hu\/index.php\/wp-json\/wp\/v2\/posts\/117299\/revisions"}],"predecessor-version":[{"id":117300,"href":"https:\/\/gazdasagportal.hu\/index.php\/wp-json\/wp\/v2\/posts\/117299\/revisions\/117300"}],"wp:attachment":[{"href":"https:\/\/gazdasagportal.hu\/index.php\/wp-json\/wp\/v2\/media?parent=117299"}],"wp:term":[{"taxonomy":"category","embeddable":true,"href":"https:\/\/gazdasagportal.hu\/index.php\/wp-json\/wp\/v2\/categories?post=117299"},{"taxonomy":"post_tag","embeddable":true,"href":"https:\/\/gazdasagportal.hu\/index.php\/wp-json\/wp\/v2\/tags?post=117299"}],"curies":[{"name":"wp","href":"https:\/\/api.w.org\/{rel}","templated":true}]}}