{"id":117280,"date":"2019-06-30T17:21:54","date_gmt":"2019-06-30T15:21:54","guid":{"rendered":"http:\/\/gazdasagportal.hu\/?p=117280"},"modified":"2019-06-30T09:23:45","modified_gmt":"2019-06-30T07:23:45","slug":"mindent-hutenenek-a-vasarlok-a-forrosagban","status":"publish","type":"post","link":"https:\/\/gazdasagportal.hu\/index.php\/mindent-hutenenek-a-vasarlok-a-forrosagban\/","title":{"rendered":"Mindent h\u0171ten\u00e9nek a v\u00e1s\u00e1rl\u00f3k a forr\u00f3s\u00e1gban"},"content":{"rendered":"<p class=\"m_-1478177622466044402article-subtitle\"><strong>Ventil\u00e1torra \u00e1tlagosan 12 ezret, mobilkl\u00edm\u00e1ra 95-100 ezret k\u00f6ltenek a v\u00e1s\u00e1rl\u00f3k. A meghosszabb\u00edtott Otthon Melege Program nyertes p\u00e1ly\u00e1zatainak mintegy 20 sz\u00e1zal\u00e9ka v\u00e1r m\u00e9g megval\u00f3s\u00edt\u00e1sra, \u00edgy a t\u00e1mogatott h\u0171t\u0151v\u00e1s\u00e1rl\u00e1s is p\u00f6r\u00f6g az Euronicsn\u00e9l.<\/strong><u><\/u><\/p>\n<p><!--more--><\/p>\n<div class=\"ads-in-post1\"><div id=\"gazdasagportal.hu_fullbanner_wideboard\"><\/div>\r\n<\/div>\n<div id=\"m_-1478177622466044402story-body\" class=\"m_-1478177622466044402article-content\" align=\"left\"><u><\/u>Sz\u00e9ls\u0151s\u00e9ges id\u0151j\u00e1r\u00e1ssal \u00e9rkezett meg a ny\u00e1r j\u00faniusban, h\u0151hull\u00e1mok \u00e9s viharos, jelent\u0151s csapad\u00e9kkal j\u00e1r\u00f3 id\u0151szakok v\u00e1ltj\u00e1k egym\u00e1st. Emiatt a leveg\u0151 forr\u00f3 \u00e9s p\u00e1r\u00e1s, a h\u0151\u00e9rzet\u00fcnk pedig m\u00e9g magasabb, mint sz\u00e1raz melegben volna. Az Euronics alaposan felk\u00e9sz\u00fclt a ny\u00e1ri szezonra, azonban a v\u00e1s\u00e1rl\u00f3i roham m\u00e9g \u00edgy is meglep\u0151 sz\u00e1mokat produk\u00e1lt. J\u00fanius elseje \u00e9s huszadika k\u00f6z\u00f6tt t\u00f6bb mobilkl\u00edma fogyott az Euronics web\u00e1ruh\u00e1z\u00e1n kereszt\u00fcl, mint a 2018-as \u00e9vben \u00f6sszesen. A meghosszabb\u00edtott Otthon Melege Program r\u00e9szek\u00e9nt a v\u00e1s\u00e1rl\u00f3k jelent\u0151s r\u00e9sze szeretne h\u0171t\u0151g\u00e9pet cser\u00e9lni, hiszen a r\u00e9gi darabok nem felt\u00e9tlen\u00fcl tudnak megbirk\u00f3zni a most tapasztalhat\u00f3 forr\u00f3s\u00e1ggal, ami miatt a h\u0171t\u00e9sre sz\u00e1nt \u00e9lelmiszerek sokkal gyorsabban romlanak meg.<\/p>\n<p>A hirtelen j\u00f6tt ny\u00e1ri h\u0151s\u00e9gben t\u00f6bb term\u00e9kcsoportban is megugr\u00f3 keresletet regisztr\u00e1lt az Euronics, ezek nem mindegyike trivi\u00e1lis azonban. Azt p\u00e9ld\u00e1ul val\u00f3sz\u00edn\u0171leg kevesen gondolt\u00e1k volna, hogy a vezet\u00e9k n\u00e9lk\u00fcli hangsz\u00f3r\u00f3k piaca a ny\u00e1ri h\u00f3napokra 2,5-3-szoros\u00e1ra ugrik, ezzel m\u00e9g a kar\u00e1csonyi id\u0151szakot is beel\u0151zve. A v\u00e1s\u00e1rl\u00f3k sz\u00e1m\u00e1ra a legfontosabb az akku \u00fczemideje, illetve a v\u00edz\u00e1ll\u00f3s\u00e1g (term\u00e9szetesen csak a hangz\u00e1s ut\u00e1n), \u00fagy t\u0171nik egyre t\u00f6bben szeretn\u00e9nek a szabadban is zen\u00e9t hallgatni, ak\u00e1r a v\u00edzparti pihen\u00e9s k\u00f6zben is.<\/p>\n<p><strong>Nem csak a leveg\u0151t h\u0171ten\u00e9k<\/strong><\/p>\n<p>A j\u00fanius m\u00e9g egy \u00e9rdekess\u00e9ggel szolg\u00e1lt: a meghosszabb\u00edtott Otthon Melege Program r\u00e9v\u00e9n a h\u0171t\u0151g\u00e9pek forgalma is felp\u00f6rg\u00f6tt, m\u00e9g t\u00f6bb mint h\u00faszezer \u00e9rv\u00e9nyes p\u00e1ly\u00e1zatot nem ind\u00edtottak el a nyertesek, most viszont belelend\u00fcltek: a legnagyobb darabsz\u00e1mban \u00e9rt\u00e9kes\u00edtett term\u00e9k az Euronicsn\u00e1l m\u00e9g a mobilkl\u00edm\u00e1kat is megel\u0151zve az egyajt\u00f3s h\u0171t\u0151szekr\u00e9ny, a web\u00e1ruh\u00e1zban pedig az alulfagyaszt\u00f3s kombin\u00e1lt h\u0171t\u0151szekr\u00e9nyek kateg\u00f3ri\u00e1t keresik fel a mobilkl\u00edm\u00e1k ut\u00e1n legt\u00f6bben az ut\u00f3bbi napokban. Az Otthon Melege Program p\u00e1ly\u00e1zatainak t\u00f6bb mint harmad\u00e1t az Euronics \u00fczletekben \u00e9rv\u00e9nyes\u00edtett\u00e9k az \u00fcgyfelek.<br \/>\n<div class=\"ads-in-post2\"><script async src=\"https:\/\/pagead2.googlesyndication.com\/pagead\/js\/adsbygoogle.js\"><\/script>\r\n<ins class=\"adsbygoogle\"\r\n     style=\"display:block\"\r\n     data-ad-format=\"fluid\"\r\n     data-ad-layout-key=\"-6t+ed+2i-1n-4w\"\r\n     data-ad-client=\"ca-pub-1959107119989764\"\r\n     data-ad-slot=\"4008251320\"><\/ins>\r\n<script>\r\n     (adsbygoogle = window.adsbygoogle || []).push({});\r\n<\/script><\/div>\n<blockquote><p>\u201eAz ut\u00f3bbi 1-2 \u00e9vben sokat v\u00e1ltoztak a v\u00e1s\u00e1rl\u00f3i szok\u00e1sok, egyre t\u00f6bben sz\u0171rnek a web\u00e1ruh\u00e1zban az A+++-os term\u00e9kekre, illetve az Euronics \u00fczleteiben is gyakrabban vizsg\u00e1lj\u00e1k meg az energiac\u00edmk\u00e9t a fogyaszt\u00f3k. Ennek ellen\u00e9re sajnos a t\u00f6bbs\u00e9g tov\u00e1bbra is az \u00e1rat tartja a legfontosabbnak egy-egy nagy h\u00e1ztart\u00e1si g\u00e9p v\u00e1s\u00e1rl\u00e1sa sor\u00e1n, pedig a hat\u00e9konyabb energiabesorol\u00e1s jelentette kezdeti t\u00f6bbletk\u00f6lts\u00e9g viszonylag hamar megt\u00e9r\u00fcl a villanysz\u00e1ml\u00e1n\u201d \u2013 v\u00e9li Hunyady L\u00e1szl\u00f3, az Euronics marketing \u00e9s \u00e9rt\u00e9kes\u00edt\u00e9si igazgat\u00f3ja.<\/p><\/blockquote>\n<p>\u201eId\u00e9n ny\u00e1rt\u00f3l m\u00e1r saj\u00e1t m\u00e1rk\u00e1nknak sz\u00e1m\u00edt a Dyras, a k\u00f6z\u00e9pkateg\u00f3ri\u00e1s, kifejezetten j\u00f3 \u00e1ron el\u00e9rhet\u0151 term\u00e9kek k\u00f6r\u00e9t kieg\u00e9sz\u00edtett\u00fck ventil\u00e1torokkal is, melyekre a nagy melegben hatalmas a kereslet.\u201d \u2013 err\u0151l m\u00e1r Fazekas B\u00e1lint, az Euronics nemzetk\u00f6zi kapcsolatok\u00e9rt felel\u0151s igazgat\u00f3ja besz\u00e9lt. J\u00fanius els\u0151 h\u00fasz napj\u00e1ban t\u00f6bb ventil\u00e1tort \u00e9rt\u00e9kes\u00edtett az Euronics az interneten, mint a tavalyi \u00e9vben j\u00faniusban \u00e9s j\u00faliusban \u00f6sszesen. A v\u00e1s\u00e1rl\u00f3k \u00e1tlagosan 12 ezer forintot k\u00f6ltenek ventil\u00e1torra, tov\u00e1bbra is az \u00e1ll\u00f3ventil\u00e1torb\u00f3l fogy a legt\u00f6bb, de az asztali verzi\u00f3 ir\u00e1nt is nagy a kereslet.<\/p>\n<p><strong>Az idei ny\u00e1r sl\u00e1gere a mobilkl\u00edma<\/strong><\/p>\n<p>Mivel sok lak\u00e1sban nem megoldhat\u00f3 a fix telep\u00edt\u00e9s\u0171 kl\u00edmaberendez\u00e9s beszerel\u00e9se, ez\u00e9rt a v\u00e1s\u00e1rl\u00f3k jelent\u0151s r\u00e9sze a mobilkl\u00edm\u00e1k fel\u00e9 fordult. Az idei \u00e9v ny\u00e1ri sl\u00e1ger\u00e9nek mindenk\u00e9pp ez a term\u00e9kkateg\u00f3ria t\u0171nik, az\u00a0<a href=\"http:\/\/euronics.hu\/\" target=\"_blank\" rel=\"noopener noreferrer\" data-saferedirecturl=\"https:\/\/www.google.com\/url?q=http:\/\/euronics.hu&amp;source=gmail&amp;ust=1561965481286000&amp;usg=AFQjCNG022H4CzqcMy-WHHFyfytbgRxqaQ\">euronics.hu<\/a>\u00a0oldal keres\u0151mez\u0151j\u00e9ben m\u00e1r most \u00f6tvenszer t\u00f6bb alkalommal \u00edrt\u00e1k be ezt a kifejez\u00e9st, mint a tavalyi \u00e9v azonos id\u0151szak\u00e1ban, de az elad\u00e1sokon is j\u00f3l l\u00e1tszik a tendencia, a legt\u00f6bb darabsz\u00e1mban fogy\u00f3 term\u00e9kkateg\u00f3ri\u00e1k sor\u00e1ban a m\u00e1sodik helyre ker\u00fclt j\u00faniusban, megel\u0151zve az \u00e1ll\u00f3ventil\u00e1torokat.<\/p>\n<blockquote><p>\u201eA v\u00e1s\u00e1rl\u00f3i attit\u0171d\u00f6k k\u00f6z\u00f6tt egyre nagyobb szerepet kap a tudatoss\u00e1g is, mivel egyre t\u00f6bben ismerik fel, hogy az extr\u00e9m magas h\u0151\u00e9rzet\u00e9rt a magas p\u00e1ratartalom is felel\u0151s, sokan \u00e9rdekl\u0151dnek a p\u00e1r\u00e1tlan\u00edt\u00f3k ir\u00e1nt, a kereslet ezen a ter\u00fcleten is fel\u00e9l\u00e9nk\u00fclt\u201d \u2013 mes\u00e9lt a v\u00e1ltoz\u00e1sr\u00f3l Fazekas B\u00e1lint.<\/p><\/blockquote>\n<p>&nbsp;<\/p>\n<p><strong>Az Euronics M\u0171szaki \u00c1ruh\u00e1z \u2013 V\u00f6r\u00f6sk\u0151 Kft-r\u0151l:<\/strong>\u00a0A veszpr\u00e9mi sz\u00e9khely\u0171 V\u00f6r\u00f6sk\u0151 Kft.-t 1989-ben alap\u00edtott\u00e1k, tulajdonosai magyar mag\u00e1nszem\u00e9lyek. A c\u00e9g 2001 \u00e1prilis\u00e1ban csatlakozott az Euronics International Ltd. nemzetk\u00f6zi beszerz\u00e9si t\u00e1rsul\u00e1shoz, amelyhez 36 orsz\u00e1gban t\u00f6bb mint 8 800 \u00fczlet tartozik. Az Euronics m\u00e1r Magyarorsz\u00e1g minden megy\u00e9j\u00e9ben jelen van. A V\u00f6r\u00f6sk\u0151 Kft. \u00e1rbev\u00e9tele 2018-ban meghaladta a brutt\u00f3 74 milli\u00e1rd forintot. A c\u00e9gcsoport \u00f6sszesen 1260 dolgoz\u00f3t foglalkoztat, orsz\u00e1gszerte 66 \u00e1ruh\u00e1zzal rendelkezik.<\/p>\n<\/div>\n","protected":false},"excerpt":{"rendered":"<p>Ventil\u00e1torra \u00e1tlagosan 12 ezret, mobilkl\u00edm\u00e1ra 95-100 ezret k\u00f6ltenek a v\u00e1s\u00e1rl\u00f3k. A meghosszabb\u00edtott Otthon Melege Program nyertes p\u00e1ly\u00e1zatainak mintegy 20 sz\u00e1zal\u00e9ka v\u00e1r m\u00e9g megval\u00f3s\u00edt\u00e1sra, \u00edgy a t\u00e1mogatott h\u0171t\u0151v\u00e1s\u00e1rl\u00e1s is p\u00f6r\u00f6g az Euronicsn\u00e9l.<\/p>\n","protected":false},"author":1,"featured_media":0,"comment_status":"closed","ping_status":"open","sticky":false,"template":"","format":"standard","meta":[],"categories":[4,19],"tags":[],"_links":{"self":[{"href":"https:\/\/gazdasagportal.hu\/index.php\/wp-json\/wp\/v2\/posts\/117280"}],"collection":[{"href":"https:\/\/gazdasagportal.hu\/index.php\/wp-json\/wp\/v2\/posts"}],"about":[{"href":"https:\/\/gazdasagportal.hu\/index.php\/wp-json\/wp\/v2\/types\/post"}],"author":[{"embeddable":true,"href":"https:\/\/gazdasagportal.hu\/index.php\/wp-json\/wp\/v2\/users\/1"}],"replies":[{"embeddable":true,"href":"https:\/\/gazdasagportal.hu\/index.php\/wp-json\/wp\/v2\/comments?post=117280"}],"version-history":[{"count":1,"href":"https:\/\/gazdasagportal.hu\/index.php\/wp-json\/wp\/v2\/posts\/117280\/revisions"}],"predecessor-version":[{"id":117281,"href":"https:\/\/gazdasagportal.hu\/index.php\/wp-json\/wp\/v2\/posts\/117280\/revisions\/117281"}],"wp:attachment":[{"href":"https:\/\/gazdasagportal.hu\/index.php\/wp-json\/wp\/v2\/media?parent=117280"}],"wp:term":[{"taxonomy":"category","embeddable":true,"href":"https:\/\/gazdasagportal.hu\/index.php\/wp-json\/wp\/v2\/categories?post=117280"},{"taxonomy":"post_tag","embeddable":true,"href":"https:\/\/gazdasagportal.hu\/index.php\/wp-json\/wp\/v2\/tags?post=117280"}],"curies":[{"name":"wp","href":"https:\/\/api.w.org\/{rel}","templated":true}]}}