{"id":117243,"date":"2019-06-29T11:28:28","date_gmt":"2019-06-29T09:28:28","guid":{"rendered":"http:\/\/gazdasagportal.hu\/?p=117243"},"modified":"2019-06-29T09:51:53","modified_gmt":"2019-06-29T07:51:53","slug":"vihar-negyvennyolc-szabolcsi-telepulesen-tart-meg-a-karelharitas","status":"publish","type":"post","link":"https:\/\/gazdasagportal.hu\/index.php\/vihar-negyvennyolc-szabolcsi-telepulesen-tart-meg-a-karelharitas\/","title":{"rendered":"Vihar &#8211; Negyvennyolc szabolcsi telep\u00fcl\u00e9sen tart m\u00e9g a k\u00e1relh\u00e1r\u00edt\u00e1s"},"content":{"rendered":"<p><strong>Negyvennyolc telep\u00fcl\u00e9sen folynak m\u00e9g k\u00e1relh\u00e1r\u00edt\u00e1si munk\u00e1latok Szabolcs-Szatm\u00e1r-Bereg megy\u00e9ben, egyre t\u00f6bb helyen van ism\u00e9t \u00e1ram &#8211; k\u00f6z\u00f6lte a t\u00e9rs\u00e9gi katasztr\u00f3fav\u00e9delmi igazgat\u00f3s\u00e1g megb\u00edzott sz\u00f3viv\u0151je szombaton az MTI-vel.<\/strong><!--more--><\/p>\n<div class=\"ads-in-post1\"><div id=\"gazdasagportal.hu_fullbanner_wideboard\"><\/div>\r\n<\/div>\n<p>    Dud\u00e1s Szilvia elmondta: k\u00f6r\u00fclbel\u00fcl \u00f6tezer fogyaszt\u00e1si helyen nem m\u0171k\u00f6dik m\u00e9g az \u00e1ramszolg\u00e1ltat\u00e1s, h\u00e1romsz\u00e1zhatvan t\u0171zolt\u00f3 dolgozik egyfolyt\u00e1ban a cs\u00fct\u00f6rt\u00f6ki vihar okozta k\u00e1rok felsz\u00e1mol\u00e1s\u00e1n. A megyei t\u0171zolt\u00f3k munk\u00e1j\u00e1t Baranya, Gy\u0151r-Moson-Sopron, Zala, Kom\u00e1rom-Esztergom \u00e9s Vas megy\u00e9b\u0151l, valamint a Vajdas\u00e1gb\u00f3l, Erd\u00e9lyb\u0151l \u00e9s a Felvid\u00e9kr\u0151l \u00e9rkezett \u00f6nk\u00e9nes egys\u00e9gek seg\u00edtik.<br \/>\n    Hozz\u00e1tette: els\u0151sorban a tet\u0151szerkezetek ideiglenes helyre\u00e1ll\u00edt\u00e1sa, a megd\u0151lt, gy\u00f6kerest\u00fcl kiborult, \u00e9p\u00fcletekre borult f\u00e1k elt\u00e1vol\u00edt\u00e1sa most a feladat.(MTI)<br \/>\n<div class=\"ads-in-post2\"><script async src=\"https:\/\/pagead2.googlesyndication.com\/pagead\/js\/adsbygoogle.js\"><\/script>\r\n<ins class=\"adsbygoogle\"\r\n     style=\"display:block\"\r\n     data-ad-format=\"fluid\"\r\n     data-ad-layout-key=\"-6t+ed+2i-1n-4w\"\r\n     data-ad-client=\"ca-pub-1959107119989764\"\r\n     data-ad-slot=\"4008251320\"><\/ins>\r\n<script>\r\n     (adsbygoogle = window.adsbygoogle || []).push({});\r\n<\/script><\/div>\n","protected":false},"excerpt":{"rendered":"<p>Negyvennyolc telep\u00fcl\u00e9sen folynak m\u00e9g k\u00e1relh\u00e1r\u00edt\u00e1si munk\u00e1latok Szabolcs-Szatm\u00e1r-Bereg megy\u00e9ben, egyre t\u00f6bb helyen van ism\u00e9t \u00e1ram &#8211; k\u00f6z\u00f6lte a t\u00e9rs\u00e9gi katasztr\u00f3fav\u00e9delmi igazgat\u00f3s\u00e1g megb\u00edzott sz\u00f3viv\u0151je szombaton az MTI-vel.<\/p>\n","protected":false},"author":1,"featured_media":0,"comment_status":"closed","ping_status":"open","sticky":false,"template":"","format":"standard","meta":[],"categories":[4,19],"tags":[],"_links":{"self":[{"href":"https:\/\/gazdasagportal.hu\/index.php\/wp-json\/wp\/v2\/posts\/117243"}],"collection":[{"href":"https:\/\/gazdasagportal.hu\/index.php\/wp-json\/wp\/v2\/posts"}],"about":[{"href":"https:\/\/gazdasagportal.hu\/index.php\/wp-json\/wp\/v2\/types\/post"}],"author":[{"embeddable":true,"href":"https:\/\/gazdasagportal.hu\/index.php\/wp-json\/wp\/v2\/users\/1"}],"replies":[{"embeddable":true,"href":"https:\/\/gazdasagportal.hu\/index.php\/wp-json\/wp\/v2\/comments?post=117243"}],"version-history":[{"count":1,"href":"https:\/\/gazdasagportal.hu\/index.php\/wp-json\/wp\/v2\/posts\/117243\/revisions"}],"predecessor-version":[{"id":117244,"href":"https:\/\/gazdasagportal.hu\/index.php\/wp-json\/wp\/v2\/posts\/117243\/revisions\/117244"}],"wp:attachment":[{"href":"https:\/\/gazdasagportal.hu\/index.php\/wp-json\/wp\/v2\/media?parent=117243"}],"wp:term":[{"taxonomy":"category","embeddable":true,"href":"https:\/\/gazdasagportal.hu\/index.php\/wp-json\/wp\/v2\/categories?post=117243"},{"taxonomy":"post_tag","embeddable":true,"href":"https:\/\/gazdasagportal.hu\/index.php\/wp-json\/wp\/v2\/tags?post=117243"}],"curies":[{"name":"wp","href":"https:\/\/api.w.org\/{rel}","templated":true}]}}