{"id":117214,"date":"2019-06-28T13:01:05","date_gmt":"2019-06-28T11:01:05","guid":{"rendered":"http:\/\/gazdasagportal.hu\/?p=117214"},"modified":"2019-06-28T09:42:24","modified_gmt":"2019-06-28T07:42:24","slug":"legalabb-ket-hetet-csuszik-az-aratas-bizonytalan-a-piac","status":"publish","type":"post","link":"https:\/\/gazdasagportal.hu\/index.php\/legalabb-ket-hetet-csuszik-az-aratas-bizonytalan-a-piac\/","title":{"rendered":"Legal\u00e1bb k\u00e9t hetet cs\u00faszik az arat\u00e1s, bizonytalan a piac"},"content":{"rendered":"<p><strong>Legal\u00e1bb k\u00e9t hetet cs\u00faszik az arat\u00e1s az id\u00e9n. Els\u0151sorban az\u00e9rt, mert a h\u0171v\u00f6s m\u00e1jus miatt m\u00e9g nem \u00e9rett a term\u00e9s, de a fel\u00e1zott f\u00f6ldekre am\u00fagy sem lehetne komb\u00e1jnokkal r\u00e1menni.<\/strong><!--more--><\/p>\n<div class=\"ads-in-post1\"><div id=\"gazdasagportal.hu_fullbanner_wideboard\"><\/div>\r\n<\/div>\n<p>Az \u00e1rpa betakar\u00edt\u00e1s\u00e1val kezd\u0151d\u0151 arat\u00e1si id\u00e9ny hagyom\u00e1nyosan P\u00e9ter-P\u00e1l k\u00f6rny\u00e9k\u00e9n, vagyis j\u00fanius utols\u00f3 het\u00e9ben kezd\u0151dne, de a h\u0171v\u00f6s m\u00e1jus miatt a gabon\u00e1k m\u00e9g nem \u00e9rtek be \u2013 ismertette a helyzetet dr. Halmos G\u00e1bor, a Concordia K\u00f6zrakt\u00e1r Zrt. vez\u00e9rigazgat\u00f3ja. A k\u00e9s\u00e9s nemcsak a t\u00e1bl\u00e1k \u00e1llapot\u00e1b\u00f3l egy\u00e9rtelm\u0171, de a termel\u0151k viselked\u00e9s\u00e9b\u0151l is. A gazd\u00e1k jellemz\u0151en egy-k\u00e9t h\u00e9ttel a tervezett betakar\u00edt\u00e1s el\u0151tt kezdenek el szerz\u0151dni a rakt\u00e1rakkal \u00e9s a keresked\u0151kkel, de ennek id\u00e9n m\u00e9g semmi jele. Ugyanilyen bizonytalan a term\u00e9s min\u0151s\u00e9ge is. Ha a k\u00f6vetkez\u0151 1-2 h\u00e9tben meleg \u00e9s sz\u00e1raz id\u0151 lesz, akkor j\u00f3 es\u00e9ly van a j\u00f3 min\u0151s\u00e9gre \u00e9s magas sik\u00e9rtartalomra. Ha es\u0151s marad az id\u0151, az m\u00e9g tov\u00e1bb halaszthatja a betakar\u00edt\u00e1st, mert a s\u00e1ros f\u00f6ldeken nem nagyon lehet komb\u00e1jnokkal dolgozni, \u00e9s a min\u0151s\u00e9get is gyeng\u00edti.<br \/>\n<div class=\"ads-in-post2\"><script async src=\"https:\/\/pagead2.googlesyndication.com\/pagead\/js\/adsbygoogle.js\"><\/script>\r\n<ins class=\"adsbygoogle\"\r\n     style=\"display:block\"\r\n     data-ad-format=\"fluid\"\r\n     data-ad-layout-key=\"-6t+ed+2i-1n-4w\"\r\n     data-ad-client=\"ca-pub-1959107119989764\"\r\n     data-ad-slot=\"4008251320\"><\/ins>\r\n<script>\r\n     (adsbygoogle = window.adsbygoogle || []).push({});\r\n<\/script><\/div>\n<p>A vil\u00e1g legnagyobb b\u00fazatermel\u0151i (Pld. USA, Oroszorsz\u00e1g, Ukrajna) kiv\u00e1l\u00f3, a tavalyit meghalad\u00f3 term\u00e9sr\u0151l adtak h\u00edrt a k\u00f6zelm\u00faltban, m\u00edg Magyarorsz\u00e1gon valamivel kevesebbre lehet sz\u00e1m\u00edtani az elm\u00falt \u00e9vek \u00e1tlag\u00e1n\u00e1l, \u00edgy a keresked\u0151k egyel\u0151re nem k\u00f6z\u00f6ltek \u00e1rakat, \u0151k is v\u00e1rj\u00e1k az els\u0151 min\u0151s\u00e9gvizsg\u00e1latok eredm\u00e9ny\u00e9t. Ilyenkor jellemz\u0151en nagy ig\u00e9ny van a k\u00f6zrakt\u00e1ri szolg\u00e1ltat\u00e1s stabiliz\u00e1l\u00f3 erej\u00e9re, \u00edgy a T\u00e1rsas\u00e1g mindenk\u00e9ppen der\u00fcl\u00e1t\u00f3 erre az \u00e9vre \u2013 z\u00e1rta a vezet\u0151.<\/p>\n","protected":false},"excerpt":{"rendered":"<p>Legal\u00e1bb k\u00e9t hetet cs\u00faszik az arat\u00e1s az id\u00e9n. Els\u0151sorban az\u00e9rt, mert a h\u0171v\u00f6s m\u00e1jus miatt m\u00e9g nem \u00e9rett a term\u00e9s, de a fel\u00e1zott f\u00f6ldekre am\u00fagy sem lehetne komb\u00e1jnokkal r\u00e1menni.<\/p>\n","protected":false},"author":1,"featured_media":0,"comment_status":"closed","ping_status":"open","sticky":false,"template":"","format":"standard","meta":[],"categories":[4,19],"tags":[],"_links":{"self":[{"href":"https:\/\/gazdasagportal.hu\/index.php\/wp-json\/wp\/v2\/posts\/117214"}],"collection":[{"href":"https:\/\/gazdasagportal.hu\/index.php\/wp-json\/wp\/v2\/posts"}],"about":[{"href":"https:\/\/gazdasagportal.hu\/index.php\/wp-json\/wp\/v2\/types\/post"}],"author":[{"embeddable":true,"href":"https:\/\/gazdasagportal.hu\/index.php\/wp-json\/wp\/v2\/users\/1"}],"replies":[{"embeddable":true,"href":"https:\/\/gazdasagportal.hu\/index.php\/wp-json\/wp\/v2\/comments?post=117214"}],"version-history":[{"count":1,"href":"https:\/\/gazdasagportal.hu\/index.php\/wp-json\/wp\/v2\/posts\/117214\/revisions"}],"predecessor-version":[{"id":117215,"href":"https:\/\/gazdasagportal.hu\/index.php\/wp-json\/wp\/v2\/posts\/117214\/revisions\/117215"}],"wp:attachment":[{"href":"https:\/\/gazdasagportal.hu\/index.php\/wp-json\/wp\/v2\/media?parent=117214"}],"wp:term":[{"taxonomy":"category","embeddable":true,"href":"https:\/\/gazdasagportal.hu\/index.php\/wp-json\/wp\/v2\/categories?post=117214"},{"taxonomy":"post_tag","embeddable":true,"href":"https:\/\/gazdasagportal.hu\/index.php\/wp-json\/wp\/v2\/tags?post=117214"}],"curies":[{"name":"wp","href":"https:\/\/api.w.org\/{rel}","templated":true}]}}