{"id":117212,"date":"2019-06-28T12:38:08","date_gmt":"2019-06-28T10:38:08","guid":{"rendered":"http:\/\/gazdasagportal.hu\/?p=117212"},"modified":"2019-06-28T09:39:59","modified_gmt":"2019-06-28T07:39:59","slug":"ader-magyarorszag-a-2030-ra-elhatarozott-klimavallalasait-teljesiteni-fogja","status":"publish","type":"post","link":"https:\/\/gazdasagportal.hu\/index.php\/ader-magyarorszag-a-2030-ra-elhatarozott-klimavallalasait-teljesiteni-fogja\/","title":{"rendered":"\u00c1der: Magyarorsz\u00e1g a 2030-ra elhat\u00e1rozott kl\u00edmav\u00e1llal\u00e1sait teljes\u00edteni fogja"},"content":{"rendered":"<p><strong>Magyarorsz\u00e1g teljes\u00edteni fogja a kl\u00edmav\u00e9delem \u00fcgy\u00e9ben 2030-ra v\u00e1llalt k\u00f6telezetts\u00e9geit &#8211; jelentette ki a k\u00f6zt\u00e1rsas\u00e1gi eln\u00f6k p\u00e9nteken a Kossuth r\u00e1di\u00f3 J\u00f3 reggelt, Magyarorsz\u00e1g! c\u00edm\u0171 m\u0171sor\u00e1ban, a kl\u00edmapolitik\u00e1r\u00f3l adott interj\u00faban.<\/strong><!--more--><\/p>\n<div class=\"ads-in-post1\"><div id=\"gazdasagportal.hu_fullbanner_wideboard\"><\/div>\r\n<\/div>\n<p>    \u00c1der J\u00e1nos id\u00e9zte az uni\u00f3s k\u00f6rnyezetv\u00e9delmi \u00fcgyn\u00f6ks\u00e9g adatait, amelyek szerint az 1990-2017 k\u00f6z\u00f6tti sz\u00e9n-dioxid-kibocs\u00e1t\u00e1s &#8211; t\u00f6bb uni\u00f3s tag\u00e1llammal ellent\u00e9tben &#8211; Magyarorsz\u00e1gon cs\u00f6kkent, 31,9 sz\u00e1zal\u00e9kkal, ugyanannyival, mint az emberek fej\u00e9ben &#8222;a kl\u00edmabajnokk\u00e9nt&#8221; \u00e9l\u0151 D\u00e1ni\u00e1ban.<br \/>\n    Az \u00e1llamf\u0151 kiemelte tov\u00e1bb\u00e1, hogy a kibocs\u00e1t\u00e1scs\u00f6kkent\u00e9s mellett Magyarorsz\u00e1gon n\u0151 a sz\u00e9n-dioxid elnyel\u00e9s\u00e9ben seg\u00edt\u0151 erd\u0151k ter\u00fclet\u00e9nek nagys\u00e1ga, \u00e9s az erd\u0151s\u00edt\u00e9si program folytat\u00f3dni fog.<br \/>\n    Felh\u00edvta a figyelmet arra is, hogy Magyarorsz\u00e1g azon kev\u00e9s \u00e1llam k\u00f6z\u00e9 tartozik &#8211; 21 ilyen orsz\u00e1g van az eg\u00e9sz vil\u00e1gban -, amely 1990-hez k\u00e9pest \u00fagy tudta n\u00f6velni a gazdas\u00e1gi teljes\u00edtm\u00e9ny\u00e9t, hogy k\u00f6zben cs\u00f6kkentette a sz\u00e9n-dioxid-kibocs\u00e1t\u00e1st \u00e9s az energiafelhaszn\u00e1l\u00e1st is. Ennek csak egy r\u00e9sze ad\u00f3dott a szocialista nagyipar 1990-es \u00f6sszeoml\u00e1s\u00e1b\u00f3l, e teljes\u00edtm\u00e9ny m\u00e1sik, nagyobbik r\u00e9sze a 2000 ut\u00e1ni technol\u00f3giav\u00e1lt\u00e1s eredm\u00e9nye &#8211; k\u00f6z\u00f6lte.<br \/>\n    A j\u00f6v\u0151ben pedig ha folytat\u00f3dik a naper\u0151m\u0171vi kapacit\u00e1s b\u0151v\u00fcl\u00e9se, \u00e9s meg\u00e9p\u00fcl a paksi beruh\u00e1z\u00e1s, akkor 2030-ra a magyarorsz\u00e1gi \u00e1ramtermel\u00e9s legal\u00e1bb 90 sz\u00e1zal\u00e9ka sz\u00e9n-dioxid-mentes lesz &#8211; fejtette ki \u00c1der J\u00e1nos.<br \/>\n    Arra is kit\u00e9rt, hogy 2030-ra a sz\u00e9ner\u0151m\u0171vek nagy r\u00e9sz\u00e9t, de lehet, hogy mindegyik\u00e9t, be kell z\u00e1rni, vagy \u00e1t kell alak\u00edtani m\u00e1s f\u0171t\u00e9si m\u00f3dra, p\u00e9ld\u00e1ul f\u00f6ldg\u00e1zra.<br \/>\n<div class=\"ads-in-post2\"><script async src=\"https:\/\/pagead2.googlesyndication.com\/pagead\/js\/adsbygoogle.js\"><\/script>\r\n<ins class=\"adsbygoogle\"\r\n     style=\"display:block\"\r\n     data-ad-format=\"fluid\"\r\n     data-ad-layout-key=\"-6t+ed+2i-1n-4w\"\r\n     data-ad-client=\"ca-pub-1959107119989764\"\r\n     data-ad-slot=\"4008251320\"><\/ins>\r\n<script>\r\n     (adsbygoogle = window.adsbygoogle || []).push({});\r\n<\/script><\/div>\n    A k\u00f6zt\u00e1rsas\u00e1gi eln\u00f6k j\u00f3 ir\u00e1nynak nevezte tov\u00e1bb\u00e1 azt a korm\u00e1nyzati c\u00e9lt, hogy a geotermikus energia haszn\u00e1lat\u00e1ra t\u00f6bb forr\u00e1st biztos\u00edtsanak.<br \/>\n    Azt is fontosnak tartja &#8211; tette hozz\u00e1 -, hogy a szennyez\u0151bb t\u00f6megk\u00f6zleked\u00e9si j\u00e1rm\u0171veket k\u00f6rnyezetbar\u00e1tabbakra cser\u00e9lj\u00e9k.<br \/>\n    Megjegyezte: a jelenlegi eur\u00f3pai uni\u00f3s vita arr\u00f3l zajlik, hogy 2030-2050 k\u00f6z\u00f6tt milyen tov\u00e1bbi v\u00e1llal\u00e1sokat tegyenek a sz\u00e9n-dioxid-kibocs\u00e1t\u00e1s cs\u00f6kkent\u00e9se \u00e9rdek\u00e9ben.<br \/>\n    A kl\u00edmav\u00e9delem \u00fcgy\u00e9ben nem \u00fcnnep\u00e9lyes deklar\u00e1ci\u00f3kra \u00e9s l\u00e1tv\u00e1nyos sz\u00e1nd\u00e9knyilatkozatokra van sz\u00fcks\u00e9g, hanem arra, hogy &#8222;v\u00e9gre l\u00e1ssunk hozz\u00e1 a munk\u00e1hoz&#8221; &#8211; mondta az eln\u00f6k, hozz\u00e1t\u00e9ve: &#8222;ha a mostani progn\u00f3zisokat is figyelmen k\u00edv\u00fcl hagyjuk, azt mondjuk, r\u00e1\u00e9r\u00fcnk m\u00e9g ezzel foglalkozni, kicsit pat\u00f3p\u00e1loskodunk m\u00e9g, akkor a helyzet 5-10 \u00e9v m\u00falva m\u00e9g rosszabb lesz&#8221;.<br \/>\n    Ezzel kapcsolatban r\u00e1mutatott, hogy a p\u00e1rizsi kl\u00edmameg\u00e1llapod\u00e1s \u00f3ta eltelt id\u0151ben vil\u00e1gszerte nemhogy cs\u00f6kkent volna a sz\u00e9n-dioxid-kibocs\u00e1t\u00e1s, hanem n\u0151tt.<br \/>\n    Azt a p\u00e9ld\u00e1t is megeml\u00edtette, hogy Kanad\u00e1ban a parlament kl\u00edmav\u00e9szhelyzetr\u0151l d\u00f6nt\u00f6tt, majd egy nappal k\u00e9s\u0151bb az \u00e9szak-amerikai orsz\u00e1g korm\u00e1nya egy k\u00f6zel 1200 kilom\u00e9ter hossz\u00fa olajvezet\u00e9k kapacit\u00e1s\u00e1nak megh\u00e1romszoroz\u00e1s\u00e1r\u00f3l hat\u00e1rozott. Az egy f\u0151re es\u0151 sz\u00e9n-dioxid-kibocs\u00e1t\u00e1s egy\u00e9bk\u00e9nt Kanad\u00e1ban h\u00e1romszorosa a magyarnak &#8211; jegyezte meg az \u00e1llamf\u0151.<br \/>\n    Arra a k\u00e9rd\u00e9sre, hogy a nagyobb c\u00e9geket r\u00e1 lehet-e venni a kl\u00edmav\u00e9delemre, \u00c1der J\u00e1nos azt felelte: egyr\u00e9szt meg lehet gy\u0151zni, \u00fczletileg \u00e9rdekeltt\u00e9 lehet tenni a v\u00e1llalatokat, m\u00e1sr\u00e9szt viszont ha ezt nem akarj\u00e1k, akkor jogszab\u00e1lyokkal k\u00e9nyszer\u00edteni is lehet \u0151ket. Mindegyik eszk\u00f6z elfogadhat\u00f3 a c\u00e9l \u00e9rdek\u00e9ben, de nagyon sok a j\u00f3 p\u00e9lda a v\u00e1llalati vil\u00e1gb\u00f3l, a magyar gazdas\u00e1gi szerepl\u0151k nagy r\u00e9sz\u00e9n\u00e9l megt\u00f6rt\u00e9nt a szeml\u00e9letv\u00e1lt\u00e1s &#8211; hangs\u00falyozta.<br \/>\n    Greta Thunberg sv\u00e9d k\u00f6rnyezetv\u00e9d\u0151 aktivista mozgalm\u00e1val kapcsolatban \u00fagy fogalmazott: a di\u00e1kl\u00e1ny jogosan emeli fel a szav\u00e1t, hiszen &#8222;az \u0151 j\u00f6v\u0151j\u00fckr\u0151l is sz\u00f3 van&#8221;, \u00e9s helyes, hogy ez nagy nyilv\u00e1noss\u00e1got kap. &#8222;A probl\u00e9ma ott van, hogy n\u00e9h\u00e1nyan \u00fagy gondolj\u00e1k, hogy \u00f6nmag\u00e1ban az, hogy ha ebb\u0151l egy politikai pr-akci\u00f3t csin\u00e1lnak, akkor onnant\u00f3l mi, politikusok, d\u00f6nt\u00e9shoz\u00f3k, korm\u00e1nyzati szerepl\u0151k elv\u00e9gezt\u00fck a feladatunkat \u00e9s nyugodtan h\u00e1trad\u0151lhet\u00fcnk. Ez nem igaz&#8221; &#8211; mondta.(MTI)<\/p>\n","protected":false},"excerpt":{"rendered":"<p>Magyarorsz\u00e1g teljes\u00edteni fogja a kl\u00edmav\u00e9delem \u00fcgy\u00e9ben 2030-ra v\u00e1llalt k\u00f6telezetts\u00e9geit &#8211; jelentette ki a k\u00f6zt\u00e1rsas\u00e1gi eln\u00f6k p\u00e9nteken a Kossuth r\u00e1di\u00f3 J\u00f3 reggelt, Magyarorsz\u00e1g! c\u00edm\u0171 m\u0171sor\u00e1ban, a kl\u00edmapolitik\u00e1r\u00f3l adott interj\u00faban.<\/p>\n","protected":false},"author":1,"featured_media":0,"comment_status":"closed","ping_status":"open","sticky":false,"template":"","format":"standard","meta":[],"categories":[4,19],"tags":[],"_links":{"self":[{"href":"https:\/\/gazdasagportal.hu\/index.php\/wp-json\/wp\/v2\/posts\/117212"}],"collection":[{"href":"https:\/\/gazdasagportal.hu\/index.php\/wp-json\/wp\/v2\/posts"}],"about":[{"href":"https:\/\/gazdasagportal.hu\/index.php\/wp-json\/wp\/v2\/types\/post"}],"author":[{"embeddable":true,"href":"https:\/\/gazdasagportal.hu\/index.php\/wp-json\/wp\/v2\/users\/1"}],"replies":[{"embeddable":true,"href":"https:\/\/gazdasagportal.hu\/index.php\/wp-json\/wp\/v2\/comments?post=117212"}],"version-history":[{"count":1,"href":"https:\/\/gazdasagportal.hu\/index.php\/wp-json\/wp\/v2\/posts\/117212\/revisions"}],"predecessor-version":[{"id":117213,"href":"https:\/\/gazdasagportal.hu\/index.php\/wp-json\/wp\/v2\/posts\/117212\/revisions\/117213"}],"wp:attachment":[{"href":"https:\/\/gazdasagportal.hu\/index.php\/wp-json\/wp\/v2\/media?parent=117212"}],"wp:term":[{"taxonomy":"category","embeddable":true,"href":"https:\/\/gazdasagportal.hu\/index.php\/wp-json\/wp\/v2\/categories?post=117212"},{"taxonomy":"post_tag","embeddable":true,"href":"https:\/\/gazdasagportal.hu\/index.php\/wp-json\/wp\/v2\/tags?post=117212"}],"curies":[{"name":"wp","href":"https:\/\/api.w.org\/{rel}","templated":true}]}}