{"id":117196,"date":"2019-06-28T04:04:52","date_gmt":"2019-06-28T02:04:52","guid":{"rendered":"http:\/\/gazdasagportal.hu\/?p=117196"},"modified":"2019-06-27T23:30:28","modified_gmt":"2019-06-27T21:30:28","slug":"julius-31-ig-kaptak-haladekot-a-varandos-kismamak","status":"publish","type":"post","link":"https:\/\/gazdasagportal.hu\/index.php\/julius-31-ig-kaptak-haladekot-a-varandos-kismamak\/","title":{"rendered":"J\u00falius 31-ig kaptak halad\u00e9kot a v\u00e1rand\u00f3s kismam\u00e1k!"},"content":{"rendered":"<p><strong>A 2019. j\u00fanius 26-i Magyar K\u00f6zl\u00f6nyben megjelent egy r\u00f6vid, de fontos kieg\u00e9sz\u00edt\u00e9s a <a href=\"https:\/\/bank360.hu\/babavaro-hitel\" target=\"_blank\" rel=\"noopener\">babav\u00e1r\u00f3 hitelre<\/a> vonatkoz\u00f3an. E szerint azok a p\u00e1rok, akiknek 2019. j\u00falius 1. \u00e9s 31. k\u00f6z\u00f6tt sz\u00fcletik meg a v\u00e9rszerinti gyermek\u00fck, \u00e9s legk\u00e9s\u0151bb 2019. j\u00falius 31-ig beny\u00fajtj\u00e1k a k\u00f6lcs\u00f6nk\u00e9relmet, jogosultak lesznek a sz\u00fcletend\u0151 gyermek\u00fck ut\u00e1n a kamatt\u00e1mogat\u00e1sra \u00e9s a gyermekv\u00e1llal\u00e1si t\u00e1mogat\u00e1sra is.<\/strong><!--more--><\/p>\n<div class=\"ads-in-post1\"><div id=\"gazdasagportal.hu_fullbanner_wideboard\"><\/div>\r\n<\/div>\n<p>&nbsp;<\/p>\n<p>Egy\u00e9rtelm\u0171v\u00e9 v\u00e1lt az a k\u00e9rd\u00e9s is, ami arra vonatkozik, hogy pontosan mikort\u00f3l \u00e9rv\u00e9nyes\u00edthet\u0151 kamatt\u00e1mogat\u00e1s. Ezzel a probl\u00e9m\u00e1val kor\u00e1bban a Bank360 is t\u00f6bbsz\u00f6r szembes\u00fclt, a m\u00f3dos\u00edt\u00e1s azonban eloszlatta a k\u00e9telyeket: a rendelet egy\u00e9rtelm\u0171v\u00e9 teszi, hogy a kedvezm\u00e9nyek ig\u00e9nybev\u00e9tel\u00e9n\u00e9l <strong>a k\u00f6lcs\u00f6nk\u00e9relem beny\u00fajt\u00e1s\u00e1nak az id\u0151pontja sz\u00e1m\u00edt. <\/strong>A Bank360 a Korm\u00e1nyzati \u00dcgyf\u00e9lvonalt\u00f3l kapott inform\u00e1ci\u00f3k alapj\u00e1n kor\u00e1bban is ezen az \u00e1ll\u00e1sponton volt.<\/p><div id=\"gazda-3753929148\" class=\"gazda-tartalomban gazda-entity-placement\"><script async src=\"https:\/\/pagead2.googlesyndication.com\/pagead\/js\/adsbygoogle.js\"><\/script>\r\n<ins class=\"adsbygoogle\"\r\n     style=\"display:block\"\r\n     data-ad-format=\"fluid\"\r\n     data-ad-layout-key=\"-6t+ed+2i-1n-4w\"\r\n     data-ad-client=\"ca-pub-1959107119989764\"\r\n     data-ad-slot=\"4008251320\"><\/ins>\r\n<script>\r\n     (adsbygoogle = window.adsbygoogle || []).push({});\r\n<\/script><\/div>\n<p>&nbsp;<br \/>\n<div class=\"ads-in-post2\"><script async src=\"https:\/\/pagead2.googlesyndication.com\/pagead\/js\/adsbygoogle.js\"><\/script>\r\n<ins class=\"adsbygoogle\"\r\n     style=\"display:block\"\r\n     data-ad-format=\"fluid\"\r\n     data-ad-layout-key=\"-6t+ed+2i-1n-4w\"\r\n     data-ad-client=\"ca-pub-1959107119989764\"\r\n     data-ad-slot=\"4008251320\"><\/ins>\r\n<script>\r\n     (adsbygoogle = window.adsbygoogle || []).push({});\r\n<\/script><\/div>\n<p>A korm\u00e1ny m\u00e1r utalt r\u00e1, hogy tervezi megoldani a probl\u00e9m\u00e1t, amely szerint azok a p\u00e1rok, akik j\u00falius els\u0151 heteire v\u00e1rt\u00e1k a gyermek\u00fcket, eleshetnek a kamatt\u00e1mogat\u00e1st\u00f3l, mert nem tudj\u00e1k id\u0151ben beadni a t\u00e1mogat\u00e1st &#8211; p\u00e9ld\u00e1ul a hi\u00e1nyz\u00f3 TB jogviszony igazol\u00e1s miatt.<\/p>\n<p>&nbsp;<\/p>\n<p>&nbsp;<\/p>\n<p><em> <strong>A Bank360 Zrt.-r\u0151l<\/strong><\/em><\/p>\n<p>A Bank360 k\u00f6zel h\u00e1rom \u00e9ve seg\u00edti a lakoss\u00e1got abban, hogy p\u00e9nz\u00fcgyi d\u00f6nt\u00e9seikkel teljesen el\u00e9gedettek legyenek hossz\u00fa t\u00e1von is. A szakport\u00e1l kalkul\u00e1toraival a legfontosabb banki term\u00e9keket hasonl\u00edthatjuk \u00f6ssze, az oldalon megjelen\u0151 elemz\u00e9sek \u00e9s bejegyz\u00e9sek pedig a t\u00e1j\u00e9koz\u00f3d\u00e1st seg\u00edtik a p\u00e9nz\u00fcgyek vil\u00e1g\u00e1ban, seg\u00edtve a tudatos \u00e9s megfelel\u0151 d\u00f6nt\u00e9st az adott anyagi helyzetben.<\/p>\n<p>&nbsp;<\/p>\n","protected":false},"excerpt":{"rendered":"<p>A 2019. j\u00fanius 26-i Magyar K\u00f6zl\u00f6nyben megjelent egy r\u00f6vid, de fontos kieg\u00e9sz\u00edt\u00e9s a babav\u00e1r\u00f3 hitelre vonatkoz\u00f3an. E szerint azok a p\u00e1rok, akiknek 2019. j\u00falius 1. \u00e9s 31. k\u00f6z\u00f6tt sz\u00fcletik meg a v\u00e9rszerinti gyermek\u00fck, \u00e9s legk\u00e9s\u0151bb 2019. j\u00falius 31-ig beny\u00fajtj\u00e1k a k\u00f6lcs\u00f6nk\u00e9relmet, jogosultak lesznek a sz\u00fcletend\u0151 gyermek\u00fck ut\u00e1n a kamatt\u00e1mogat\u00e1sra \u00e9s a gyermekv\u00e1llal\u00e1si t\u00e1mogat\u00e1sra is.<\/p>\n","protected":false},"author":1,"featured_media":0,"comment_status":"closed","ping_status":"open","sticky":false,"template":"","format":"standard","meta":[],"categories":[4,19,22],"tags":[],"_links":{"self":[{"href":"https:\/\/gazdasagportal.hu\/index.php\/wp-json\/wp\/v2\/posts\/117196"}],"collection":[{"href":"https:\/\/gazdasagportal.hu\/index.php\/wp-json\/wp\/v2\/posts"}],"about":[{"href":"https:\/\/gazdasagportal.hu\/index.php\/wp-json\/wp\/v2\/types\/post"}],"author":[{"embeddable":true,"href":"https:\/\/gazdasagportal.hu\/index.php\/wp-json\/wp\/v2\/users\/1"}],"replies":[{"embeddable":true,"href":"https:\/\/gazdasagportal.hu\/index.php\/wp-json\/wp\/v2\/comments?post=117196"}],"version-history":[{"count":1,"href":"https:\/\/gazdasagportal.hu\/index.php\/wp-json\/wp\/v2\/posts\/117196\/revisions"}],"predecessor-version":[{"id":117197,"href":"https:\/\/gazdasagportal.hu\/index.php\/wp-json\/wp\/v2\/posts\/117196\/revisions\/117197"}],"wp:attachment":[{"href":"https:\/\/gazdasagportal.hu\/index.php\/wp-json\/wp\/v2\/media?parent=117196"}],"wp:term":[{"taxonomy":"category","embeddable":true,"href":"https:\/\/gazdasagportal.hu\/index.php\/wp-json\/wp\/v2\/categories?post=117196"},{"taxonomy":"post_tag","embeddable":true,"href":"https:\/\/gazdasagportal.hu\/index.php\/wp-json\/wp\/v2\/tags?post=117196"}],"curies":[{"name":"wp","href":"https:\/\/api.w.org\/{rel}","templated":true}]}}