{"id":117187,"date":"2019-06-27T14:50:46","date_gmt":"2019-06-27T12:50:46","guid":{"rendered":"http:\/\/gazdasagportal.hu\/?p=117187"},"modified":"2019-06-27T14:50:46","modified_gmt":"2019-06-27T12:50:46","slug":"masodfoku-riasztas-jegeso-hatalmas-vihar","status":"publish","type":"post","link":"https:\/\/gazdasagportal.hu\/index.php\/masodfoku-riasztas-jegeso-hatalmas-vihar\/","title":{"rendered":"M\u00e1sodfok\u00fa riaszt\u00e1s, j\u00e9ges\u0151, hatalmas vihar"},"content":{"rendered":"<p><strong>T\u00f6bb \u00e9szakkeleti j\u00e1r\u00e1sra m\u00e1sodfok\u00fa riaszt\u00e1sokat adott ki zivatarvesz\u00e9ly miatt az Orsz\u00e1gos Meteorol\u00f3giai Szolg\u00e1lat cs\u00fct\u00f6rt\u00f6k\u00f6n, kora d\u00e9lut\u00e1n. Az \u00e9rintett j\u00e1r\u00e1sokban a k\u00f6vetkez\u0151 \u00f3r\u00e1kban kialakulhatnak olyan zivatarok, amelyeket k\u00e1rokoz\u00f3 sz\u00e9l, illetve nagym\u00e9ret\u0171 j\u00e9g k\u00eds\u00e9rhet.<\/strong><!--more--><\/p>\n<div class=\"ads-in-post1\"><div id=\"gazdasagportal.hu_fullbanner_wideboard\"><\/div>\r\n<\/div>\n<p>    A meteorol\u00f3giai szolg\u00e1lat MTI-hez eljuttatott vesz\u00e9lyjelz\u00e9se szerint a nap folyam\u00e1n B\u00e9k\u00e9s, Borsod-Aba\u00faj-Zempl\u00e9n, Hajd\u00fa-Bihar \u00e9s Szabolcs-Szatm\u00e1r-Bereg megy\u00e9ben lehetnek m\u00e1sodfok\u00fa riaszt\u00e1sok.<br \/>\n    Emellett tov\u00e1bbra is figyelmeztetnek a h\u0151s\u00e9g miatt. A f\u0151v\u00e1rosban, Pest, Baranya, B\u00e1cs-Kiskun, B\u00e9k\u00e9s, Csongr\u00e1d, Fej\u00e9r, Gy\u0151r-Moson-Sopron, J\u00e1sz-Nagykun-Szolnok, Kom\u00e1rom-Esztergom, Somogy, Tolna, Vas, Veszpr\u00e9m \u00e9s Zala megy\u00e9ben m\u00e1sodfok\u00fa, a t\u00f6bbi megy\u00e9ben els\u0151fok\u00fa a h\u0151s\u00e9g miatt kiadott figyelmeztet\u00e9s.<br \/>\n<div class=\"ads-in-post2\"><script async src=\"https:\/\/pagead2.googlesyndication.com\/pagead\/js\/adsbygoogle.js\"><\/script>\r\n<ins class=\"adsbygoogle\"\r\n     style=\"display:block\"\r\n     data-ad-format=\"fluid\"\r\n     data-ad-layout-key=\"-6t+ed+2i-1n-4w\"\r\n     data-ad-client=\"ca-pub-1959107119989764\"\r\n     data-ad-slot=\"4008251320\"><\/ins>\r\n<script>\r\n     (adsbygoogle = window.adsbygoogle || []).push({});\r\n<\/script><\/div>\n    Azt \u00edrt\u00e1k: d\u00e9lut\u00e1nt\u00f3l egy hidegfront hat\u00e1s\u00e1ra els\u0151sorban az \u00e9szakkeleti, keleti megy\u00e9kben, illetve a Nyugat-, D\u00e9lnyugat-Dun\u00e1nt\u00falon alakulhatnak ki intenz\u00edv zivatarok, amelyek k\u00f6rnyezet\u00e9ben viharos sz\u00e9ll\u00f6k\u00e9s, j\u00e9ges\u0151 \u00e9s lok\u00e1lisan felh\u0151szakad\u00e1s el\u0151fordulhat. Keleten heves zivatarra is van es\u00e9ly, amelyekhez kisebb ter\u00fcleten 90-100 kilom\u00e9ter\/\u00f3ra feletti sz\u00e9ll\u00f6k\u00e9s, valamint nagy m\u00e9ret\u0171 (2 centim\u00e9ter \u00e1tm\u00e9r\u0151n\u00e9l nagyobb) j\u00e9g is t\u00e1rsulhat.<br \/>\n    Az \u00e9szakkeleti t\u00e1jak kiv\u00e9tel\u00e9vel v\u00e1rhat\u00f3an 25-27 fok felett alakul a napi k\u00f6z\u00e9ph\u0151m\u00e9rs\u00e9klet. A maximumok t\u00f6bbnyire 31 \u00e9s 36 fok k\u00f6z\u00f6tt alakulnak. K\u00e9s\u0151 est\u00e9re 20 \u00e9s 28 fok k\u00f6z\u00e9 cs\u00f6kken a h\u0151m\u00e9rs\u00e9klet.(MTI)<\/p>\n","protected":false},"excerpt":{"rendered":"<p>T\u00f6bb \u00e9szakkeleti j\u00e1r\u00e1sra m\u00e1sodfok\u00fa riaszt\u00e1sokat adott ki zivatarvesz\u00e9ly miatt az Orsz\u00e1gos Meteorol\u00f3giai Szolg\u00e1lat cs\u00fct\u00f6rt\u00f6k\u00f6n, kora d\u00e9lut\u00e1n. Az \u00e9rintett j\u00e1r\u00e1sokban a k\u00f6vetkez\u0151 \u00f3r\u00e1kban kialakulhatnak olyan zivatarok, amelyeket k\u00e1rokoz\u00f3 sz\u00e9l, illetve nagym\u00e9ret\u0171 j\u00e9g k\u00eds\u00e9rhet.<\/p>\n","protected":false},"author":1,"featured_media":0,"comment_status":"closed","ping_status":"open","sticky":false,"template":"","format":"standard","meta":[],"categories":[4],"tags":[],"_links":{"self":[{"href":"https:\/\/gazdasagportal.hu\/index.php\/wp-json\/wp\/v2\/posts\/117187"}],"collection":[{"href":"https:\/\/gazdasagportal.hu\/index.php\/wp-json\/wp\/v2\/posts"}],"about":[{"href":"https:\/\/gazdasagportal.hu\/index.php\/wp-json\/wp\/v2\/types\/post"}],"author":[{"embeddable":true,"href":"https:\/\/gazdasagportal.hu\/index.php\/wp-json\/wp\/v2\/users\/1"}],"replies":[{"embeddable":true,"href":"https:\/\/gazdasagportal.hu\/index.php\/wp-json\/wp\/v2\/comments?post=117187"}],"version-history":[{"count":1,"href":"https:\/\/gazdasagportal.hu\/index.php\/wp-json\/wp\/v2\/posts\/117187\/revisions"}],"predecessor-version":[{"id":117188,"href":"https:\/\/gazdasagportal.hu\/index.php\/wp-json\/wp\/v2\/posts\/117187\/revisions\/117188"}],"wp:attachment":[{"href":"https:\/\/gazdasagportal.hu\/index.php\/wp-json\/wp\/v2\/media?parent=117187"}],"wp:term":[{"taxonomy":"category","embeddable":true,"href":"https:\/\/gazdasagportal.hu\/index.php\/wp-json\/wp\/v2\/categories?post=117187"},{"taxonomy":"post_tag","embeddable":true,"href":"https:\/\/gazdasagportal.hu\/index.php\/wp-json\/wp\/v2\/tags?post=117187"}],"curies":[{"name":"wp","href":"https:\/\/api.w.org\/{rel}","templated":true}]}}