{"id":117185,"date":"2019-06-27T14:25:52","date_gmt":"2019-06-27T12:25:52","guid":{"rendered":"http:\/\/gazdasagportal.hu\/?p=117185"},"modified":"2019-06-27T14:25:52","modified_gmt":"2019-06-27T12:25:52","slug":"peking-a-huawei-elleni-szankciok-eltorlesere-szolitotta-fel-washingtont","status":"publish","type":"post","link":"https:\/\/gazdasagportal.hu\/index.php\/peking-a-huawei-elleni-szankciok-eltorlesere-szolitotta-fel-washingtont\/","title":{"rendered":"Peking a Huawei elleni szankci\u00f3k elt\u00f6rl\u00e9s\u00e9re sz\u00f3l\u00edtotta fel Washingtont"},"content":{"rendered":"<p><strong>Azonalli hat\u00e1llyal t\u00f6r\u00f6lje el a k\u00ednai v\u00e1llalatok, k\u00f6zt\u00fck a Huawei elleni szankci\u00f3kat az Egyes\u00fclt \u00c1llamok, \u00e9s t\u00f6rekedjen a k\u00ednai-amerikai kapcsolatok eg\u00e9szs\u00e9ges fejl\u0151d\u00e9s\u00e9re &#8211; jelentette ki Kao Feng a k\u00ednai kereskedelmi miniszt\u00e9rium sz\u00f3viv\u0151je cs\u00fct\u00f6rt\u00f6ki sajt\u00f3t\u00e1j\u00e9koztat\u00f3j\u00e1n. <\/strong><!--more--><\/p>\n<div class=\"ads-in-post1\"><div id=\"gazdasagportal.hu_fullbanner_wideboard\"><\/div>\r\n<\/div>\n<p>    Kao hozz\u00e1tette: amikor Hszi Csin-ping k\u00ednai eln\u00f6k a m\u00falt h\u00e9ten telefonon besz\u00e9lt Donald Trump amerikai eln\u00f6kkel, szint\u00e9n abb\u00e9li rem\u00e9ny\u00e9t fejezte ki, hogy az Egyes\u00fclt \u00c1llamok igazs\u00e1gosan b\u00e1nik majd a k\u00ednai v\u00e1llalatokkal.<br \/>\n    A k\u00e9t orsz\u00e1g k\u00f6z\u00f6tti kereskedelmi h\u00e1bor\u00fa hev\u00e9ben az Egyes\u00fclt \u00c1llamok nemzetbiztons\u00e1gi szempontokra hivatkozva, de bizony\u00edt\u00e9kok el\u0151t\u00e1r\u00e1sa n\u00e9lk\u00fcl kiz\u00e1rta a Huawei k\u00ednai telekommunik\u00e1ci\u00f3s \u00f3r\u00e1sv\u00e1llalatot az \u00f6t\u00f6dik gener\u00e1ci\u00f3s mobilh\u00e1l\u00f3zati fejleszt\u00e9sekb\u0151l. Washington v\u00e1djai szerint a Huawei h\u00e1l\u00f3zati berendez\u00e9sei szoftveres hozz\u00e1f\u00e9r\u00e9st tudnak ny\u00fajtani az adatforgalomhoz a k\u00ednai h\u00edrszerz\u00e9s sz\u00e1m\u00e1ra.<br \/>\n    Az amerikai kereskedelmi miniszt\u00e9rium m\u00e1jus k\u00f6zep\u00e9n r\u00e1ad\u00e1sul feltette a Huaweit \u00e9s 68 le\u00e1nyv\u00e1llalat\u00e1t arra a feketelist\u00e1ra, amelyen az Egyes\u00fclt \u00c1llamok nemzetbiztons\u00e1g\u00e1ra vagy k\u00fclpolitikai \u00e9rdekeire potenci\u00e1lis vesz\u00e9lyt jelent\u0151 c\u00e9gek szerepelnek. Ezek a v\u00e1llalatok az amerikai korm\u00e1nyzat enged\u00e9lye n\u00e9lk\u00fcl nem v\u00e1s\u00e1rolhatnak alkatr\u00e9szeket vagy technol\u00f3gi\u00e1t amerikai c\u00e9gekt\u0151l.<br \/>\n<div class=\"ads-in-post2\"><script async src=\"https:\/\/pagead2.googlesyndication.com\/pagead\/js\/adsbygoogle.js\"><\/script>\r\n<ins class=\"adsbygoogle\"\r\n     style=\"display:block\"\r\n     data-ad-format=\"fluid\"\r\n     data-ad-layout-key=\"-6t+ed+2i-1n-4w\"\r\n     data-ad-client=\"ca-pub-1959107119989764\"\r\n     data-ad-slot=\"4008251320\"><\/ins>\r\n<script>\r\n     (adsbygoogle = window.adsbygoogle || []).push({});\r\n<\/script><\/div>\n    Az amerikai Bloomberg h\u00edr\u00fcgyn\u00f6ks\u00e9g szint\u00e9n cs\u00fct\u00f6rt\u00f6k\u00f6n jelentette, hogy inform\u00e1ci\u00f3 szerint az elm\u00falt \u00e9vekben a Huawei t\u00f6bb alkalmazottja vett r\u00e9szt a k\u00ednai hader\u0151 fejleszt\u00e9si projektjeiben. Szung Liu-ping a v\u00e1llalat jogi f\u0151tisztvisel\u0151je erre cs\u00fct\u00f6rt\u00f6ki sajt\u00f3t\u00e1j\u00e9koztat\u00f3j\u00e1n \u00fagy reag\u00e1lt: a Huawei civil kommunik\u00e1ci\u00f3s rendszerek, valamint inform\u00e1ci\u00f3s \u00e9s kommunik\u00e1ci\u00f3s technol\u00f3giai (IKT) megold\u00e1sok fejleszt\u00e9s\u00e9vel foglalkozik, \u00e9s nem szolg\u00e1ltat specifikus term\u00e9keket vagy v\u00e9gez kutat\u00e1st a hadsereg sz\u00e1m\u00e1ra&#8221;.<br \/>\n    A k\u00ednai kereskedelmi miniszt\u00e9rium az amerikai szankci\u00f3kra v\u00e1laszul m\u00e1jus v\u00e9g\u00e9n bejelentette, hogy list\u00e1t fog kiadni a &#8222;nem megb\u00edzhat\u00f3&#8221; gazdas\u00e1gi szerepl\u0151kr\u0151l, melyre olyan k\u00fclf\u00f6ldi c\u00e9gek, szervezetek \u00e9s szem\u00e9lyek ker\u00fclnek fel, akik a k\u00ednai v\u00e1llalatok jogait \u00e9s \u00e9rdekeit, valamint a nemzetbiztons\u00e1got vesz\u00e9lyeztetik.<br \/>\n    A k\u00ednai \u00e9s az amerikai eln\u00f6k szombaton Oszak\u00e1ban tal\u00e1lkozik egym\u00e1ssal, ahol mindketten a G20-as orsz\u00e1gcsoport cs\u00facstal\u00e1lkoz\u00f3j\u00e1n vesznek r\u00e9szt. Sajt\u00f3\u00e9rtes\u00fcl\u00e9sek szerint a k\u00e9t orsz\u00e1g ideiglenes t\u0171zsz\u00fcnetet k\u00f6t\u00f6tt a kereskedelmi h\u00e1bor\u00faban, melynek \u00e9rtelm\u00e9ben Trump eln\u00f6k egyel\u0151re v\u00e1rhat\u00f3an nem fogja bevezetni a fennmarad\u00f3 325 milli\u00e1rd doll\u00e1r \u00e9rt\u00e9k\u0171 k\u00ednai importcikkre a b\u00fcntet\u0151v\u00e1mokat. A k\u00e9t vezet\u0151 megbesz\u00e9l\u00e9se ugyan elemz\u0151k szerint nem kecsegtet meg\u00e1llapod\u00e1ssal, de &#8211; amennyiben hajland\u00f3k k\u00f6lcs\u00f6n\u00f6s engedm\u00e9nyekre, &#8211; a m\u00e1jusban elakadt kereskedelmi t\u00e1rgyal\u00e1sok \u00fajraind\u00edt\u00e1s\u00e1t eredm\u00e9nyezheti.<br \/>\n    A Wall Street Journal cs\u00fct\u00f6rt\u00f6k\u00f6n k\u00ednai tisztvisel\u0151kre hivatkozva azt \u00edrta: Peking a Huawei elleni szankci\u00f3k felold\u00e1sa mellett a b\u00fcntet\u0151v\u00e1mok elt\u00f6rl\u00e9s\u00e9t v\u00e1rja Washingtont\u00f3l, tov\u00e1bb\u00e1 azt k\u00edv\u00e1nja el\u00e9rni, hogy az Egyes\u00fclt \u00c1llamok ne pr\u00f3b\u00e1lja ann\u00e1l t\u00f6bb amerikai term\u00e9k behozatal\u00e1ra k\u00f6telezni K\u00edn\u00e1t, mint amennyir\u0151l a k\u00e9t eln\u00f6k tavaly decemberi tal\u00e1lkoz\u00f3j\u00e1n meg\u00e1llapodott.(MTI)<\/p>\n","protected":false},"excerpt":{"rendered":"<p>Azonalli hat\u00e1llyal t\u00f6r\u00f6lje el a k\u00ednai v\u00e1llalatok, k\u00f6zt\u00fck a Huawei elleni szankci\u00f3kat az Egyes\u00fclt \u00c1llamok, \u00e9s t\u00f6rekedjen a k\u00ednai-amerikai kapcsolatok eg\u00e9szs\u00e9ges fejl\u0151d\u00e9s\u00e9re &#8211; jelentette ki Kao Feng a k\u00ednai kereskedelmi miniszt\u00e9rium sz\u00f3viv\u0151je cs\u00fct\u00f6rt\u00f6ki sajt\u00f3t\u00e1j\u00e9koztat\u00f3j\u00e1n.<\/p>\n","protected":false},"author":1,"featured_media":0,"comment_status":"closed","ping_status":"open","sticky":false,"template":"","format":"standard","meta":[],"categories":[13,14,246],"tags":[],"_links":{"self":[{"href":"https:\/\/gazdasagportal.hu\/index.php\/wp-json\/wp\/v2\/posts\/117185"}],"collection":[{"href":"https:\/\/gazdasagportal.hu\/index.php\/wp-json\/wp\/v2\/posts"}],"about":[{"href":"https:\/\/gazdasagportal.hu\/index.php\/wp-json\/wp\/v2\/types\/post"}],"author":[{"embeddable":true,"href":"https:\/\/gazdasagportal.hu\/index.php\/wp-json\/wp\/v2\/users\/1"}],"replies":[{"embeddable":true,"href":"https:\/\/gazdasagportal.hu\/index.php\/wp-json\/wp\/v2\/comments?post=117185"}],"version-history":[{"count":1,"href":"https:\/\/gazdasagportal.hu\/index.php\/wp-json\/wp\/v2\/posts\/117185\/revisions"}],"predecessor-version":[{"id":117186,"href":"https:\/\/gazdasagportal.hu\/index.php\/wp-json\/wp\/v2\/posts\/117185\/revisions\/117186"}],"wp:attachment":[{"href":"https:\/\/gazdasagportal.hu\/index.php\/wp-json\/wp\/v2\/media?parent=117185"}],"wp:term":[{"taxonomy":"category","embeddable":true,"href":"https:\/\/gazdasagportal.hu\/index.php\/wp-json\/wp\/v2\/categories?post=117185"},{"taxonomy":"post_tag","embeddable":true,"href":"https:\/\/gazdasagportal.hu\/index.php\/wp-json\/wp\/v2\/tags?post=117185"}],"curies":[{"name":"wp","href":"https:\/\/api.w.org\/{rel}","templated":true}]}}