{"id":117144,"date":"2019-06-26T04:24:40","date_gmt":"2019-06-26T02:24:40","guid":{"rendered":"http:\/\/gazdasagportal.hu\/?p=117144"},"modified":"2019-06-25T20:04:52","modified_gmt":"2019-06-25T18:04:52","slug":"az-egesz-orszagra-figyelmezteteseket-adott-ki-az-orszagos-meteorologiai-szolgalat","status":"publish","type":"post","link":"https:\/\/gazdasagportal.hu\/index.php\/az-egesz-orszagra-figyelmezteteseket-adott-ki-az-orszagos-meteorologiai-szolgalat\/","title":{"rendered":"Az eg\u00e9sz orsz\u00e1gra figyelmeztet\u00e9seket adott ki az Orsz\u00e1gos Meteorol\u00f3giai Szolg\u00e1lat"},"content":{"rendered":"<p><strong>A h\u0151s\u00e9g miatt szerd\u00e1ra m\u00e1r az eg\u00e9sz orsz\u00e1gra figyelmeztet\u00e9seket adott ki az Orsz\u00e1gos Meteorol\u00f3giai Szolg\u00e1lat.<\/strong><!--more--><\/p>\n<div class=\"ads-in-post1\"><div id=\"gazdasagportal.hu_fullbanner_wideboard\"><\/div>\r\n<\/div>\n<p>    Az MTI-hez eljuttatott vesz\u00e9lyjelz\u00e9s szerint Budapestre, Pest, Csongr\u00e1d, Fej\u00e9r, Gy\u0151r-Moson-Sopron, Kom\u00e1rom-Esztergom \u00e9s Veszpr\u00e9m megy\u00e9re m\u00e1sodfok\u00fa, az orsz\u00e1g t\u00f6bbi ter\u00fclet\u00e9re els\u0151fok\u00fa figyelmeztet\u00e9st adtak ki.<br \/>\n    Felh\u00edvt\u00e1k a figyelmet tov\u00e1bb\u00e1 arra, hogy az UV-B-sug\u00e1rz\u00e1s maximuma is el\u00e9rheti a nagyon er\u0151s szintet.<br \/>\n<div class=\"ads-in-post2\"><script async src=\"https:\/\/pagead2.googlesyndication.com\/pagead\/js\/adsbygoogle.js\"><\/script>\r\n<ins class=\"adsbygoogle\"\r\n     style=\"display:block\"\r\n     data-ad-format=\"fluid\"\r\n     data-ad-layout-key=\"-6t+ed+2i-1n-4w\"\r\n     data-ad-client=\"ca-pub-1959107119989764\"\r\n     data-ad-slot=\"4008251320\"><\/ins>\r\n<script>\r\n     (adsbygoogle = window.adsbygoogle || []).push({});\r\n<\/script><\/div>\n    Az el\u0151rejelz\u00e9s szerint szerd\u00e1n a legalacsonyabb h\u0151m\u00e9rs\u00e9klet 16 \u00e9s 22 fok k\u00f6z\u00f6tt alakul, de az \u00e9szaki v\u00f6lgyekben n\u00e9h\u00e1ny fokkal h\u0171v\u00f6sebb is lehet. A legmagasabb nappali h\u0151m\u00e9rs\u00e9klet 32 \u00e9s 35 fok k\u00f6z\u00f6tt v\u00e1rhat\u00f3.(MTI)<\/p>\n","protected":false},"excerpt":{"rendered":"<p>A h\u0151s\u00e9g miatt szerd\u00e1ra m\u00e1r az eg\u00e9sz orsz\u00e1gra figyelmeztet\u00e9seket adott ki az Orsz\u00e1gos Meteorol\u00f3giai Szolg\u00e1lat.<\/p>\n","protected":false},"author":1,"featured_media":0,"comment_status":"closed","ping_status":"open","sticky":false,"template":"","format":"standard","meta":[],"categories":[4],"tags":[],"_links":{"self":[{"href":"https:\/\/gazdasagportal.hu\/index.php\/wp-json\/wp\/v2\/posts\/117144"}],"collection":[{"href":"https:\/\/gazdasagportal.hu\/index.php\/wp-json\/wp\/v2\/posts"}],"about":[{"href":"https:\/\/gazdasagportal.hu\/index.php\/wp-json\/wp\/v2\/types\/post"}],"author":[{"embeddable":true,"href":"https:\/\/gazdasagportal.hu\/index.php\/wp-json\/wp\/v2\/users\/1"}],"replies":[{"embeddable":true,"href":"https:\/\/gazdasagportal.hu\/index.php\/wp-json\/wp\/v2\/comments?post=117144"}],"version-history":[{"count":1,"href":"https:\/\/gazdasagportal.hu\/index.php\/wp-json\/wp\/v2\/posts\/117144\/revisions"}],"predecessor-version":[{"id":117145,"href":"https:\/\/gazdasagportal.hu\/index.php\/wp-json\/wp\/v2\/posts\/117144\/revisions\/117145"}],"wp:attachment":[{"href":"https:\/\/gazdasagportal.hu\/index.php\/wp-json\/wp\/v2\/media?parent=117144"}],"wp:term":[{"taxonomy":"category","embeddable":true,"href":"https:\/\/gazdasagportal.hu\/index.php\/wp-json\/wp\/v2\/categories?post=117144"},{"taxonomy":"post_tag","embeddable":true,"href":"https:\/\/gazdasagportal.hu\/index.php\/wp-json\/wp\/v2\/tags?post=117144"}],"curies":[{"name":"wp","href":"https:\/\/api.w.org\/{rel}","templated":true}]}}