{"id":117136,"date":"2019-06-25T16:42:41","date_gmt":"2019-06-25T14:42:41","guid":{"rendered":"http:\/\/gazdasagportal.hu\/?p=117136"},"modified":"2019-06-25T13:37:55","modified_gmt":"2019-06-25T11:37:55","slug":"fenntarthato-zold-beruhazasokkal-es-kkv-kal-erosit-a-nemzetkozi-beruhazasi-bank","status":"publish","type":"post","link":"https:\/\/gazdasagportal.hu\/index.php\/fenntarthato-zold-beruhazasokkal-es-kkv-kal-erosit-a-nemzetkozi-beruhazasi-bank\/","title":{"rendered":"Fenntarthat\u00f3, z\u00f6ld beruh\u00e1z\u00e1sokkal \u00e9s KKV-kal er\u0151s\u00edt a Nemzetk\u00f6zi Beruh\u00e1z\u00e1si Bank"},"content":{"rendered":"<p><strong>Budapestre k\u00f6lt\u00f6z\u00f6tt a Nemzetk\u00f6zi Beruh\u00e1z\u00e1si Bank (NBB), \u00e9s ezzel l\u00e9tre j\u00f6tt az els\u0151 k\u00f6z\u00e9p-kelet eur\u00f3pai k\u00f6zpont\u00fa fejleszt\u00e9si bank. A bank r\u00e9gi\u00f3s \u00e9s hazai tev\u00e9kenys\u00e9g\u00e9nek k\u00f6z\u00e9ppontj\u00e1ban a fenntarthat\u00f3, z\u00f6ld beruh\u00e1z\u00e1sok t\u00e1mogat\u00e1sa \u00e1ll majd, a tag\u00e1llamok k\u00f6z\u00f6tti gazdas\u00e1gi kapcsolatok er\u0151s\u00edt\u00e9se mellett, mondta Nyikolaj Koszov, az NBB eln\u00f6ke a bank sajt\u00f3esem\u00e9ny\u00e9n.\u00a0<\/strong><!--more--><\/p>\n<div class=\"ads-in-post1\"><div id=\"gazdasagportal.hu_fullbanner_wideboard\"><\/div>\r\n<\/div>\n<p><strong>Strat\u00e9gia \u00e9s tervek<\/strong><\/p>\n<p>A Budapestre k\u00f6lt\u00f6z\u00e9ssel a bank c\u00e9lja, hogy l\u00e9trehozza K\u00f6z\u00e9p-Kelet Eur\u00f3pa els\u0151 \u00e9s ezid\u00e1ig egyetlen nemzetk\u00f6zi fejleszt\u00e9si bankj\u00e1t k\u00f6z\u00e9p-kelet eur\u00f3pai sz\u00e9khellyel. Ezt szolg\u00e1lja az a t\u00e9ny is, hogy az EU-tag\u00e1llamoknak t\u00f6bbs\u00e9gi r\u00e9szesed\u00e9se \u00e9s szavazati joga van a Nemzetk\u00f6zi Beruh\u00e1z\u00e1si Bankban.\u00a0 Mindemelett a kihelyezett hitelek t\u00f6bb, mint 50 sz\u00e1zal\u00e9ka jelenleg is EU-s projektekhez k\u00f6thet\u0151, \u00e9s a bank abban b\u00edzik, hogy a k\u00f6lt\u00f6z\u00e9st k\u00f6vet\u0151en ez az ar\u00e1ny tov\u00e1bb n\u00f6vekszik Fontos megeml\u00edteni azt is, hogy a k\u00e9t, vagy t\u00f6bb EU tag\u00e1llam \u00e9rdekeit szolg\u00e1l\u00f3 integr\u00e1lt kezdem\u00e9nyez\u00e9sek a portfoli\u00f3 mintegy 35 %-\u00e1t teszik ki, \u00e9s az ar\u00e1ny folyamatosan n\u0151.<\/p><div id=\"gazda-759383545\" class=\"gazda-tartalomban gazda-entity-placement\"><script async src=\"https:\/\/pagead2.googlesyndication.com\/pagead\/js\/adsbygoogle.js\"><\/script>\r\n<ins class=\"adsbygoogle\"\r\n     style=\"display:block\"\r\n     data-ad-format=\"fluid\"\r\n     data-ad-layout-key=\"-6t+ed+2i-1n-4w\"\r\n     data-ad-client=\"ca-pub-1959107119989764\"\r\n     data-ad-slot=\"4008251320\"><\/ins>\r\n<script>\r\n     (adsbygoogle = window.adsbygoogle || []).push({});\r\n<\/script><\/div>\n<p>Az NBB vezet\u0151i kiemelt\u00e9k, hogy tov\u00e1bbra is a strat\u00e9giai, kiemelt ter\u00fcleteken k\u00edv\u00e1nnak befektetni. A hangs\u00faly a fenntarthat\u00f3s\u00e1gon, a z\u00f6ld, meg\u00fajul\u00f3 energi\u00e1n, valamint az ilyen ter\u00fcleten tev\u00e9kenyked\u0151 KKV-k finansz\u00edroz\u00e1s\u00e1n lesz, a hossz\u00fat\u00e1v\u00fa fenntarthat\u00f3 fejl\u0151d\u00e9s \u00e9rdek\u00e9ben. Ami az ipar\u00e1gakat illeti, az infrastrukt\u00fara, energia, \u00e9lelmiszer \u00e9s a mez\u0151gazdas\u00e1g lesznek a f\u0151 ter\u00fcletek haz\u00e1nkban \u00e9s a r\u00e9gi\u00f3ban is.<\/p>\n<p>\u201cA fenntarthat\u00f3 \u00e9s z\u00f6ld kezdem\u00e9nyez\u00e9sek mellett az \u00e1tl\u00e1that\u00f3s\u00e1g is \u00fczleti tev\u00e9kenys\u00e9g\u00fcnk elengedhetetlen r\u00e9sz\u00e9t k\u00e9pezi. Egy p\u00e1rbesz\u00e9dre k\u00e9sz, nyitott int\u00e9zm\u00e9ny vagyunk. B\u00edzunk benne, hogy a budapesti k\u00f6zpont nem csak arra ad lehet\u0151s\u00e9get, hogy n\u00f6vekedj\u00fcnk, hanem hozz\u00e1j\u00e1rulhatunk a tag\u00e1llamaink nemzetgazdas\u00e1gi versenyk\u00e9pess\u00e9g\u00e9nek fejleszt\u00e9s\u00e9hez is\u201d \u2013 mondta Nyikolaj Koszov, az NBB eln\u00f6ke.<br \/>\n<div class=\"ads-in-post2\"><script async src=\"https:\/\/pagead2.googlesyndication.com\/pagead\/js\/adsbygoogle.js\"><\/script>\r\n<ins class=\"adsbygoogle\"\r\n     style=\"display:block\"\r\n     data-ad-format=\"fluid\"\r\n     data-ad-layout-key=\"-6t+ed+2i-1n-4w\"\r\n     data-ad-client=\"ca-pub-1959107119989764\"\r\n     data-ad-slot=\"4008251320\"><\/ins>\r\n<script>\r\n     (adsbygoogle = window.adsbygoogle || []).push({});\r\n<\/script><\/div>\n<p><strong>Mi sz\u00f3lt a k\u00f6lt\u00f6z\u00e9s mellett?<\/strong><\/p>\n<p>Az NBB egy egyed\u00fcl\u00e1ll\u00f3 r\u00e9szv\u00e9nyesi strukt\u00far\u00e1val \u00e9s \u00fczleti modellel rendelkez\u0151 dinamikusan fejl\u0151d\u0151 fejleszt\u00e9si bank. A budapesti k\u00f6zpont kialak\u00edt\u00e1s\u00e1t egyhang\u00falag t\u00e1mogatta a bank igazgat\u00f3tan\u00e1csa, valamint Varga Mih\u00e1ly nemzetgazdas\u00e1gi miniszter is \u00fcdv\u00f6z\u00f6lte. A budapesti k\u00f6zpont sz\u00e1mos el\u0151nnyel j\u00e1r, mind az NBB, mind a tag\u00e1llamok szempontj\u00e1b\u00f3l. T\u00f6bbek k\u00f6z\u00f6tt k\u00f6nnyebb lesz a hazai \u00e9s r\u00e9gi\u00f3s v\u00e1llalatok finansz\u00edroz\u00e1sa, \u00faj gazdas\u00e1gi lehet\u0151s\u00e9gek ny\u00edlnak meg, tov\u00e1bb b\u0151v\u00fclhet a hitelportfoli\u00f3, \u00e9s nagyobb hangs\u00faly ker\u00fcl a fenntarthat\u00f3 fejl\u0151d\u00e9s el\u0151remozd\u00edt\u00e1s\u00e1ra is.<\/p>\n<p>&nbsp;<\/p>\n<p>&nbsp;<\/p>\n<p><strong>Nemzetk\u00f6zi Beruh\u00e1z\u00e1si Bank<\/strong><\/p>\n<p>A Nemzetk\u00f6zi Beruh\u00e1z\u00e1si Bank (NBB) egy multilater\u00e1lis p\u00e9nzint\u00e9zet, amely a t\u00e1rsadalmi \u00e9s gazdas\u00e1gi fejl\u0151d\u00e9st \u00e9s a tag\u00e1llamok k\u00f6z\u00f6tti gazdas\u00e1gi egy\u00fcttm\u0171k\u00f6d\u00e9st k\u00edv\u00e1nja el\u0151seg\u00edteni. Az NBB els\u0151sorban KKV-k sz\u00e1m\u00e1ra ny\u00fajt t\u00e1mogat\u00e1st jelent\u0151s t\u00e1rsadalmi fontoss\u00e1g\u00fa kezdem\u00e9nyez\u00e9sekben. A Bank tag\u00e1llamai: Bulg\u00e1ria, Magyarorsz\u00e1g, Vietn\u00e1m, Kuba, Mong\u00f3lia, Oroszorsz\u00e1g, Szlov\u00e1kia \u00e9s Csehorsz\u00e1g.<\/p>\n","protected":false},"excerpt":{"rendered":"<p>Budapestre k\u00f6lt\u00f6z\u00f6tt a Nemzetk\u00f6zi Beruh\u00e1z\u00e1si Bank (NBB), \u00e9s ezzel l\u00e9tre j\u00f6tt az els\u0151 k\u00f6z\u00e9p-kelet eur\u00f3pai k\u00f6zpont\u00fa fejleszt\u00e9si bank. A bank r\u00e9gi\u00f3s \u00e9s hazai tev\u00e9kenys\u00e9g\u00e9nek k\u00f6z\u00e9ppontj\u00e1ban a fenntarthat\u00f3, z\u00f6ld beruh\u00e1z\u00e1sok t\u00e1mogat\u00e1sa \u00e1ll majd, a tag\u00e1llamok k\u00f6z\u00f6tti gazdas\u00e1gi kapcsolatok er\u0151s\u00edt\u00e9se mellett, mondta Nyikolaj Koszov, az NBB eln\u00f6ke a bank sajt\u00f3esem\u00e9ny\u00e9n.\u00a0<\/p>\n","protected":false},"author":1,"featured_media":0,"comment_status":"closed","ping_status":"open","sticky":false,"template":"","format":"standard","meta":[],"categories":[19,246],"tags":[],"_links":{"self":[{"href":"https:\/\/gazdasagportal.hu\/index.php\/wp-json\/wp\/v2\/posts\/117136"}],"collection":[{"href":"https:\/\/gazdasagportal.hu\/index.php\/wp-json\/wp\/v2\/posts"}],"about":[{"href":"https:\/\/gazdasagportal.hu\/index.php\/wp-json\/wp\/v2\/types\/post"}],"author":[{"embeddable":true,"href":"https:\/\/gazdasagportal.hu\/index.php\/wp-json\/wp\/v2\/users\/1"}],"replies":[{"embeddable":true,"href":"https:\/\/gazdasagportal.hu\/index.php\/wp-json\/wp\/v2\/comments?post=117136"}],"version-history":[{"count":1,"href":"https:\/\/gazdasagportal.hu\/index.php\/wp-json\/wp\/v2\/posts\/117136\/revisions"}],"predecessor-version":[{"id":117137,"href":"https:\/\/gazdasagportal.hu\/index.php\/wp-json\/wp\/v2\/posts\/117136\/revisions\/117137"}],"wp:attachment":[{"href":"https:\/\/gazdasagportal.hu\/index.php\/wp-json\/wp\/v2\/media?parent=117136"}],"wp:term":[{"taxonomy":"category","embeddable":true,"href":"https:\/\/gazdasagportal.hu\/index.php\/wp-json\/wp\/v2\/categories?post=117136"},{"taxonomy":"post_tag","embeddable":true,"href":"https:\/\/gazdasagportal.hu\/index.php\/wp-json\/wp\/v2\/tags?post=117136"}],"curies":[{"name":"wp","href":"https:\/\/api.w.org\/{rel}","templated":true}]}}